{"id":10447,"date":"2013-03-09T19:00:29","date_gmt":"2013-03-09T18:00:29","guid":{"rendered":"http:\/\/www.levriers-du-sud.org\/site\/?p=10447"},"modified":"2015-09-14T22:16:26","modified_gmt":"2015-09-14T20:16:26","slug":"harina","status":"publish","type":"post","link":"https:\/\/www.levriers-du-sud.org\/site\/09\/03\/2013\/harina\/","title":{"rendered":"Harina &#8230;adopt\u00e9e"},"content":{"rendered":"<p><strong>Type <\/strong>:podenco portugais<br \/>\n<strong>Sexe :<\/strong>femelle<br \/>\n<strong>Age :<\/strong> 06\/2009<br \/>\n<strong>Sant\u00e9 :<\/strong>st\u00e9rilis\u00e9e, n\u00e9gative aux 3MM<\/p>\n<p><strong>Harina restera finalement dans sa famille!!<br \/>\n<\/strong><\/p>\n<p><strong>Commentaire :<\/strong><br \/>\nHarina c&rsquo;est moi, je m&rsquo;appelle Farine (en Fran\u00e7ais) du a ma jolie robe blanche toute en \u00e9pi&#8230;.J&rsquo;ai \u00e9t\u00e9 trouv\u00e9 par une jeune fille dans la rue&#8230;Et mis a l&rsquo;abri dans son garage le temps de trouver une solution pour moi&#8230;Mon pass\u00e9 est inscrit dans mes yeux ,la peur d\u00e8s que l&rsquo;on prend une casserole ,la peur quand un \u00ab\u00a0homme \u00a0\u00bb et pas une femme veut me carresser ,la peur quand des \u00e9trangers viennent \u00e0 la maison&#8230;<br \/>\nJe resterais sans doute une chienne craintive parce que mon \u00e2me au plus profond ne pourra pas \u00eatre totalement gu\u00e9rie..Je suis curieuse de tout et regarde tout ce que l&rsquo;on fait pour accompagner et savourer la pr\u00e9sence quand m\u00eame rassurante de l&rsquo;homme qui m&rsquo;ouvrira son coeur. La peur est le maitre mot de ma vie mais la volont\u00e9 de d\u00e9passer cela ne tient qu&rsquo;a la patience que l&rsquo;on voudra bien accorder \u00e0 cet \u00e9tat de fait.\u00a0 Je suis un chien d&rsquo;Espagne pays o\u00f9 la maltraitance animale fait lois et pour \u00e7a je demande \u00e0 mes futurs adoptants de comprendre cela&#8230;<\/p>\n<p>Aujourd&rsquo;hui les personnes qui m&rsquo;ont ouvert leur porte ne pensaient pas que mon traumatisme \u00e9tait aussi important et ils souhaitaient un chien que l&rsquo;on puisse emmener partout et ce qui ne sera jamais le cas pour moi. Alors si vous \u00eates cette personne qui prendra le temps de me faire passer mes peurs et bien je serais la chienne de votre vie parce que je peux vous assurer qu&rsquo;un chien trauma qui fait confiance ne le fait pas pour rien, vous serez ma lumi\u00e8re, celle vers qui je veux aller sans encore en avoir le courage&#8230;<\/p>\n<p>Juste une chose je suis vive et sportive et par peur j&rsquo;ai tendance a aboyer&#8230;Mais ma carri\u00e8re de \u00ab\u00a0soprano\u00a0\u00bb pourra \u00eatre corriger d\u00e8s que mes peurs dispara\u00eetront&#8230;.<\/p>\n<p><strong>Parrain\u00e9e par Marie Claude HM 100 euros + 100 euros<\/strong><\/p>\n<p><a href=\"http:\/\/www.levriers-du-sud.org\/site\/wp-content\/uploads\/2013\/02\/DSCN5467.jpg\"><img loading=\"lazy\" decoding=\"async\" class=\"alignnone size-full wp-image-20508\" src=\"http:\/\/www.levriers-du-sud.org\/site\/wp-content\/uploads\/2013\/02\/DSCN5467.jpg\" alt=\"DSCN5467\" width=\"255\" height=\"258\" \/><\/a> <a href=\"http:\/\/www.levriers-du-sud.org\/site\/wp-content\/uploads\/2013\/02\/DSCN5478.jpg\"><img loading=\"lazy\" decoding=\"async\" class=\"alignnone size-medium wp-image-20509\" src=\"http:\/\/www.levriers-du-sud.org\/site\/wp-content\/uploads\/2013\/02\/DSCN5478.jpg\" alt=\"DSCN5478\" width=\"280\" height=\"259\" \/><\/a><!--more--><a href=\"http:\/\/www.levriers-du-sud.org\/site\/wp-content\/uploads\/2013\/02\/DSCN5512.jpg\"><img loading=\"lazy\" decoding=\"async\" class=\"alignnone size-medium wp-image-20511\" src=\"http:\/\/www.levriers-du-sud.org\/site\/wp-content\/uploads\/2013\/02\/DSCN5512-225x300.jpg\" alt=\"DSCN5512\" width=\"225\" height=\"300\" srcset=\"https:\/\/www.levriers-du-sud.org\/site\/wp-content\/uploads\/2013\/02\/DSCN5512-225x300.jpg 225w, https:\/\/www.levriers-du-sud.org\/site\/wp-content\/uploads\/2013\/02\/DSCN5512.jpg 280w\" sizes=\"auto, (max-width: 225px) 100vw, 225px\" \/><\/a> <a href=\"http:\/\/www.levriers-du-sud.org\/site\/wp-content\/uploads\/2013\/02\/DSCN5504.jpg\"><img loading=\"lazy\" decoding=\"async\" class=\"alignnone size-medium wp-image-20510\" src=\"http:\/\/www.levriers-du-sud.org\/site\/wp-content\/uploads\/2013\/02\/DSCN5504-274x300.jpg\" alt=\"DSCN5504\" width=\"274\" height=\"300\" srcset=\"https:\/\/www.levriers-du-sud.org\/site\/wp-content\/uploads\/2013\/02\/DSCN5504-274x300.jpg 274w, https:\/\/www.levriers-du-sud.org\/site\/wp-content\/uploads\/2013\/02\/DSCN5504.jpg 280w\" sizes=\"auto, (max-width: 274px) 100vw, 274px\" \/><\/a><\/p>\n<p><img loading=\"lazy\" decoding=\"async\" class=\"alignnone size-medium wp-image-19872\" src=\"http:\/\/www.levriers-du-sud.org\/site\/wp-content\/uploads\/2012\/12\/harina-jan3-300x225.jpg\" alt=\"harina jan3\" width=\"280\" height=\"210\" srcset=\"https:\/\/www.levriers-du-sud.org\/site\/wp-content\/uploads\/2012\/12\/harina-jan3-300x225.jpg 300w, https:\/\/www.levriers-du-sud.org\/site\/wp-content\/uploads\/2012\/12\/harina-jan3.jpg 800w\" sizes=\"auto, (max-width: 280px) 100vw, 280px\" \/>\u00a0<img loading=\"lazy\" decoding=\"async\" class=\"alignnone size-medium wp-image-19873\" src=\"http:\/\/www.levriers-du-sud.org\/site\/wp-content\/uploads\/2012\/12\/harina-jan4-300x225.jpg\" alt=\"harina jan4\" width=\"279\" height=\"209\" srcset=\"https:\/\/www.levriers-du-sud.org\/site\/wp-content\/uploads\/2012\/12\/harina-jan4-300x225.jpg 300w, https:\/\/www.levriers-du-sud.org\/site\/wp-content\/uploads\/2012\/12\/harina-jan4.jpg 800w\" sizes=\"auto, (max-width: 279px) 100vw, 279px\" \/><\/p>\n<p><img loading=\"lazy\" decoding=\"async\" class=\"alignnone size-medium wp-image-19874\" src=\"http:\/\/www.levriers-du-sud.org\/site\/wp-content\/uploads\/2012\/12\/harina-jan6-212x300.jpg\" alt=\"harina jan6\" width=\"212\" height=\"300\" srcset=\"https:\/\/www.levriers-du-sud.org\/site\/wp-content\/uploads\/2012\/12\/harina-jan6-212x300.jpg 212w, https:\/\/www.levriers-du-sud.org\/site\/wp-content\/uploads\/2012\/12\/harina-jan6-726x1024.jpg 726w, https:\/\/www.levriers-du-sud.org\/site\/wp-content\/uploads\/2012\/12\/harina-jan6.jpg 944w\" sizes=\"auto, (max-width: 212px) 100vw, 212px\" \/> <img loading=\"lazy\" decoding=\"async\" class=\"alignnone size-medium wp-image-19876\" src=\"http:\/\/www.levriers-du-sud.org\/site\/wp-content\/uploads\/2012\/12\/harina-tt-300x300.jpg\" alt=\"harina tt\" width=\"300\" height=\"300\" srcset=\"https:\/\/www.levriers-du-sud.org\/site\/wp-content\/uploads\/2012\/12\/harina-tt-300x300.jpg 300w, https:\/\/www.levriers-du-sud.org\/site\/wp-content\/uploads\/2012\/12\/harina-tt-150x150.jpg 150w, https:\/\/www.levriers-du-sud.org\/site\/wp-content\/uploads\/2012\/12\/harina-tt.jpg 800w\" sizes=\"auto, (max-width: 300px) 100vw, 300px\" \/><\/p>\n<p><strong><img loading=\"lazy\" decoding=\"async\" class=\"alignnone size-full wp-image-16064\" title=\"harina mar\" src=\"http:\/\/www.levriers-du-sud.org\/site\/wp-content\/uploads\/2011\/11\/harina-mar.jpg\" alt=\"\" width=\"280\" height=\"403\" srcset=\"https:\/\/www.levriers-du-sud.org\/site\/wp-content\/uploads\/2011\/11\/harina-mar.jpg 280w, https:\/\/www.levriers-du-sud.org\/site\/wp-content\/uploads\/2011\/11\/harina-mar-208x300.jpg 208w\" sizes=\"auto, (max-width: 280px) 100vw, 280px\" \/> <img loading=\"lazy\" decoding=\"async\" class=\"alignnone size-full wp-image-16065\" title=\"harina dd\" src=\"http:\/\/www.levriers-du-sud.org\/site\/wp-content\/uploads\/2011\/11\/harina-dd.jpg\" alt=\"\" width=\"280\" height=\"210\" \/><br \/>\n<\/strong><\/p>\n<p><img loading=\"lazy\" decoding=\"async\" class=\"alignnone size-full wp-image-11025\" title=\"harina nov1\" src=\"http:\/\/www.levriers-du-sud.org\/site\/wp-content\/uploads\/2011\/10\/harina-nov1.jpg\" alt=\"\" width=\"280\" height=\"262\" \/> <img loading=\"lazy\" decoding=\"async\" class=\"alignnone size-medium wp-image-11026\" title=\"harina nov2\" src=\"http:\/\/www.levriers-du-sud.org\/site\/wp-content\/uploads\/2011\/10\/harina-nov2-225x300.jpg\" alt=\"\" width=\"199\" height=\"265\" srcset=\"https:\/\/www.levriers-du-sud.org\/site\/wp-content\/uploads\/2011\/10\/harina-nov2-225x300.jpg 225w, https:\/\/www.levriers-du-sud.org\/site\/wp-content\/uploads\/2011\/10\/harina-nov2.jpg 280w\" sizes=\"auto, (max-width: 199px) 100vw, 199px\" \/><\/p>\n<p><img loading=\"lazy\" decoding=\"async\" class=\"alignnone size-full wp-image-11027\" title=\"harina nov 4\" src=\"http:\/\/www.levriers-du-sud.org\/site\/wp-content\/uploads\/2011\/10\/harina-nov-4.jpg\" alt=\"\" width=\"280\" height=\"293\" \/> <img loading=\"lazy\" decoding=\"async\" class=\"alignnone size-full wp-image-11028\" title=\"harina nov3\" src=\"http:\/\/www.levriers-du-sud.org\/site\/wp-content\/uploads\/2011\/10\/harina-nov3.jpg\" alt=\"\" width=\"280\" height=\"210\" \/><\/p>\n<p>Encore une demande d&rsquo;aide de la clinique v\u00e9t\u00e9rinaire de Jaen. Cette chienne est abandon\u00e9e dans la rue, en chaleur&#8230; Elle est venue devant chez une jeune fille qui a voulu la mettre en s\u00e9curit\u00e9 mais elle ne peut plus la garder \u00e0 cause de sa famille. Nous l&rsquo;avons donc r\u00e9cup\u00e9r\u00e9.C&rsquo;est une chienne avec du caract\u00e8re, assez vive, mais toujours \u00e0 la recherche de calins. C&rsquo;est un grand mod\u00e8le, elle a besoin d&rsquo;un jardin et d&rsquo;une personne sportive pour s&rsquo;en occuper. C&rsquo;est une chienne adorable et sociable, elle est \u00ab\u00a0invisible\u00a0\u00bb h\u00e9las&#8230;.<\/p>\n<p><strong><img loading=\"lazy\" decoding=\"async\" class=\"alignnone size-medium wp-image-10538\" title=\"Harina -3-\" src=\"http:\/\/www.levriers-du-sud.org\/site\/wp-content\/uploads\/2011\/10\/Harina-3--298x300.jpg\" alt=\"\" width=\"248\" height=\"249\" srcset=\"https:\/\/www.levriers-du-sud.org\/site\/wp-content\/uploads\/2011\/10\/Harina-3--298x300.jpg 298w, https:\/\/www.levriers-du-sud.org\/site\/wp-content\/uploads\/2011\/10\/Harina-3--150x150.jpg 150w, https:\/\/www.levriers-du-sud.org\/site\/wp-content\/uploads\/2011\/10\/Harina-3--1019x1024.jpg 1019w, https:\/\/www.levriers-du-sud.org\/site\/wp-content\/uploads\/2011\/10\/Harina-3-.jpg 1258w\" sizes=\"auto, (max-width: 248px) 100vw, 248px\" \/> <img loading=\"lazy\" decoding=\"async\" class=\"alignnone size-full wp-image-10539\" title=\"Harina -1-\" src=\"http:\/\/www.levriers-du-sud.org\/site\/wp-content\/uploads\/2011\/10\/Harina-1-.jpg\" alt=\"\" width=\"295\" height=\"247\" \/><br \/>\n<\/strong><\/p>\n<p>&nbsp;<\/p>\n<p><strong><br \/>\n<img loading=\"lazy\" decoding=\"async\" class=\"alignnone size-full wp-image-10449\" title=\"harina2\" src=\"http:\/\/www.levriers-du-sud.org\/site\/wp-content\/uploads\/2011\/10\/harina2.jpg\" alt=\"\" width=\"280\" height=\"210\" \/>\u00a0<img loading=\"lazy\" decoding=\"async\" class=\"alignnone size-full wp-image-10450\" title=\"harina\" src=\"http:\/\/www.levriers-du-sud.org\/site\/wp-content\/uploads\/2011\/10\/harina.jpg\" alt=\"\" width=\"280\" height=\"210\" \/><\/strong><\/p>\n<p><strong><!--more--><img loading=\"lazy\" decoding=\"async\" class=\"alignnone size-full wp-image-10451\" title=\"harina6\" src=\"http:\/\/www.levriers-du-sud.org\/site\/wp-content\/uploads\/2011\/10\/harina6.jpg\" alt=\"\" width=\"280\" height=\"210\" \/>\u00a0<img loading=\"lazy\" decoding=\"async\" class=\"alignnone size-full wp-image-10452\" title=\"harina1\" src=\"http:\/\/www.levriers-du-sud.org\/site\/wp-content\/uploads\/2011\/10\/harina1.jpg\" alt=\"\" width=\"280\" height=\"210\" \/> <\/strong><\/p>\n","protected":false},"excerpt":{"rendered":"<p>Type :podenco portugais Sexe :femelle Age : 06\/2009 Sant\u00e9 :st\u00e9rilis\u00e9e, n\u00e9gative aux 3MM Harina restera finalement dans sa famille!! Commentaire : Harina c&rsquo;est moi, je m&rsquo;appelle Farine (en Fran\u00e7ais) du a ma jolie robe blanche toute en \u00e9pi&#8230;.J&rsquo;ai \u00e9t\u00e9 trouv\u00e9 par une jeune fille dans la rue&#8230;Et mis a l&rsquo;abri dans son garage le temps [&hellip;]<\/p>\n","protected":false},"author":1,"featured_media":0,"comment_status":"closed","ping_status":"open","sticky":false,"template":"","format":"standard","meta":{"footnotes":""},"categories":[14,13,20],"tags":[],"class_list":["post-10447","post","type-post","status-publish","format-standard","hentry","category-ok-chats","category-ok-chiens","category-podencos-adoptes"],"aioseo_notices":[],"_links":{"self":[{"href":"https:\/\/www.levriers-du-sud.org\/site\/wp-json\/wp\/v2\/posts\/10447","targetHints":{"allow":["GET"]}}],"collection":[{"href":"https:\/\/www.levriers-du-sud.org\/site\/wp-json\/wp\/v2\/posts"}],"about":[{"href":"https:\/\/www.levriers-du-sud.org\/site\/wp-json\/wp\/v2\/types\/post"}],"author":[{"embeddable":true,"href":"https:\/\/www.levriers-du-sud.org\/site\/wp-json\/wp\/v2\/users\/1"}],"replies":[{"embeddable":true,"href":"https:\/\/www.levriers-du-sud.org\/site\/wp-json\/wp\/v2\/comments?post=10447"}],"version-history":[{"count":19,"href":"https:\/\/www.levriers-du-sud.org\/site\/wp-json\/wp\/v2\/posts\/10447\/revisions"}],"predecessor-version":[{"id":32551,"href":"https:\/\/www.levriers-du-sud.org\/site\/wp-json\/wp\/v2\/posts\/10447\/revisions\/32551"}],"wp:attachment":[{"href":"https:\/\/www.levriers-du-sud.org\/site\/wp-json\/wp\/v2\/media?parent=10447"}],"wp:term":[{"taxonomy":"category","embeddable":true,"href":"https:\/\/www.levriers-du-sud.org\/site\/wp-json\/wp\/v2\/categories?post=10447"},{"taxonomy":"post_tag","embeddable":true,"href":"https:\/\/www.levriers-du-sud.org\/site\/wp-json\/wp\/v2\/tags?post=10447"}],"curies":[{"name":"wp","href":"https:\/\/api.w.org\/{rel}","templated":true}]}}