{"id":10858,"date":"2011-11-08T10:00:23","date_gmt":"2011-11-08T09:00:23","guid":{"rendered":"http:\/\/www.levriers-du-sud.org\/site\/?p=10858"},"modified":"2011-11-08T10:57:11","modified_gmt":"2011-11-08T09:57:11","slug":"voyage-j-8","status":"publish","type":"post","link":"https:\/\/www.levriers-du-sud.org\/site\/08\/11\/2011\/voyage-j-8\/","title":{"rendered":"Voyage &#8230; d\u00e9part"},"content":{"rendered":"<p>Je rappelle aussi que le site ne sera donc pas mis \u00e0 jour de mardi \u00e0 samedi, et que les commentaires ne seront pas valid\u00e9s. Donc autant attendre samedi pour poster !!<\/p>\n<p>Christine Trouyet et Isabelle Guillen ne seront donc pas disponibles pour vous r\u00e9pondre durant ces 5 jours. Contactez un autre d\u00e9l\u00e9gu\u00e9 pour tout renseignement<\/p>\n<p>Le camin est charg\u00e9, encore un arr\u00eat en cours de route pour r\u00e9cup\u00e9rer du mat\u00e9riel !<\/p>\n<p><img loading=\"lazy\" decoding=\"async\" class=\"alignnone size-medium wp-image-10952\" title=\"dep nov\" src=\"http:\/\/www.levriers-du-sud.org\/site\/wp-content\/uploads\/2011\/11\/Photo0378-300x225.jpg\" alt=\"\" width=\"300\" height=\"225\" srcset=\"https:\/\/www.levriers-du-sud.org\/site\/wp-content\/uploads\/2011\/11\/Photo0378-300x225.jpg 300w, https:\/\/www.levriers-du-sud.org\/site\/wp-content\/uploads\/2011\/11\/Photo0378-1024x768.jpg 1024w\" sizes=\"auto, (max-width: 300px) 100vw, 300px\" \/> <img loading=\"lazy\" decoding=\"async\" class=\"alignnone size-medium wp-image-10953\" title=\"dep nov2\" src=\"http:\/\/www.levriers-du-sud.org\/site\/wp-content\/uploads\/2011\/11\/Photo0379-225x300.jpg\" alt=\"\" width=\"225\" height=\"300\" srcset=\"https:\/\/www.levriers-du-sud.org\/site\/wp-content\/uploads\/2011\/11\/Photo0379-225x300.jpg 225w, https:\/\/www.levriers-du-sud.org\/site\/wp-content\/uploads\/2011\/11\/Photo0379.jpg 400w\" sizes=\"auto, (max-width: 225px) 100vw, 225px\" \/><\/p>\n<p>merci<\/p>\n<p>***<\/p>\n<p>Les pr\u00e9paratifs du voyage sont en cours..<\/p>\n<p>Nous allons partir du 8 au 12 novembre prochain et nous allons descendre le mat\u00e9riel r\u00e9colt\u00e9 pour le refuge de Rosamaria \u00e0 Cadiz, puis \u00e0 Seville, chez Maria teresa \u00e0 Baeza et enfin \u00e0 celui de Cari \u00e0 Villarrobledo. En tout plus de 3600 kms \u00e0 parcourir. Le camion 12m3 sera bien rempli: couvertures, manteaux (pr\u00e8s de 200 pi\u00e8ces !), niches, m\u00e9dicaments, serviettes et draps, et bien sur croquettes, boites et friandises.<\/p>\n<p>Nous attendons le d\u00e9placement du refuge de Seville vers la Belgique pour leur remettre \u00e9galement les r\u00e9coltes de croquettes effectu\u00e9es dans l&rsquo;Oise par Christelle, et dans l&rsquo;Est par Solenne et Evelyne.<\/p>\n<p>Pour le moment, nous n&rsquo;avons pas beaucoup de chiens qui profiteront du voyage de retour, Galice la petite galga et Kenya sont les seules pr\u00e9vues \u00e0 ce jour.<\/p>\n<p>Alors, adoptants ou familles d&rsquo;accueil, positionnez vous !! On a encore la place pour remonter des toutous avant le froid.<\/p>\n<p>&nbsp;<\/p>\n","protected":false},"excerpt":{"rendered":"<p>Je rappelle aussi que le site ne sera donc pas mis \u00e0 jour de mardi \u00e0 samedi, et que les commentaires ne seront pas valid\u00e9s. Donc autant attendre samedi pour poster !! Christine Trouyet et Isabelle Guillen ne seront donc pas disponibles pour vous r\u00e9pondre durant ces 5 jours. Contactez un autre d\u00e9l\u00e9gu\u00e9 pour tout [&hellip;]<\/p>\n","protected":false},"author":1,"featured_media":0,"comment_status":"open","ping_status":"open","sticky":false,"template":"","format":"standard","meta":{"footnotes":""},"categories":[3],"tags":[],"class_list":["post-10858","post","type-post","status-publish","format-standard","hentry","category-infos-du-jour"],"aioseo_notices":[],"_links":{"self":[{"href":"https:\/\/www.levriers-du-sud.org\/site\/wp-json\/wp\/v2\/posts\/10858","targetHints":{"allow":["GET"]}}],"collection":[{"href":"https:\/\/www.levriers-du-sud.org\/site\/wp-json\/wp\/v2\/posts"}],"about":[{"href":"https:\/\/www.levriers-du-sud.org\/site\/wp-json\/wp\/v2\/types\/post"}],"author":[{"embeddable":true,"href":"https:\/\/www.levriers-du-sud.org\/site\/wp-json\/wp\/v2\/users\/1"}],"replies":[{"embeddable":true,"href":"https:\/\/www.levriers-du-sud.org\/site\/wp-json\/wp\/v2\/comments?post=10858"}],"version-history":[{"count":0,"href":"https:\/\/www.levriers-du-sud.org\/site\/wp-json\/wp\/v2\/posts\/10858\/revisions"}],"wp:attachment":[{"href":"https:\/\/www.levriers-du-sud.org\/site\/wp-json\/wp\/v2\/media?parent=10858"}],"wp:term":[{"taxonomy":"category","embeddable":true,"href":"https:\/\/www.levriers-du-sud.org\/site\/wp-json\/wp\/v2\/categories?post=10858"},{"taxonomy":"post_tag","embeddable":true,"href":"https:\/\/www.levriers-du-sud.org\/site\/wp-json\/wp\/v2\/tags?post=10858"}],"curies":[{"name":"wp","href":"https:\/\/api.w.org\/{rel}","templated":true}]}}