{"id":10879,"date":"2011-11-03T18:54:10","date_gmt":"2011-11-03T17:54:10","guid":{"rendered":"http:\/\/www.levriers-du-sud.org\/site\/?p=10879"},"modified":"2011-11-03T19:19:03","modified_gmt":"2011-11-03T18:19:03","slug":"cartes-aquarelles-claire-bauzet","status":"publish","type":"post","link":"https:\/\/www.levriers-du-sud.org\/site\/03\/11\/2011\/cartes-aquarelles-claire-bauzet\/","title":{"rendered":"Cartes aquarelles \u00ab\u00a0Claire Bauzet\u00a0\u00bb"},"content":{"rendered":"<p>Encore une fois, Claire Bauzet a mis son talent au service des galgos. Elle nous a gracieusement offert les droits d&rsquo;utilisation de ses aquarelles de galgos et nous avons \u00e9dit\u00e9 une s\u00e9rie de cartes postales 10&#215;15.<\/p>\n<p>merci Claire pour cette aide !! nous rappelons que la galerie de Claire Bauzet se trouve \u00e0 Andernos les Bains (33510)<\/p>\n<p><a href=\"http:\/\/bauzet.drouot-cotation-artistes-modernes-contemporains.com\/\">http:\/\/bauzet.drouot-cotation-artistes-modernes-contemporains.com\/<\/a><\/p>\n<p><strong>Le lot de 4 cartes (m\u00e9lang\u00e9es ou identiques, il suffit de me le pr\u00e9ciser \u00e0 la commande) : 4 euros, frais de port inclus<\/strong><\/p>\n<p>commande \u00e0 <a href=\"mailto:christrouyet@orange.fr\">christrouyet@orange.fr<\/a><\/p>\n<p><img loading=\"lazy\" decoding=\"async\" class=\"alignnone size-medium wp-image-10880\" title=\"claire podenco\" src=\"http:\/\/www.levriers-du-sud.org\/site\/wp-content\/uploads\/2011\/11\/SDC12054-300x245.jpg\" alt=\"\" width=\"256\" height=\"208\" srcset=\"https:\/\/www.levriers-du-sud.org\/site\/wp-content\/uploads\/2011\/11\/SDC12054-300x245.jpg 300w, https:\/\/www.levriers-du-sud.org\/site\/wp-content\/uploads\/2011\/11\/SDC12054-1024x836.jpg 1024w, https:\/\/www.levriers-du-sud.org\/site\/wp-content\/uploads\/2011\/11\/SDC12054.jpg 1800w\" sizes=\"auto, (max-width: 256px) 100vw, 256px\" \/>\u00a0<img loading=\"lazy\" decoding=\"async\" class=\"alignnone size-medium wp-image-10881\" title=\"galgp2\" src=\"http:\/\/www.levriers-du-sud.org\/site\/wp-content\/uploads\/2011\/11\/SDC11970-300x225.jpg\" alt=\"\" width=\"280\" height=\"210\" srcset=\"https:\/\/www.levriers-du-sud.org\/site\/wp-content\/uploads\/2011\/11\/SDC11970-300x225.jpg 300w, https:\/\/www.levriers-du-sud.org\/site\/wp-content\/uploads\/2011\/11\/SDC11970-1024x768.jpg 1024w, https:\/\/www.levriers-du-sud.org\/site\/wp-content\/uploads\/2011\/11\/SDC11970.jpg 1800w\" sizes=\"auto, (max-width: 280px) 100vw, 280px\" \/><\/p>\n<p><img loading=\"lazy\" decoding=\"async\" class=\"alignnone size-medium wp-image-10883\" title=\"galgo aquarelle3\" src=\"http:\/\/www.levriers-du-sud.org\/site\/wp-content\/uploads\/2011\/11\/SDC12040-196x300.jpg\" alt=\"\" width=\"196\" height=\"300\" srcset=\"https:\/\/www.levriers-du-sud.org\/site\/wp-content\/uploads\/2011\/11\/SDC12040-196x300.jpg 196w, https:\/\/www.levriers-du-sud.org\/site\/wp-content\/uploads\/2011\/11\/SDC12040-671x1024.jpg 671w, https:\/\/www.levriers-du-sud.org\/site\/wp-content\/uploads\/2011\/11\/SDC12040.jpg 1800w\" sizes=\"auto, (max-width: 196px) 100vw, 196px\" \/> <img loading=\"lazy\" decoding=\"async\" class=\"alignnone size-medium wp-image-10882\" title=\"galgo3\" src=\"http:\/\/www.levriers-du-sud.org\/site\/wp-content\/uploads\/2011\/11\/SDC11061-300x246.jpg\" alt=\"\" width=\"300\" height=\"246\" srcset=\"https:\/\/www.levriers-du-sud.org\/site\/wp-content\/uploads\/2011\/11\/SDC11061-300x246.jpg 300w, https:\/\/www.levriers-du-sud.org\/site\/wp-content\/uploads\/2011\/11\/SDC11061-1024x839.jpg 1024w, https:\/\/www.levriers-du-sud.org\/site\/wp-content\/uploads\/2011\/11\/SDC11061.jpg 1800w\" sizes=\"auto, (max-width: 300px) 100vw, 300px\" \/><\/p>\n","protected":false},"excerpt":{"rendered":"<p>Encore une fois, Claire Bauzet a mis son talent au service des galgos. Elle nous a gracieusement offert les droits d&rsquo;utilisation de ses aquarelles de galgos et nous avons \u00e9dit\u00e9 une s\u00e9rie de cartes postales 10&#215;15. merci Claire pour cette aide !! nous rappelons que la galerie de Claire Bauzet se trouve \u00e0 Andernos les [&hellip;]<\/p>\n","protected":false},"author":1,"featured_media":0,"comment_status":"open","ping_status":"open","sticky":false,"template":"","format":"standard","meta":{"footnotes":""},"categories":[26,3],"tags":[],"class_list":["post-10879","post","type-post","status-publish","format-standard","hentry","category-boutique","category-infos-du-jour"],"aioseo_notices":[],"_links":{"self":[{"href":"https:\/\/www.levriers-du-sud.org\/site\/wp-json\/wp\/v2\/posts\/10879","targetHints":{"allow":["GET"]}}],"collection":[{"href":"https:\/\/www.levriers-du-sud.org\/site\/wp-json\/wp\/v2\/posts"}],"about":[{"href":"https:\/\/www.levriers-du-sud.org\/site\/wp-json\/wp\/v2\/types\/post"}],"author":[{"embeddable":true,"href":"https:\/\/www.levriers-du-sud.org\/site\/wp-json\/wp\/v2\/users\/1"}],"replies":[{"embeddable":true,"href":"https:\/\/www.levriers-du-sud.org\/site\/wp-json\/wp\/v2\/comments?post=10879"}],"version-history":[{"count":0,"href":"https:\/\/www.levriers-du-sud.org\/site\/wp-json\/wp\/v2\/posts\/10879\/revisions"}],"wp:attachment":[{"href":"https:\/\/www.levriers-du-sud.org\/site\/wp-json\/wp\/v2\/media?parent=10879"}],"wp:term":[{"taxonomy":"category","embeddable":true,"href":"https:\/\/www.levriers-du-sud.org\/site\/wp-json\/wp\/v2\/categories?post=10879"},{"taxonomy":"post_tag","embeddable":true,"href":"https:\/\/www.levriers-du-sud.org\/site\/wp-json\/wp\/v2\/tags?post=10879"}],"curies":[{"name":"wp","href":"https:\/\/api.w.org\/{rel}","templated":true}]}}