{"id":10982,"date":"2011-11-14T09:54:52","date_gmt":"2011-11-14T08:54:52","guid":{"rendered":"http:\/\/www.levriers-du-sud.org\/site\/?p=10982"},"modified":"2012-01-07T16:06:22","modified_gmt":"2012-01-07T15:06:22","slug":"zen","status":"publish","type":"post","link":"https:\/\/www.levriers-du-sud.org\/site\/14\/11\/2011\/zen\/","title":{"rendered":"Zen ** vol\u00e9 le 21\/11**"},"content":{"rendered":"<p><strong>Type :<\/strong>galgo<br \/>\n<strong>Sexe <\/strong>:m\u00e2le<strong><br \/>\nAge :<\/strong>5 mois<br \/>\n<strong>Sant\u00e9<\/strong> :<\/p>\n<p><strong>Commentaire<\/strong> :<br \/>\nVoil\u00e0 notre dernier petit prot\u00e9g\u00e9 \u00e0 la pension. Il a \u00e9t\u00e9 trouv\u00e9 par Consuelo, l&rsquo;amie de Maria Teresa, abandonn\u00e9 dans Jodar. C&rsquo;est un magnifique chiot en pleine sant\u00e9. Il n&rsquo;a aucun traumatisme, il est social et tr\u00e8s c\u00e2lin. Une vraie petite merveille avec son oreille en vrac!!<\/p>\n<p><img loading=\"lazy\" decoding=\"async\" class=\"alignnone size-full wp-image-10983\" title=\"zen3\" src=\"http:\/\/www.levriers-du-sud.org\/site\/wp-content\/uploads\/2011\/11\/zen3.jpg\" alt=\"\" width=\"280\" height=\"210\" \/> <img loading=\"lazy\" decoding=\"async\" class=\"alignnone size-full wp-image-10984\" title=\"zen4\" src=\"http:\/\/www.levriers-du-sud.org\/site\/wp-content\/uploads\/2011\/11\/zen4.jpg\" alt=\"\" width=\"280\" height=\"210\" \/><!--more--><img loading=\"lazy\" decoding=\"async\" class=\"alignnone size-full wp-image-10985\" title=\"zen2\" src=\"http:\/\/www.levriers-du-sud.org\/site\/wp-content\/uploads\/2011\/11\/zen2.jpg\" alt=\"\" width=\"280\" height=\"373\" srcset=\"https:\/\/www.levriers-du-sud.org\/site\/wp-content\/uploads\/2011\/11\/zen2.jpg 280w, https:\/\/www.levriers-du-sud.org\/site\/wp-content\/uploads\/2011\/11\/zen2-225x300.jpg 225w\" sizes=\"auto, (max-width: 280px) 100vw, 280px\" \/> <img loading=\"lazy\" decoding=\"async\" class=\"alignnone size-full wp-image-10986\" title=\"zen\" src=\"http:\/\/www.levriers-du-sud.org\/site\/wp-content\/uploads\/2011\/11\/zen.jpg\" alt=\"\" width=\"280\" height=\"246\" \/><\/p>\n","protected":false},"excerpt":{"rendered":"<p>Type :galgo Sexe :m\u00e2le Age :5 mois Sant\u00e9 : Commentaire : Voil\u00e0 notre dernier petit prot\u00e9g\u00e9 \u00e0 la pension. Il a \u00e9t\u00e9 trouv\u00e9 par Consuelo, l&rsquo;amie de Maria Teresa, abandonn\u00e9 dans Jodar. C&rsquo;est un magnifique chiot en pleine sant\u00e9. Il n&rsquo;a aucun traumatisme, il est social et tr\u00e8s c\u00e2lin. Une vraie petite merveille avec son [&hellip;]<\/p>\n","protected":false},"author":1,"featured_media":0,"comment_status":"open","ping_status":"open","sticky":false,"template":"","format":"standard","meta":{"footnotes":""},"categories":[13],"tags":[],"class_list":["post-10982","post","type-post","status-publish","format-standard","hentry","category-ok-chiens"],"aioseo_notices":[],"_links":{"self":[{"href":"https:\/\/www.levriers-du-sud.org\/site\/wp-json\/wp\/v2\/posts\/10982","targetHints":{"allow":["GET"]}}],"collection":[{"href":"https:\/\/www.levriers-du-sud.org\/site\/wp-json\/wp\/v2\/posts"}],"about":[{"href":"https:\/\/www.levriers-du-sud.org\/site\/wp-json\/wp\/v2\/types\/post"}],"author":[{"embeddable":true,"href":"https:\/\/www.levriers-du-sud.org\/site\/wp-json\/wp\/v2\/users\/1"}],"replies":[{"embeddable":true,"href":"https:\/\/www.levriers-du-sud.org\/site\/wp-json\/wp\/v2\/comments?post=10982"}],"version-history":[{"count":0,"href":"https:\/\/www.levriers-du-sud.org\/site\/wp-json\/wp\/v2\/posts\/10982\/revisions"}],"wp:attachment":[{"href":"https:\/\/www.levriers-du-sud.org\/site\/wp-json\/wp\/v2\/media?parent=10982"}],"wp:term":[{"taxonomy":"category","embeddable":true,"href":"https:\/\/www.levriers-du-sud.org\/site\/wp-json\/wp\/v2\/categories?post=10982"},{"taxonomy":"post_tag","embeddable":true,"href":"https:\/\/www.levriers-du-sud.org\/site\/wp-json\/wp\/v2\/tags?post=10982"}],"curies":[{"name":"wp","href":"https:\/\/api.w.org\/{rel}","templated":true}]}}