{"id":11827,"date":"2011-12-23T11:01:29","date_gmt":"2011-12-23T10:01:29","guid":{"rendered":"http:\/\/www.levriers-du-sud.org\/site\/?p=11827"},"modified":"2011-12-23T11:01:29","modified_gmt":"2011-12-23T10:01:29","slug":"hommage-a-dala","status":"publish","type":"post","link":"https:\/\/www.levriers-du-sud.org\/site\/23\/12\/2011\/hommage-a-dala\/","title":{"rendered":"Hommage \u00e0 Dala"},"content":{"rendered":"<p><strong>Dans le regard de Dala<\/strong><\/p>\n<p>Dans le regard de Dala, brillait l\u2019intelligence,<br \/>\nPetite chienne fi\u00e8re de son ind\u00e9pendance,<br \/>\nElle respirait l\u2019espi\u00e8glerie et l\u2019insouciance<br \/>\nElle d\u00e9gageait une \u00e9nergie intense !<\/p>\n<p>Intr\u00e9pide, taquine, curieuse, libre,<br \/>\nDala ne voulait qu\u2019une chose, vivre !<br \/>\nElle cherchait une maison accueillante,<br \/>\nElle n\u2019a crois\u00e9 que des mains violentes.<\/p>\n<p>Elle n\u2019\u00e9tait pas n\u00e9e pour \u00eatre prisonni\u00e8re<br \/>\nHabitu\u00e9e de l\u2019\u00e9cole buissonni\u00e8re<br \/>\nIl ne lui a fallu que peu de temps<br \/>\nPour filer \u00e0 travers champs<\/p>\n<p>Elle a pay\u00e9 cher le prix de sa libert\u00e9<br \/>\nContre un pare choc, l\u2019histoire s\u2019est arr\u00eat\u00e9e.<br \/>\nL\u2019histoire s\u2019est arr\u00eat\u00e9e, mais bien s\u00fbr par le conducteur,<br \/>\nReparti illico, content d\u2019avoir sauv\u00e9 son moteur !<\/p>\n<p>Combien sont-ils, l\u00e0-bas, pour se r\u00e9volter ?<br \/>\nCombien sont-ils \u00e0 protester \u00a0et d\u00e9noncer ??<br \/>\nA quand le jour, dans ce pays, o\u00f9 les amoureux des chiens<br \/>\nSeront plus nombreux que ces maudits vauriens ?<\/p>\n<p>Quelques volontaires d\u00e9sesp\u00e9r\u00e9s<br \/>\nOnt essay\u00e9 en vain de la sauver\u2026<br \/>\nHommage leur soit rendu,<br \/>\nDe ne croire aucune cause perdue !<\/p>\n<p>Aujourd\u2019hui, le regard de Dala s\u2019est \u00e9teint<br \/>\nIl ne nous reste d\u2019elle que d\u00e9gout et chagrin !<br \/>\nDors en paix, douce Dala,<br \/>\nIci, nous prions tous pour toi<\/p>\n<p>&nbsp;<\/p>\n<p>Merci \u00e0 la maman d&rsquo;Elliot pour ces mots toujours si justes&#8230;.<\/p>\n","protected":false},"excerpt":{"rendered":"<p>Dans le regard de Dala Dans le regard de Dala, brillait l\u2019intelligence, Petite chienne fi\u00e8re de son ind\u00e9pendance, Elle respirait l\u2019espi\u00e8glerie et l\u2019insouciance Elle d\u00e9gageait une \u00e9nergie intense ! Intr\u00e9pide, taquine, curieuse, libre, Dala ne voulait qu\u2019une chose, vivre ! Elle cherchait une maison accueillante, Elle n\u2019a crois\u00e9 que des mains violentes. Elle n\u2019\u00e9tait pas [&hellip;]<\/p>\n","protected":false},"author":1,"featured_media":0,"comment_status":"open","ping_status":"open","sticky":false,"template":"","format":"standard","meta":{"footnotes":""},"categories":[9,3,25],"tags":[],"class_list":["post-11827","post","type-post","status-publish","format-standard","hentry","category-album","category-infos-du-jour","category-remerciements"],"aioseo_notices":[],"_links":{"self":[{"href":"https:\/\/www.levriers-du-sud.org\/site\/wp-json\/wp\/v2\/posts\/11827","targetHints":{"allow":["GET"]}}],"collection":[{"href":"https:\/\/www.levriers-du-sud.org\/site\/wp-json\/wp\/v2\/posts"}],"about":[{"href":"https:\/\/www.levriers-du-sud.org\/site\/wp-json\/wp\/v2\/types\/post"}],"author":[{"embeddable":true,"href":"https:\/\/www.levriers-du-sud.org\/site\/wp-json\/wp\/v2\/users\/1"}],"replies":[{"embeddable":true,"href":"https:\/\/www.levriers-du-sud.org\/site\/wp-json\/wp\/v2\/comments?post=11827"}],"version-history":[{"count":0,"href":"https:\/\/www.levriers-du-sud.org\/site\/wp-json\/wp\/v2\/posts\/11827\/revisions"}],"wp:attachment":[{"href":"https:\/\/www.levriers-du-sud.org\/site\/wp-json\/wp\/v2\/media?parent=11827"}],"wp:term":[{"taxonomy":"category","embeddable":true,"href":"https:\/\/www.levriers-du-sud.org\/site\/wp-json\/wp\/v2\/categories?post=11827"},{"taxonomy":"post_tag","embeddable":true,"href":"https:\/\/www.levriers-du-sud.org\/site\/wp-json\/wp\/v2\/tags?post=11827"}],"curies":[{"name":"wp","href":"https:\/\/api.w.org\/{rel}","templated":true}]}}