{"id":1311,"date":"2010-08-03T17:30:58","date_gmt":"2010-08-03T17:30:58","guid":{"rendered":"http:\/\/www.levriers-du-sud.org\/site\/?p=1311"},"modified":"2010-11-07T11:23:58","modified_gmt":"2010-11-07T10:23:58","slug":"remerciements","status":"publish","type":"post","link":"https:\/\/www.levriers-du-sud.org\/site\/03\/08\/2010\/remerciements\/","title":{"rendered":"Remerciements !!"},"content":{"rendered":"<p>Nous tenions ici \u00e0 remercier GUY qui a permis l&rsquo;arriv\u00e9e de Querida dans sa famille d&rsquo;adoption. Il est all\u00e9 cherch\u00e9 Querida dans sa famille d&rsquo;accueil, l&rsquo;a gard\u00e9 chez lui,pour finalement la co-voiturer de Paris \u00e0 Bordeaux vers sa nouvelle famille.<\/p>\n<p>Guy est un b\u00e9n\u00e9vole ind\u00e9pendant tr\u00e8s actif pour plusieurs associations de sauvetage animal, et en particulier de l&rsquo;association <strong>\u00ab\u00a0Les 4 Pattes de la plan\u00e8te\u00a0\u00bb<\/strong> en r\u00e9gion parisienne (<a href=\"http:\/\/4pp.fr\"> http:\/\/4pp.fr<\/a> ). Encore merci pour cette\u00a0 solidarit\u00e9 entre associations !!<\/p>\n<p>Ici avec Querida et son adoptante \u00e0 son arriv\u00e9e \u00e0 Bordeaux :<\/p>\n<p><img loading=\"lazy\" decoding=\"async\" class=\"alignnone size-full wp-image-1312\" title=\"guy querida\" src=\"http:\/\/www.levriers-du-sud.org\/site\/wp-content\/uploads\/2010\/08\/001.jpg\" alt=\"\" width=\"280\" height=\"373\" srcset=\"https:\/\/www.levriers-du-sud.org\/site\/wp-content\/uploads\/2010\/08\/001.jpg 280w, https:\/\/www.levriers-du-sud.org\/site\/wp-content\/uploads\/2010\/08\/001-225x300.jpg 225w\" sizes=\"auto, (max-width: 280px) 100vw, 280px\" \/> <img loading=\"lazy\" decoding=\"async\" class=\"alignnone size-full wp-image-1313\" title=\"querida adopt\" src=\"http:\/\/www.levriers-du-sud.org\/site\/wp-content\/uploads\/2010\/08\/005.jpg\" alt=\"\" width=\"280\" height=\"373\" srcset=\"https:\/\/www.levriers-du-sud.org\/site\/wp-content\/uploads\/2010\/08\/005.jpg 280w, https:\/\/www.levriers-du-sud.org\/site\/wp-content\/uploads\/2010\/08\/005-225x300.jpg 225w\" sizes=\"auto, (max-width: 280px) 100vw, 280px\" \/><!--more--><\/p>\n<p style=\"text-align: center;\"><img loading=\"lazy\" decoding=\"async\" class=\"size-full wp-image-1314 aligncenter\" title=\"querida guy2\" src=\"http:\/\/www.levriers-du-sud.org\/site\/wp-content\/uploads\/2010\/08\/002-2-.jpg\" alt=\"\" width=\"350\" height=\"263\" srcset=\"https:\/\/www.levriers-du-sud.org\/site\/wp-content\/uploads\/2010\/08\/002-2-.jpg 350w, https:\/\/www.levriers-du-sud.org\/site\/wp-content\/uploads\/2010\/08\/002-2--300x225.jpg 300w\" sizes=\"auto, (max-width: 350px) 100vw, 350px\" \/><\/p>\n","protected":false},"excerpt":{"rendered":"<p>Nous tenions ici \u00e0 remercier GUY qui a permis l&rsquo;arriv\u00e9e de Querida dans sa famille d&rsquo;adoption. Il est all\u00e9 cherch\u00e9 Querida dans sa famille d&rsquo;accueil, l&rsquo;a gard\u00e9 chez lui,pour finalement la co-voiturer de Paris \u00e0 Bordeaux vers sa nouvelle famille. Guy est un b\u00e9n\u00e9vole ind\u00e9pendant tr\u00e8s actif pour plusieurs associations de sauvetage animal, et en [&hellip;]<\/p>\n","protected":false},"author":1,"featured_media":0,"comment_status":"open","ping_status":"open","sticky":false,"template":"","format":"standard","meta":{"footnotes":""},"categories":[3],"tags":[],"class_list":["post-1311","post","type-post","status-publish","format-standard","hentry","category-infos-du-jour"],"aioseo_notices":[],"_links":{"self":[{"href":"https:\/\/www.levriers-du-sud.org\/site\/wp-json\/wp\/v2\/posts\/1311","targetHints":{"allow":["GET"]}}],"collection":[{"href":"https:\/\/www.levriers-du-sud.org\/site\/wp-json\/wp\/v2\/posts"}],"about":[{"href":"https:\/\/www.levriers-du-sud.org\/site\/wp-json\/wp\/v2\/types\/post"}],"author":[{"embeddable":true,"href":"https:\/\/www.levriers-du-sud.org\/site\/wp-json\/wp\/v2\/users\/1"}],"replies":[{"embeddable":true,"href":"https:\/\/www.levriers-du-sud.org\/site\/wp-json\/wp\/v2\/comments?post=1311"}],"version-history":[{"count":0,"href":"https:\/\/www.levriers-du-sud.org\/site\/wp-json\/wp\/v2\/posts\/1311\/revisions"}],"wp:attachment":[{"href":"https:\/\/www.levriers-du-sud.org\/site\/wp-json\/wp\/v2\/media?parent=1311"}],"wp:term":[{"taxonomy":"category","embeddable":true,"href":"https:\/\/www.levriers-du-sud.org\/site\/wp-json\/wp\/v2\/categories?post=1311"},{"taxonomy":"post_tag","embeddable":true,"href":"https:\/\/www.levriers-du-sud.org\/site\/wp-json\/wp\/v2\/tags?post=1311"}],"curies":[{"name":"wp","href":"https:\/\/api.w.org\/{rel}","templated":true}]}}