{"id":13716,"date":"2012-03-15T12:45:00","date_gmt":"2012-03-15T11:45:00","guid":{"rendered":"http:\/\/www.levriers-du-sud.org\/site\/?p=13716"},"modified":"2013-04-05T10:25:50","modified_gmt":"2013-04-05T08:25:50","slug":"deux-mamies-podencas-sauvees-in-extremis","status":"publish","type":"post","link":"https:\/\/www.levriers-du-sud.org\/site\/15\/03\/2012\/deux-mamies-podencas-sauvees-in-extremis\/","title":{"rendered":"Deux mamies podencas sauv\u00e9es in extremis"},"content":{"rendered":"<p>Et voil\u00e0, encore un SOS auquel nous n&rsquo;avons pas pu rester insensible&#8230;. Ces deux podencas de 10 ans \u00e9taient pr\u00e9vues \u00e0 l&rsquo;euthanasie le 16 \u00e0 la perrera de Valencia.. Nous avons donc du prendre une d\u00e9cision rapide et nous avons demand\u00e9 \u00e0 notre contact de les r\u00e9server et de les envoyer chez Maria Teresa.<\/p>\n<p>Plus d&rsquo;infos \u00e0 mon retour de voyage. Nous chercherons des familles d\u00a0\u00bbaccueil pour ces deux mamies qui ne m\u00e9ritent pas de finir leurs jours derri\u00e8re des barreaux apr\u00e8s tout ce qu&rsquo;elles ont du vivre.<\/p>\n<p><strong>Parrain\u00e9es par Laurence J 20.00 euros<\/strong><\/p>\n<p><img loading=\"lazy\" decoding=\"async\" class=\"alignnone  wp-image-13718\" title=\"valencia 2 podencas cese firmado 10anys\" alt=\"\" src=\"http:\/\/www.levriers-du-sud.org\/site\/wp-content\/uploads\/2012\/03\/valencia-2-podencas-cese-firmado-10anys-300x225.jpg\" width=\"332\" height=\"248\" srcset=\"https:\/\/www.levriers-du-sud.org\/site\/wp-content\/uploads\/2012\/03\/valencia-2-podencas-cese-firmado-10anys-300x225.jpg 300w, https:\/\/www.levriers-du-sud.org\/site\/wp-content\/uploads\/2012\/03\/valencia-2-podencas-cese-firmado-10anys.jpg 720w\" sizes=\"auto, (max-width: 332px) 100vw, 332px\" \/><\/p>\n<p>&nbsp;<\/p>\n","protected":false},"excerpt":{"rendered":"<p>Et voil\u00e0, encore un SOS auquel nous n&rsquo;avons pas pu rester insensible&#8230;. Ces deux podencas de 10 ans \u00e9taient pr\u00e9vues \u00e0 l&rsquo;euthanasie le 16 \u00e0 la perrera de Valencia.. Nous avons donc du prendre une d\u00e9cision rapide et nous avons demand\u00e9 \u00e0 notre contact de les r\u00e9server et de les envoyer chez Maria Teresa. Plus [&hellip;]<\/p>\n","protected":false},"author":1,"featured_media":0,"comment_status":"open","ping_status":"open","sticky":false,"template":"","format":"standard","meta":{"footnotes":""},"categories":[9],"tags":[],"class_list":["post-13716","post","type-post","status-publish","format-standard","hentry","category-album"],"aioseo_notices":[],"_links":{"self":[{"href":"https:\/\/www.levriers-du-sud.org\/site\/wp-json\/wp\/v2\/posts\/13716","targetHints":{"allow":["GET"]}}],"collection":[{"href":"https:\/\/www.levriers-du-sud.org\/site\/wp-json\/wp\/v2\/posts"}],"about":[{"href":"https:\/\/www.levriers-du-sud.org\/site\/wp-json\/wp\/v2\/types\/post"}],"author":[{"embeddable":true,"href":"https:\/\/www.levriers-du-sud.org\/site\/wp-json\/wp\/v2\/users\/1"}],"replies":[{"embeddable":true,"href":"https:\/\/www.levriers-du-sud.org\/site\/wp-json\/wp\/v2\/comments?post=13716"}],"version-history":[{"count":3,"href":"https:\/\/www.levriers-du-sud.org\/site\/wp-json\/wp\/v2\/posts\/13716\/revisions"}],"predecessor-version":[{"id":21561,"href":"https:\/\/www.levriers-du-sud.org\/site\/wp-json\/wp\/v2\/posts\/13716\/revisions\/21561"}],"wp:attachment":[{"href":"https:\/\/www.levriers-du-sud.org\/site\/wp-json\/wp\/v2\/media?parent=13716"}],"wp:term":[{"taxonomy":"category","embeddable":true,"href":"https:\/\/www.levriers-du-sud.org\/site\/wp-json\/wp\/v2\/categories?post=13716"},{"taxonomy":"post_tag","embeddable":true,"href":"https:\/\/www.levriers-du-sud.org\/site\/wp-json\/wp\/v2\/tags?post=13716"}],"curies":[{"name":"wp","href":"https:\/\/api.w.org\/{rel}","templated":true}]}}