{"id":13728,"date":"2012-03-18T18:52:50","date_gmt":"2012-03-18T17:52:50","guid":{"rendered":"http:\/\/www.levriers-du-sud.org\/site\/?p=13728"},"modified":"2012-03-19T08:09:40","modified_gmt":"2012-03-19T07:09:40","slug":"arrivees-du-18-mars","status":"publish","type":"post","link":"https:\/\/www.levriers-du-sud.org\/site\/18\/03\/2012\/arrivees-du-18-mars\/","title":{"rendered":"Arriv\u00e9es du 18 mars"},"content":{"rendered":"<p>Voil\u00e0, nous sommes arriv\u00e9es!! Fatigu\u00e9es mais avec les toutous!! Felipe et Pitufo sont avec leurs adoptants, Gazelle, Motitas et\u00a0 Tomy avec leurs familles d&rsquo;accueil<\/p>\n<p>Nous avons remont\u00e9 aussi en accueil le petit OSITO qui se faisait attaquer au refuge et que je mettrais sur le site. Il est en accueil (07)<\/p>\n<p>Tumbalo est arriv\u00e9 Samedi \u00e0 Irun et a rejoint aussi sa famille d&rsquo;accueil. Isis n&rsquo;a pas pu remonter, car elle est encore bien trop craintive et cela pourrait \u00eatre d\u00e9licat \u00e0 g\u00e9rer.<\/p>\n<p>D\u00e8s demain, des photos sur le site<\/p>\n<p>&nbsp;<\/p>\n<p>merci<\/p>\n","protected":false},"excerpt":{"rendered":"<p>Voil\u00e0, nous sommes arriv\u00e9es!! Fatigu\u00e9es mais avec les toutous!! Felipe et Pitufo sont avec leurs adoptants, Gazelle, Motitas et\u00a0 Tomy avec leurs familles d&rsquo;accueil Nous avons remont\u00e9 aussi en accueil le petit OSITO qui se faisait attaquer au refuge et que je mettrais sur le site. Il est en accueil (07) Tumbalo est arriv\u00e9 Samedi [&hellip;]<\/p>\n","protected":false},"author":1,"featured_media":0,"comment_status":"open","ping_status":"open","sticky":false,"template":"","format":"standard","meta":{"footnotes":""},"categories":[3],"tags":[],"class_list":["post-13728","post","type-post","status-publish","format-standard","hentry","category-infos-du-jour"],"aioseo_notices":[],"_links":{"self":[{"href":"https:\/\/www.levriers-du-sud.org\/site\/wp-json\/wp\/v2\/posts\/13728","targetHints":{"allow":["GET"]}}],"collection":[{"href":"https:\/\/www.levriers-du-sud.org\/site\/wp-json\/wp\/v2\/posts"}],"about":[{"href":"https:\/\/www.levriers-du-sud.org\/site\/wp-json\/wp\/v2\/types\/post"}],"author":[{"embeddable":true,"href":"https:\/\/www.levriers-du-sud.org\/site\/wp-json\/wp\/v2\/users\/1"}],"replies":[{"embeddable":true,"href":"https:\/\/www.levriers-du-sud.org\/site\/wp-json\/wp\/v2\/comments?post=13728"}],"version-history":[{"count":5,"href":"https:\/\/www.levriers-du-sud.org\/site\/wp-json\/wp\/v2\/posts\/13728\/revisions"}],"predecessor-version":[{"id":13741,"href":"https:\/\/www.levriers-du-sud.org\/site\/wp-json\/wp\/v2\/posts\/13728\/revisions\/13741"}],"wp:attachment":[{"href":"https:\/\/www.levriers-du-sud.org\/site\/wp-json\/wp\/v2\/media?parent=13728"}],"wp:term":[{"taxonomy":"category","embeddable":true,"href":"https:\/\/www.levriers-du-sud.org\/site\/wp-json\/wp\/v2\/categories?post=13728"},{"taxonomy":"post_tag","embeddable":true,"href":"https:\/\/www.levriers-du-sud.org\/site\/wp-json\/wp\/v2\/tags?post=13728"}],"curies":[{"name":"wp","href":"https:\/\/api.w.org\/{rel}","templated":true}]}}