{"id":1478,"date":"2010-08-16T15:29:56","date_gmt":"2010-08-16T15:29:56","guid":{"rendered":"http:\/\/www.levriers-du-sud.org\/site\/?p=1478"},"modified":"2011-04-16T11:28:37","modified_gmt":"2011-04-16T09:28:37","slug":"le-refuge-de-maria-teresa","status":"publish","type":"post","link":"https:\/\/www.levriers-du-sud.org\/site\/16\/08\/2010\/le-refuge-de-maria-teresa\/","title":{"rendered":"Le refuge de Maria teresa"},"content":{"rendered":"<p>Nous lan\u00e7ons une campagne pour aider         Maria-Teresa, qui est une b\u00e9n\u00e9vole espagnole qui se d\u00e9m\u00e8ne comme         elle peut pour faire tourner son petit refuge. Elle a tr\u00e8s peu         d&rsquo;aide des associations \u00e9trang\u00e8res et elle fait de son mieux pour         sauver un maximum de chiens, et souvent avec ses propres deniers ! Voici         quelques photos de son refuge. Le chien en premier plan c&rsquo;est un chien         que Maria-T\u00e9r\u00e9sa adorait. A chaque fois qu&rsquo;il \u00e9tait adopt\u00e9 , il         revenait au refuge. Et un jour on a voulu voler des chiens et il s&rsquo;est         interpos\u00e9 , il a \u00e9t\u00e9 ru\u00e9 de coups et il est mort le lendemain.<\/p>\n<p>Nous avions fait une op\u00e9ration pour lui fournir des colliers SCALIBOR pour prot\u00e9ger les chiens du refuge des parasites ( tiques, puces et phl\u00e9botomes). Mais \u00e0 l&rsquo;approche de la saison d&rsquo;hiver, c&rsquo;est surtout la nourriture qui lui fait cruellement d\u00e9faut. Nous allons donc essayer de r\u00e9colter un maximum de croquettes pour les lui apporter au d\u00e9but de\u00a0 l&rsquo;automne.<\/p>\n<p style=\"text-align: center;\"><img loading=\"lazy\" decoding=\"async\" class=\"size-full wp-image-1479 aligncenter\" title=\"Maria refuge\" src=\"http:\/\/www.levriers-du-sud.org\/site\/wp-content\/uploads\/2010\/08\/Maria-refuge.jpg\" alt=\"\" width=\"350\" height=\"263\" srcset=\"https:\/\/www.levriers-du-sud.org\/site\/wp-content\/uploads\/2010\/08\/Maria-refuge.jpg 350w, https:\/\/www.levriers-du-sud.org\/site\/wp-content\/uploads\/2010\/08\/Maria-refuge-300x225.jpg 300w\" sizes=\"auto, (max-width: 350px) 100vw, 350px\" \/><!--more--><\/p>\n<p><img loading=\"lazy\" decoding=\"async\" class=\"alignnone size-full wp-image-1480\" title=\"Maria refuge1\" src=\"http:\/\/www.levriers-du-sud.org\/site\/wp-content\/uploads\/2010\/08\/Maria-refuge1.jpg\" alt=\"\" width=\"280\" height=\"210\" \/> <img loading=\"lazy\" decoding=\"async\" class=\"alignnone size-full wp-image-1481\" title=\"Maria refuge2\" src=\"http:\/\/www.levriers-du-sud.org\/site\/wp-content\/uploads\/2010\/08\/Maria-refuge2.jpg\" alt=\"\" width=\"280\" height=\"210\" \/><\/p>\n<p><strong>Pour parrainer le refuge de Maria Teresa, envoyez vos ch\u00e8ques \u00e0 l\u2019ordre de <\/strong><strong>\u00ab\u00a0L\u00e9vriers du Sud\u00a0\u00bb<\/strong><strong> \u00e0 l\u2019adresse suivante :<\/strong><br \/>\n<strong>L\u00e9vriers du Sud<br \/>\nRoute de la Lucate<br \/>\n\u00ab\u00a0La P\u00e9nardi\u00e8re\u00a0\u00bb<br \/>\n40160 Parentis-en-Born<\/strong><\/p>\n<p><strong>Parrain\u00e9 par : Megara 50 euros, Laurence J. 20 euros, Fran\u00e7oise S. 150 euros<br \/>\n<\/strong><\/p>\n","protected":false},"excerpt":{"rendered":"<p>Nous lan\u00e7ons une campagne pour aider Maria-Teresa, qui est une b\u00e9n\u00e9vole espagnole qui se d\u00e9m\u00e8ne comme elle peut pour faire tourner son petit refuge. Elle a tr\u00e8s peu d&rsquo;aide des associations \u00e9trang\u00e8res et elle fait de son mieux pour sauver un maximum de chiens, et souvent avec ses propres deniers ! Voici quelques photos de [&hellip;]<\/p>\n","protected":false},"author":1,"featured_media":0,"comment_status":"open","ping_status":"open","sticky":false,"template":"","format":"standard","meta":{"footnotes":""},"categories":[24],"tags":[],"class_list":["post-1478","post","type-post","status-publish","format-standard","hentry","category-parrainages"],"aioseo_notices":[],"_links":{"self":[{"href":"https:\/\/www.levriers-du-sud.org\/site\/wp-json\/wp\/v2\/posts\/1478","targetHints":{"allow":["GET"]}}],"collection":[{"href":"https:\/\/www.levriers-du-sud.org\/site\/wp-json\/wp\/v2\/posts"}],"about":[{"href":"https:\/\/www.levriers-du-sud.org\/site\/wp-json\/wp\/v2\/types\/post"}],"author":[{"embeddable":true,"href":"https:\/\/www.levriers-du-sud.org\/site\/wp-json\/wp\/v2\/users\/1"}],"replies":[{"embeddable":true,"href":"https:\/\/www.levriers-du-sud.org\/site\/wp-json\/wp\/v2\/comments?post=1478"}],"version-history":[{"count":0,"href":"https:\/\/www.levriers-du-sud.org\/site\/wp-json\/wp\/v2\/posts\/1478\/revisions"}],"wp:attachment":[{"href":"https:\/\/www.levriers-du-sud.org\/site\/wp-json\/wp\/v2\/media?parent=1478"}],"wp:term":[{"taxonomy":"category","embeddable":true,"href":"https:\/\/www.levriers-du-sud.org\/site\/wp-json\/wp\/v2\/categories?post=1478"},{"taxonomy":"post_tag","embeddable":true,"href":"https:\/\/www.levriers-du-sud.org\/site\/wp-json\/wp\/v2\/tags?post=1478"}],"curies":[{"name":"wp","href":"https:\/\/api.w.org\/{rel}","templated":true}]}}