{"id":19056,"date":"2013-02-20T12:22:52","date_gmt":"2013-02-20T11:22:52","guid":{"rendered":"http:\/\/www.levriers-du-sud.org\/site\/?p=19056"},"modified":"2013-05-08T21:50:38","modified_gmt":"2013-05-08T19:50:38","slug":"chiots-a-la-perrera","status":"publish","type":"post","link":"https:\/\/www.levriers-du-sud.org\/site\/20\/02\/2013\/chiots-a-la-perrera\/","title":{"rendered":"CHIOTS crois\u00e9s  : tous adopt\u00e9s"},"content":{"rendered":"<p>Nous avons eu un appel pour des chiots qui sont dans une perrera de Seville. La b\u00e9n\u00e9vole qui diffuse est d\u00e9sesp\u00e9r\u00e9e car aucune association, aucun refuge n&rsquo;ont r\u00e9pondu \u00e0 ses appels. 13 chiots, dont 3 seraient avec leur m\u00e8re&#8230; quand on connait les conditions sanitaires des perreras pour des chiots.. leur esp\u00e9rance de vie est tr\u00e8s limit\u00e9e<\/p>\n<p>Dans les perreras aussi nous trouvons des petites vies qui se battent malgr\u00e9 les conditions d\u00e9plorables. Ces petits chiens sont a peine n\u00e9s et d\u00e9ja sur la liste des euthanasies.<br \/>\nNous avons d\u00e9cid\u00e9 de leur sauver la vie&#8230;.Nous n&rsquo;acceptons pas le destin si mauvais qui \u00e9tait au dessus de leur t\u00eate. Nous cherchons donc des parrains bien s\u00fbr mais aussi des adoptants pour ces petits bouts&#8230;<br \/>\nLa b\u00e9n\u00e9vole a bien voulu les prendre chez elle malgr\u00e9 ces 7 chiens personnels. Cela sera difficile mais nous pensons que leurs vies valent le coup d&rsquo;\u00eatre sauv\u00e9es. <strong>Nous allons r\u00e9unir de l&rsquo;argent pour les faire tous vacciner c&rsquo;est pourquoi nous avons besoin d&rsquo;aide<\/strong>&#8230;. Ce sont tous des crois\u00e9s de petites races, ils ont entre 1 mois 1\/2 et 2 mois 1\/2.<\/p>\n<p><strong>Nous avons \u00e9tabli un partenariat avec l&rsquo; ONG SOSPMM en Suisse qui va nous aider \u00e0 diffuser pour adoptions (<a href=\"www.sospourunmondemeilleur.ch\" target=\"_blank\" rel=\"nofollow\">www.sospourunmondemeilleur.ch<\/a>)<\/strong><\/p>\n<p><strong>Mise \u00e0 jour du 19 janvier :<\/strong> Nous avons pu trouver une pension pour mettre toute cette petite meute. Le prix est de 1.90 eur\/jour\/chien, soit<strong> 57 euros\/ chien.<\/strong> L&rsquo;ONG SOSPMM en a pris 5 en charge, il nous reste donc il nous reste <strong>8 pensions \u00e0 charge<\/strong>. Nous avons besoin de parrainages, sachant que certains sont vraiment trop jeunes pour voyager et nous n&rsquo;avons pas d&rsquo;autre solution en attendant de pouvoir les remonter en france<\/p>\n<p><strong>Mise \u00e0 jour du 24 Janvier: Nous avons r\u00e9gl\u00e9 292 euros pour les vaccinations<\/strong>,<strong> nous avons besoin de parrainages pour ces b\u00e9b\u00e9s qui viennent d&rsquo;arriver \u00e0 la pension !!<\/strong><\/p>\n<p><strong>Mise \u00e0 jour du 20 f\u00e9vrier: nous avons du changer les chiots de place. Ils sont maintenant chez MERCHE.<\/strong><\/p>\n<p><strong>Parrain\u00e9s par Jennifer G 20.00 euros, Valerie B 20.00 euros, Genevieve A 20.00 euros, Christine NG 60.00 euros, veronique T 20.00 euros, Karin T 50.00 euros, Suzanne S 200.00 euros, Chantal B 50.00 euros<br \/>\n<\/strong><\/p>\n<p><a href=\"http:\/\/www.levriers-du-sud.org\/site\/wp-content\/uploads\/2013\/02\/IMG-20130215-WA0011.jpg\"><img loading=\"lazy\" decoding=\"async\" class=\"alignnone size-medium wp-image-20545\" alt=\"IMG-20130215-WA0011\" src=\"http:\/\/www.levriers-du-sud.org\/site\/wp-content\/uploads\/2013\/02\/IMG-20130215-WA0011-300x245.jpg\" width=\"261\" height=\"212\" \/><\/a> <a href=\"http:\/\/www.levriers-du-sud.org\/site\/wp-content\/uploads\/2013\/02\/IMG-20130215-WA0016.jpg\"><img loading=\"lazy\" decoding=\"async\" class=\"alignnone size-medium wp-image-20546\" alt=\"IMG-20130215-WA0016\" src=\"http:\/\/www.levriers-du-sud.org\/site\/wp-content\/uploads\/2013\/02\/IMG-20130215-WA0016-300x225.jpg\" width=\"281\" height=\"210\" srcset=\"https:\/\/www.levriers-du-sud.org\/site\/wp-content\/uploads\/2013\/02\/IMG-20130215-WA0016-300x225.jpg 300w, https:\/\/www.levriers-du-sud.org\/site\/wp-content\/uploads\/2013\/02\/IMG-20130215-WA0016.jpg 800w\" sizes=\"auto, (max-width: 281px) 100vw, 281px\" \/><\/a><!--more--><\/p>\n<p><strong>NEMO et TIZON<\/strong> : 2 m\u00e2les de 4 mois<\/p>\n<p><a href=\"http:\/\/www.levriers-du-sud.org\/site\/wp-content\/uploads\/2013\/01\/nemo.jpg\"><img loading=\"lazy\" decoding=\"async\" class=\"alignnone size-medium wp-image-20524\" alt=\"nemo\" src=\"http:\/\/www.levriers-du-sud.org\/site\/wp-content\/uploads\/2013\/01\/nemo-258x300.jpg\" width=\"214\" height=\"248\" srcset=\"https:\/\/www.levriers-du-sud.org\/site\/wp-content\/uploads\/2013\/01\/nemo-258x300.jpg 258w, https:\/\/www.levriers-du-sud.org\/site\/wp-content\/uploads\/2013\/01\/nemo.jpg 413w\" sizes=\"auto, (max-width: 214px) 100vw, 214px\" \/><\/a> <a href=\"http:\/\/www.levriers-du-sud.org\/site\/wp-content\/uploads\/2013\/01\/tyson.jpg\"><img loading=\"lazy\" decoding=\"async\" class=\"alignnone size-medium wp-image-20526\" alt=\"tyson\" src=\"http:\/\/www.levriers-du-sud.org\/site\/wp-content\/uploads\/2013\/01\/tyson-272x300.jpg\" width=\"226\" height=\"249\" srcset=\"https:\/\/www.levriers-du-sud.org\/site\/wp-content\/uploads\/2013\/01\/tyson-272x300.jpg 272w, https:\/\/www.levriers-du-sud.org\/site\/wp-content\/uploads\/2013\/01\/tyson.jpg 286w\" sizes=\"auto, (max-width: 226px) 100vw, 226px\" \/><\/a><\/p>\n<p>&nbsp;<\/p>\n<p><strong>PEPE (m\u00e2le) <\/strong><strong>:<\/strong> 1 mois 1\/2, 1,5 kgs,<\/p>\n<p><img loading=\"lazy\" decoding=\"async\" class=\"alignnone size-medium wp-image-19216\" alt=\"pepe\" src=\"http:\/\/www.levriers-du-sud.org\/site\/wp-content\/uploads\/2012\/12\/pepe-300x225.jpg\" width=\"268\" height=\"201\" srcset=\"https:\/\/www.levriers-du-sud.org\/site\/wp-content\/uploads\/2012\/12\/pepe-300x225.jpg 300w, https:\/\/www.levriers-du-sud.org\/site\/wp-content\/uploads\/2012\/12\/pepe.jpg 512w\" sizes=\"auto, (max-width: 268px) 100vw, 268px\" \/><\/p>\n<p><strong>SUSI ( Reserv\u00e9e) : 2mois<\/strong><\/p>\n<p>&nbsp;<\/p>\n<p><img loading=\"lazy\" decoding=\"async\" class=\"alignnone size-medium wp-image-19228\" alt=\"susi\" src=\"http:\/\/www.levriers-du-sud.org\/site\/wp-content\/uploads\/2013\/01\/susi-300x225.jpg\" width=\"272\" height=\"204\" srcset=\"https:\/\/www.levriers-du-sud.org\/site\/wp-content\/uploads\/2013\/01\/susi-300x225.jpg 300w, https:\/\/www.levriers-du-sud.org\/site\/wp-content\/uploads\/2013\/01\/susi.jpg 512w\" sizes=\"auto, (max-width: 272px) 100vw, 272px\" \/> <img loading=\"lazy\" decoding=\"async\" class=\"alignnone size-medium wp-image-19555\" alt=\"SUSI\" src=\"http:\/\/www.levriers-du-sud.org\/site\/wp-content\/uploads\/2012\/12\/SUSI-300x225.jpg\" width=\"272\" height=\"204\" srcset=\"https:\/\/www.levriers-du-sud.org\/site\/wp-content\/uploads\/2012\/12\/SUSI-300x225.jpg 300w, https:\/\/www.levriers-du-sud.org\/site\/wp-content\/uploads\/2012\/12\/SUSI-1024x768.jpg 1024w\" sizes=\"auto, (max-width: 272px) 100vw, 272px\" \/><\/p>\n<p><strong>MIKY m\u00e2le<\/strong> : 4 mois<\/p>\n<p><a href=\"http:\/\/www.levriers-du-sud.org\/site\/wp-content\/uploads\/2013\/01\/miki-new.jpg\"><img loading=\"lazy\" decoding=\"async\" class=\"alignnone size-medium wp-image-20527\" alt=\"miki new\" src=\"http:\/\/www.levriers-du-sud.org\/site\/wp-content\/uploads\/2013\/01\/miki-new-225x300.jpg\" width=\"225\" height=\"300\" srcset=\"https:\/\/www.levriers-du-sud.org\/site\/wp-content\/uploads\/2013\/01\/miki-new-225x300.jpg 225w, https:\/\/www.levriers-du-sud.org\/site\/wp-content\/uploads\/2013\/01\/miki-new.jpg 360w\" sizes=\"auto, (max-width: 225px) 100vw, 225px\" \/><\/a> <a href=\"http:\/\/www.levriers-du-sud.org\/site\/wp-content\/uploads\/2013\/01\/miki-nu.jpg\"><img loading=\"lazy\" decoding=\"async\" class=\"alignnone size-medium wp-image-20528\" alt=\"miki nu\" src=\"http:\/\/www.levriers-du-sud.org\/site\/wp-content\/uploads\/2013\/01\/miki-nu-255x300.jpg\" width=\"252\" height=\"297\" srcset=\"https:\/\/www.levriers-du-sud.org\/site\/wp-content\/uploads\/2013\/01\/miki-nu-255x300.jpg 255w, https:\/\/www.levriers-du-sud.org\/site\/wp-content\/uploads\/2013\/01\/miki-nu.jpg 408w\" sizes=\"auto, (max-width: 252px) 100vw, 252px\" \/><\/a><\/p>\n<p><strong>CUBA 4 mois femelle<\/strong><\/p>\n<p><img loading=\"lazy\" decoding=\"async\" class=\"alignnone size-medium wp-image-19557\" alt=\"CUBA\" src=\"http:\/\/www.levriers-du-sud.org\/site\/wp-content\/uploads\/2012\/12\/CUBA-300x225.jpg\" width=\"275\" height=\"206\" srcset=\"https:\/\/www.levriers-du-sud.org\/site\/wp-content\/uploads\/2012\/12\/CUBA-300x225.jpg 300w, https:\/\/www.levriers-du-sud.org\/site\/wp-content\/uploads\/2012\/12\/CUBA-1024x768.jpg 1024w\" sizes=\"auto, (max-width: 275px) 100vw, 275px\" \/> <a href=\"http:\/\/www.levriers-du-sud.org\/site\/wp-content\/uploads\/2013\/01\/cuba-f.jpg\"><img loading=\"lazy\" decoding=\"async\" class=\"alignnone size-medium wp-image-20540\" alt=\"cuba f\" src=\"http:\/\/www.levriers-du-sud.org\/site\/wp-content\/uploads\/2013\/01\/cuba-f-208x300.jpg\" width=\"202\" height=\"291\" srcset=\"https:\/\/www.levriers-du-sud.org\/site\/wp-content\/uploads\/2013\/01\/cuba-f-208x300.jpg 208w, https:\/\/www.levriers-du-sud.org\/site\/wp-content\/uploads\/2013\/01\/cuba-f.jpg 334w\" sizes=\"auto, (max-width: 202px) 100vw, 202px\" \/><\/a><\/p>\n<p><strong> BOBY\u00a0 4 mois m\u00e2le<\/strong><\/p>\n<p><a href=\"http:\/\/www.levriers-du-sud.org\/site\/wp-content\/uploads\/2013\/01\/boby-nex.jpg\"><img loading=\"lazy\" decoding=\"async\" class=\"alignnone size-medium wp-image-20529\" alt=\"boby nex\" src=\"http:\/\/www.levriers-du-sud.org\/site\/wp-content\/uploads\/2013\/01\/boby-nex-300x225.jpg\" width=\"300\" height=\"225\" srcset=\"https:\/\/www.levriers-du-sud.org\/site\/wp-content\/uploads\/2013\/01\/boby-nex-300x225.jpg 300w, https:\/\/www.levriers-du-sud.org\/site\/wp-content\/uploads\/2013\/01\/boby-nex.jpg 480w\" sizes=\"auto, (max-width: 300px) 100vw, 300px\" \/><\/a> <a href=\"http:\/\/www.levriers-du-sud.org\/site\/wp-content\/uploads\/2013\/01\/boby-t.jpg\"><img loading=\"lazy\" decoding=\"async\" class=\"alignnone size-medium wp-image-20530\" alt=\"boby t\" src=\"http:\/\/www.levriers-du-sud.org\/site\/wp-content\/uploads\/2013\/01\/boby-t-258x300.jpg\" width=\"209\" height=\"242\" srcset=\"https:\/\/www.levriers-du-sud.org\/site\/wp-content\/uploads\/2013\/01\/boby-t-258x300.jpg 258w, https:\/\/www.levriers-du-sud.org\/site\/wp-content\/uploads\/2013\/01\/boby-t.jpg 413w\" sizes=\"auto, (max-width: 209px) 100vw, 209px\" \/><\/a><\/p>\n<p><strong>BRUNO\u00a0 <\/strong><strong>:<\/strong> male 5 mois<\/p>\n<p><a href=\"http:\/\/www.levriers-du-sud.org\/site\/wp-content\/uploads\/2013\/01\/bruno-new.jpg\"><img loading=\"lazy\" decoding=\"async\" class=\"alignnone size-medium wp-image-20531\" alt=\"bruno new\" src=\"http:\/\/www.levriers-du-sud.org\/site\/wp-content\/uploads\/2013\/01\/bruno-new-264x300.jpg\" width=\"240\" height=\"272\" srcset=\"https:\/\/www.levriers-du-sud.org\/site\/wp-content\/uploads\/2013\/01\/bruno-new-264x300.jpg 264w, https:\/\/www.levriers-du-sud.org\/site\/wp-content\/uploads\/2013\/01\/bruno-new.jpg 423w\" sizes=\"auto, (max-width: 240px) 100vw, 240px\" \/><\/a> <a href=\"http:\/\/www.levriers-du-sud.org\/site\/wp-content\/uploads\/2013\/01\/BRUNO-Y.jpg\"><img loading=\"lazy\" decoding=\"async\" class=\"alignnone size-medium wp-image-20532\" alt=\"BRUNO Y\" src=\"http:\/\/www.levriers-du-sud.org\/site\/wp-content\/uploads\/2013\/01\/BRUNO-Y-300x225.jpg\" width=\"296\" height=\"222\" srcset=\"https:\/\/www.levriers-du-sud.org\/site\/wp-content\/uploads\/2013\/01\/BRUNO-Y-300x225.jpg 300w, https:\/\/www.levriers-du-sud.org\/site\/wp-content\/uploads\/2013\/01\/BRUNO-Y.jpg 800w\" sizes=\"auto, (max-width: 296px) 100vw, 296px\" \/><\/a><\/p>\n<p><strong>DIVA<\/strong> : Femelle 3 kgs 2 mois (prise en charge par ONG SOSPMM) RESERVEE<\/p>\n<p><img loading=\"lazy\" decoding=\"async\" class=\"alignnone size-medium wp-image-19560\" alt=\"DIVA\" src=\"http:\/\/www.levriers-du-sud.org\/site\/wp-content\/uploads\/2012\/12\/DIVA-300x225.jpg\" width=\"272\" height=\"204\" srcset=\"https:\/\/www.levriers-du-sud.org\/site\/wp-content\/uploads\/2012\/12\/DIVA-300x225.jpg 300w, https:\/\/www.levriers-du-sud.org\/site\/wp-content\/uploads\/2012\/12\/DIVA-1024x768.jpg 1024w\" sizes=\"auto, (max-width: 272px) 100vw, 272px\" \/>\u00a0<img loading=\"lazy\" decoding=\"async\" class=\"alignnone size-medium wp-image-19212\" alt=\"diva\" src=\"http:\/\/www.levriers-du-sud.org\/site\/wp-content\/uploads\/2012\/12\/diva-300x225.jpg\" width=\"278\" height=\"208\" srcset=\"https:\/\/www.levriers-du-sud.org\/site\/wp-content\/uploads\/2012\/12\/diva-300x225.jpg 300w, https:\/\/www.levriers-du-sud.org\/site\/wp-content\/uploads\/2012\/12\/diva.jpg 512w\" sizes=\"auto, (max-width: 278px) 100vw, 278px\" \/><\/p>\n<p><strong>SOFI<\/strong> : femelle 2 mois 1\/2 ,\u00a0\u00a0 (prise en charge par ONG SOSPMM) RESERVEE<\/p>\n<p><a href=\"http:\/\/www.levriers-du-sud.org\/site\/wp-content\/uploads\/2013\/01\/sofi-b.jpg\"><img loading=\"lazy\" decoding=\"async\" class=\"alignnone size-medium wp-image-20536\" alt=\"sofi b\" src=\"http:\/\/www.levriers-du-sud.org\/site\/wp-content\/uploads\/2013\/01\/sofi-b-293x300.jpg\" width=\"236\" height=\"241\" srcset=\"https:\/\/www.levriers-du-sud.org\/site\/wp-content\/uploads\/2013\/01\/sofi-b-293x300.jpg 293w, https:\/\/www.levriers-du-sud.org\/site\/wp-content\/uploads\/2013\/01\/sofi-b.jpg 470w\" sizes=\"auto, (max-width: 236px) 100vw, 236px\" \/><\/a> <a href=\"http:\/\/www.levriers-du-sud.org\/site\/wp-content\/uploads\/2013\/01\/sofi-rr.jpg\"><img loading=\"lazy\" decoding=\"async\" class=\"alignnone size-medium wp-image-20537\" alt=\"sofi rr\" src=\"http:\/\/www.levriers-du-sud.org\/site\/wp-content\/uploads\/2013\/01\/sofi-rr-300x225.jpg\" width=\"300\" height=\"225\" srcset=\"https:\/\/www.levriers-du-sud.org\/site\/wp-content\/uploads\/2013\/01\/sofi-rr-300x225.jpg 300w, https:\/\/www.levriers-du-sud.org\/site\/wp-content\/uploads\/2013\/01\/sofi-rr.jpg 480w\" sizes=\"auto, (max-width: 300px) 100vw, 300px\" \/><\/a><\/p>\n<p><strong>MAMI,<\/strong> la maman de Diva, Kike et Bruno, 6kgs, 3 ans (prise en charge par ONG SOSPMM) RESERVEE<\/p>\n<p><a href=\"http:\/\/www.levriers-du-sud.org\/site\/wp-content\/uploads\/2013\/01\/IMG5415.jpg\"><img loading=\"lazy\" decoding=\"async\" class=\"alignnone size-medium wp-image-20538\" alt=\"IMG5415\" src=\"http:\/\/www.levriers-du-sud.org\/site\/wp-content\/uploads\/2013\/01\/IMG5415-300x249.jpg\" width=\"300\" height=\"249\" srcset=\"https:\/\/www.levriers-du-sud.org\/site\/wp-content\/uploads\/2013\/01\/IMG5415-300x249.jpg 300w, https:\/\/www.levriers-du-sud.org\/site\/wp-content\/uploads\/2013\/01\/IMG5415.jpg 480w\" sizes=\"auto, (max-width: 300px) 100vw, 300px\" \/><\/a> <a href=\"http:\/\/www.levriers-du-sud.org\/site\/wp-content\/uploads\/2013\/01\/IMG5416.jpg\"><img loading=\"lazy\" decoding=\"async\" class=\"alignnone size-medium wp-image-20539\" alt=\"IMG5416\" src=\"http:\/\/www.levriers-du-sud.org\/site\/wp-content\/uploads\/2013\/01\/IMG5416-223x300.jpg\" width=\"223\" height=\"300\" srcset=\"https:\/\/www.levriers-du-sud.org\/site\/wp-content\/uploads\/2013\/01\/IMG5416-223x300.jpg 223w, https:\/\/www.levriers-du-sud.org\/site\/wp-content\/uploads\/2013\/01\/IMG5416.jpg 358w\" sizes=\"auto, (max-width: 223px) 100vw, 223px\" \/><\/a><\/p>\n<p><strong>LOLO <\/strong>2mois, 2kgs RESERVE\u00a0 par ONG SOSPMM<\/p>\n<p><a href=\"http:\/\/www.levriers-du-sud.org\/site\/wp-content\/uploads\/2013\/01\/lolo-uu.jpg\"><img loading=\"lazy\" decoding=\"async\" class=\"alignnone size-medium wp-image-20533\" alt=\"lolo uu\" src=\"http:\/\/www.levriers-du-sud.org\/site\/wp-content\/uploads\/2013\/01\/lolo-uu-193x300.jpg\" width=\"193\" height=\"300\" srcset=\"https:\/\/www.levriers-du-sud.org\/site\/wp-content\/uploads\/2013\/01\/lolo-uu-193x300.jpg 193w, https:\/\/www.levriers-du-sud.org\/site\/wp-content\/uploads\/2013\/01\/lolo-uu.jpg 310w\" sizes=\"auto, (max-width: 193px) 100vw, 193px\" \/><\/a> <a href=\"http:\/\/www.levriers-du-sud.org\/site\/wp-content\/uploads\/2013\/01\/lolo-yy.jpg\"><img loading=\"lazy\" decoding=\"async\" class=\"alignnone size-medium wp-image-20534\" alt=\"lolo yy\" src=\"http:\/\/www.levriers-du-sud.org\/site\/wp-content\/uploads\/2013\/01\/lolo-yy-300x221.jpg\" width=\"300\" height=\"221\" srcset=\"https:\/\/www.levriers-du-sud.org\/site\/wp-content\/uploads\/2013\/01\/lolo-yy-300x221.jpg 300w, https:\/\/www.levriers-du-sud.org\/site\/wp-content\/uploads\/2013\/01\/lolo-yy.jpg 480w\" sizes=\"auto, (max-width: 300px) 100vw, 300px\" \/><\/a><\/p>\n<p><strong>LUCAS <\/strong>4 MOIS<\/p>\n<p><a href=\"http:\/\/www.levriers-du-sud.org\/site\/wp-content\/uploads\/2013\/01\/lucas-.jpg\"><img loading=\"lazy\" decoding=\"async\" class=\"alignnone size-medium wp-image-20535\" alt=\"lucas\" src=\"http:\/\/www.levriers-du-sud.org\/site\/wp-content\/uploads\/2013\/01\/lucas--276x300.jpg\" width=\"276\" height=\"300\" srcset=\"https:\/\/www.levriers-du-sud.org\/site\/wp-content\/uploads\/2013\/01\/lucas--276x300.jpg 276w, https:\/\/www.levriers-du-sud.org\/site\/wp-content\/uploads\/2013\/01\/lucas-.jpg 443w\" sizes=\"auto, (max-width: 276px) 100vw, 276px\" \/><\/a><\/p>\n<p>&nbsp;<\/p>\n","protected":false},"excerpt":{"rendered":"<p>Nous avons eu un appel pour des chiots qui sont dans une perrera de Seville. La b\u00e9n\u00e9vole qui diffuse est d\u00e9sesp\u00e9r\u00e9e car aucune association, aucun refuge n&rsquo;ont r\u00e9pondu \u00e0 ses appels. 13 chiots, dont 3 seraient avec leur m\u00e8re&#8230; quand on connait les conditions sanitaires des perreras pour des chiots.. leur esp\u00e9rance de vie est [&hellip;]<\/p>\n","protected":false},"author":1,"featured_media":0,"comment_status":"open","ping_status":"open","sticky":false,"template":"","format":"standard","meta":{"footnotes":""},"categories":[21,14,13],"tags":[],"class_list":["post-19056","post","type-post","status-publish","format-standard","hentry","category-chiots-adoptes","category-ok-chats","category-ok-chiens"],"aioseo_notices":[],"_links":{"self":[{"href":"https:\/\/www.levriers-du-sud.org\/site\/wp-json\/wp\/v2\/posts\/19056","targetHints":{"allow":["GET"]}}],"collection":[{"href":"https:\/\/www.levriers-du-sud.org\/site\/wp-json\/wp\/v2\/posts"}],"about":[{"href":"https:\/\/www.levriers-du-sud.org\/site\/wp-json\/wp\/v2\/types\/post"}],"author":[{"embeddable":true,"href":"https:\/\/www.levriers-du-sud.org\/site\/wp-json\/wp\/v2\/users\/1"}],"replies":[{"embeddable":true,"href":"https:\/\/www.levriers-du-sud.org\/site\/wp-json\/wp\/v2\/comments?post=19056"}],"version-history":[{"count":26,"href":"https:\/\/www.levriers-du-sud.org\/site\/wp-json\/wp\/v2\/posts\/19056\/revisions"}],"predecessor-version":[{"id":22182,"href":"https:\/\/www.levriers-du-sud.org\/site\/wp-json\/wp\/v2\/posts\/19056\/revisions\/22182"}],"wp:attachment":[{"href":"https:\/\/www.levriers-du-sud.org\/site\/wp-json\/wp\/v2\/media?parent=19056"}],"wp:term":[{"taxonomy":"category","embeddable":true,"href":"https:\/\/www.levriers-du-sud.org\/site\/wp-json\/wp\/v2\/categories?post=19056"},{"taxonomy":"post_tag","embeddable":true,"href":"https:\/\/www.levriers-du-sud.org\/site\/wp-json\/wp\/v2\/tags?post=19056"}],"curies":[{"name":"wp","href":"https:\/\/api.w.org\/{rel}","templated":true}]}}