{"id":20159,"date":"2013-02-05T18:24:42","date_gmt":"2013-02-05T17:24:42","guid":{"rendered":"http:\/\/www.levriers-du-sud.org\/site\/?p=20159"},"modified":"2013-02-05T18:27:59","modified_gmt":"2013-02-05T17:27:59","slug":"prochaines-dates-a-retenir","status":"publish","type":"post","link":"https:\/\/www.levriers-du-sud.org\/site\/05\/02\/2013\/prochaines-dates-a-retenir\/","title":{"rendered":"Prochaines dates \u00e0 retenir !!!"},"content":{"rendered":"<p>Alors quelques infos sur des animations \u00e0 venir qui seront d\u00e9velopp\u00e9es prochainement<\/p>\n<p>&#8211; <strong>Voyage fin Mars<\/strong> : Nous pensons descendre en Espagne fin mars apporter du mat\u00e9riel et voir nos chiens \u00e0 la pension, les dates ne sont pas encore arr\u00eat\u00e9es. Pour le moment, nous faisons passer du mat\u00e9riel \u00e0 des refuges qui montent en France\/Allemagne\/Suisse<\/p>\n<p>&#8211; <strong>Animation<\/strong> \u00e0 CHATEAUROUX (36 ) les <strong>27 et 28 avril<\/strong><\/p>\n<p>&#8211; <strong>Journ\u00e9e Champ\u00eatre le 02 juin<\/strong> \u00e0 Boffres (07) : Grand rassemblement pour tous les adoptants Rhone Alpes et plus si il y a des courageux. Le programme arrive tr\u00e8s vite !! Tous les amoureux des chiens y seront les bienvenus m\u00eame si ils ne sont pas adopt\u00e9s via l\u00e9vriers du Sud<\/p>\n<p>Merci commencer \u00e0 bloquer les dates!!!!<\/p>\n","protected":false},"excerpt":{"rendered":"<p>Alors quelques infos sur des animations \u00e0 venir qui seront d\u00e9velopp\u00e9es prochainement &#8211; Voyage fin Mars : Nous pensons descendre en Espagne fin mars apporter du mat\u00e9riel et voir nos chiens \u00e0 la pension, les dates ne sont pas encore arr\u00eat\u00e9es. Pour le moment, nous faisons passer du mat\u00e9riel \u00e0 des refuges qui montent en [&hellip;]<\/p>\n","protected":false},"author":1,"featured_media":0,"comment_status":"open","ping_status":"open","sticky":false,"template":"","format":"standard","meta":{"footnotes":""},"categories":[3],"tags":[],"class_list":["post-20159","post","type-post","status-publish","format-standard","hentry","category-infos-du-jour"],"aioseo_notices":[],"_links":{"self":[{"href":"https:\/\/www.levriers-du-sud.org\/site\/wp-json\/wp\/v2\/posts\/20159","targetHints":{"allow":["GET"]}}],"collection":[{"href":"https:\/\/www.levriers-du-sud.org\/site\/wp-json\/wp\/v2\/posts"}],"about":[{"href":"https:\/\/www.levriers-du-sud.org\/site\/wp-json\/wp\/v2\/types\/post"}],"author":[{"embeddable":true,"href":"https:\/\/www.levriers-du-sud.org\/site\/wp-json\/wp\/v2\/users\/1"}],"replies":[{"embeddable":true,"href":"https:\/\/www.levriers-du-sud.org\/site\/wp-json\/wp\/v2\/comments?post=20159"}],"version-history":[{"count":3,"href":"https:\/\/www.levriers-du-sud.org\/site\/wp-json\/wp\/v2\/posts\/20159\/revisions"}],"predecessor-version":[{"id":20161,"href":"https:\/\/www.levriers-du-sud.org\/site\/wp-json\/wp\/v2\/posts\/20159\/revisions\/20161"}],"wp:attachment":[{"href":"https:\/\/www.levriers-du-sud.org\/site\/wp-json\/wp\/v2\/media?parent=20159"}],"wp:term":[{"taxonomy":"category","embeddable":true,"href":"https:\/\/www.levriers-du-sud.org\/site\/wp-json\/wp\/v2\/categories?post=20159"},{"taxonomy":"post_tag","embeddable":true,"href":"https:\/\/www.levriers-du-sud.org\/site\/wp-json\/wp\/v2\/tags?post=20159"}],"curies":[{"name":"wp","href":"https:\/\/api.w.org\/{rel}","templated":true}]}}