{"id":20167,"date":"2013-02-06T09:55:21","date_gmt":"2013-02-06T08:55:21","guid":{"rendered":"http:\/\/www.levriers-du-sud.org\/site\/?p=20167"},"modified":"2013-02-06T09:55:21","modified_gmt":"2013-02-06T08:55:21","slug":"les-echarpes-en-promo-sur-la-boite-a-malice","status":"publish","type":"post","link":"https:\/\/www.levriers-du-sud.org\/site\/06\/02\/2013\/les-echarpes-en-promo-sur-la-boite-a-malice\/","title":{"rendered":"Les \u00e9charpes en promo sur la Boite \u00e0 Malice"},"content":{"rendered":"<p>Promo actuellement sur la boite \u00e0 Malice , rubrique Boite \u00e0 V\u00eatements, une \u00e9charpe offerte pour une achet\u00e9e!!!!<\/p>\n<p><strong>soit 6 euros les 2 \u00e9charpes<\/strong> ! Alors laissez vous tenter, l&rsquo;hiver est encore l\u00e0 !<\/p>\n<p><a href=\"http:\/\/boite-a-malice-de-lds.over-blog.com\/\">http:\/\/boite-a-malice-de-lds.over-blog.com\/<\/a><\/p>\n<p>&nbsp;<\/p>\n","protected":false},"excerpt":{"rendered":"<p>Promo actuellement sur la boite \u00e0 Malice , rubrique Boite \u00e0 V\u00eatements, une \u00e9charpe offerte pour une achet\u00e9e!!!! soit 6 euros les 2 \u00e9charpes ! Alors laissez vous tenter, l&rsquo;hiver est encore l\u00e0 ! http:\/\/boite-a-malice-de-lds.over-blog.com\/ &nbsp;<\/p>\n","protected":false},"author":1,"featured_media":0,"comment_status":"open","ping_status":"open","sticky":false,"template":"","format":"standard","meta":{"footnotes":""},"categories":[3],"tags":[],"class_list":["post-20167","post","type-post","status-publish","format-standard","hentry","category-infos-du-jour"],"aioseo_notices":[],"_links":{"self":[{"href":"https:\/\/www.levriers-du-sud.org\/site\/wp-json\/wp\/v2\/posts\/20167","targetHints":{"allow":["GET"]}}],"collection":[{"href":"https:\/\/www.levriers-du-sud.org\/site\/wp-json\/wp\/v2\/posts"}],"about":[{"href":"https:\/\/www.levriers-du-sud.org\/site\/wp-json\/wp\/v2\/types\/post"}],"author":[{"embeddable":true,"href":"https:\/\/www.levriers-du-sud.org\/site\/wp-json\/wp\/v2\/users\/1"}],"replies":[{"embeddable":true,"href":"https:\/\/www.levriers-du-sud.org\/site\/wp-json\/wp\/v2\/comments?post=20167"}],"version-history":[{"count":2,"href":"https:\/\/www.levriers-du-sud.org\/site\/wp-json\/wp\/v2\/posts\/20167\/revisions"}],"predecessor-version":[{"id":20169,"href":"https:\/\/www.levriers-du-sud.org\/site\/wp-json\/wp\/v2\/posts\/20167\/revisions\/20169"}],"wp:attachment":[{"href":"https:\/\/www.levriers-du-sud.org\/site\/wp-json\/wp\/v2\/media?parent=20167"}],"wp:term":[{"taxonomy":"category","embeddable":true,"href":"https:\/\/www.levriers-du-sud.org\/site\/wp-json\/wp\/v2\/categories?post=20167"},{"taxonomy":"post_tag","embeddable":true,"href":"https:\/\/www.levriers-du-sud.org\/site\/wp-json\/wp\/v2\/tags?post=20167"}],"curies":[{"name":"wp","href":"https:\/\/api.w.org\/{rel}","templated":true}]}}