{"id":20405,"date":"2013-02-15T09:53:09","date_gmt":"2013-02-15T08:53:09","guid":{"rendered":"http:\/\/www.levriers-du-sud.org\/site\/?p=20405"},"modified":"2013-02-15T09:54:10","modified_gmt":"2013-02-15T08:54:10","slug":"adieu-ma-bichette","status":"publish","type":"post","link":"https:\/\/www.levriers-du-sud.org\/site\/15\/02\/2013\/adieu-ma-bichette\/","title":{"rendered":"Adieu ma bichette&#8230;"},"content":{"rendered":"<p>Ce matin, il fait bien sombre dans mon coeur&#8230;<\/p>\n<p>Toska est partie.. On le savait, la vie ne l&rsquo;avait pas \u00e9pargn\u00e9, on avait pourtant tellement l&rsquo;espoir de lui offrir un plus long r\u00e9pit.. Elle est remont\u00e9e en Novembre, 3 petits mois &#8230; si peu dans sa vie. Elle allait pourtant bien, avait trouv\u00e9 chez sa fa Sabine , un petit regain de vie. Mais ce matin le destin l&rsquo;a rattrap\u00e9. Le foie et les reins ont lach\u00e9, elle vient de s&rsquo;endormir chez le v\u00e9t\u00e9rinaire o\u00f9\u00a0 son petit coeur fatigu\u00e9 a lach\u00e9&#8230;<\/p>\n<p>Je garderais pour toi ces images de bonheur fugace. Adieu ma bichette, je t&rsquo;aimais, tu seras toujours dans mon coeur..<\/p>\n<p>Merci \u00e0 gabrielle, puis \u00e0 Sabine\u00a0 (ses deux fa) qui lui auront apport\u00e9 un peu de joie dans sa vie<\/p>\n<p><a href=\"http:\/\/www.levriers-du-sud.org\/site\/wp-content\/uploads\/2013\/02\/toska-fa-neww.jpg\"><img loading=\"lazy\" decoding=\"async\" class=\"alignnone size-medium wp-image-20406\" alt=\"toska fa neww\" src=\"http:\/\/www.levriers-du-sud.org\/site\/wp-content\/uploads\/2013\/02\/toska-fa-neww-300x169.jpg\" width=\"436\" height=\"245\" srcset=\"https:\/\/www.levriers-du-sud.org\/site\/wp-content\/uploads\/2013\/02\/toska-fa-neww-300x169.jpg 300w, https:\/\/www.levriers-du-sud.org\/site\/wp-content\/uploads\/2013\/02\/toska-fa-neww-1024x577.jpg 1024w\" sizes=\"auto, (max-width: 436px) 100vw, 436px\" \/><\/a><\/p>\n","protected":false},"excerpt":{"rendered":"<p>Ce matin, il fait bien sombre dans mon coeur&#8230; Toska est partie.. On le savait, la vie ne l&rsquo;avait pas \u00e9pargn\u00e9, on avait pourtant tellement l&rsquo;espoir de lui offrir un plus long r\u00e9pit.. Elle est remont\u00e9e en Novembre, 3 petits mois &#8230; si peu dans sa vie. Elle allait pourtant bien, avait trouv\u00e9 chez sa [&hellip;]<\/p>\n","protected":false},"author":1,"featured_media":0,"comment_status":"open","ping_status":"open","sticky":false,"template":"","format":"standard","meta":{"footnotes":""},"categories":[9,3],"tags":[],"class_list":["post-20405","post","type-post","status-publish","format-standard","hentry","category-album","category-infos-du-jour"],"aioseo_notices":[],"_links":{"self":[{"href":"https:\/\/www.levriers-du-sud.org\/site\/wp-json\/wp\/v2\/posts\/20405","targetHints":{"allow":["GET"]}}],"collection":[{"href":"https:\/\/www.levriers-du-sud.org\/site\/wp-json\/wp\/v2\/posts"}],"about":[{"href":"https:\/\/www.levriers-du-sud.org\/site\/wp-json\/wp\/v2\/types\/post"}],"author":[{"embeddable":true,"href":"https:\/\/www.levriers-du-sud.org\/site\/wp-json\/wp\/v2\/users\/1"}],"replies":[{"embeddable":true,"href":"https:\/\/www.levriers-du-sud.org\/site\/wp-json\/wp\/v2\/comments?post=20405"}],"version-history":[{"count":2,"href":"https:\/\/www.levriers-du-sud.org\/site\/wp-json\/wp\/v2\/posts\/20405\/revisions"}],"predecessor-version":[{"id":20408,"href":"https:\/\/www.levriers-du-sud.org\/site\/wp-json\/wp\/v2\/posts\/20405\/revisions\/20408"}],"wp:attachment":[{"href":"https:\/\/www.levriers-du-sud.org\/site\/wp-json\/wp\/v2\/media?parent=20405"}],"wp:term":[{"taxonomy":"category","embeddable":true,"href":"https:\/\/www.levriers-du-sud.org\/site\/wp-json\/wp\/v2\/categories?post=20405"},{"taxonomy":"post_tag","embeddable":true,"href":"https:\/\/www.levriers-du-sud.org\/site\/wp-json\/wp\/v2\/tags?post=20405"}],"curies":[{"name":"wp","href":"https:\/\/api.w.org\/{rel}","templated":true}]}}