{"id":20438,"date":"2013-02-16T18:34:22","date_gmt":"2013-02-16T17:34:22","guid":{"rendered":"http:\/\/www.levriers-du-sud.org\/site\/?p=20438"},"modified":"2013-04-01T17:04:28","modified_gmt":"2013-04-01T15:04:28","slug":"ada-option","status":"publish","type":"post","link":"https:\/\/www.levriers-du-sud.org\/site\/16\/02\/2013\/ada-option\/","title":{"rendered":"Ada&#8230; adopt\u00e9e"},"content":{"rendered":"<p><strong>Type :<\/strong> crois\u00e9s petites races<br \/>\n<strong>Sexe :<\/strong> femelle<br \/>\n<strong>Age <\/strong>:\u00a0 3 mois<br \/>\n<strong>Sant\u00e9\u00a0 :<\/strong>trouv\u00e9s dans la rue<br \/>\n<strong><strong>Situation:<\/strong><\/strong> en accueil chez la responsable du refuge<strong><strong><br \/>\n<\/strong><\/strong><\/p>\n<p><strong>Commentaire :<\/strong><br \/>\nConsuelo nous a envoy\u00e9 ces deux petits chiots, ils sont 3 mois. Ils p\u00e8sent actuellement 3 kgs. Ils seront de petite taille adulte<strong><br \/>\n<\/strong><\/p>\n<p><a href=\"http:\/\/www.levriers-du-sud.org\/site\/wp-content\/uploads\/2013\/02\/ADA4.jpg\"><img loading=\"lazy\" decoding=\"async\" class=\"alignnone size-medium wp-image-20303\" alt=\"ADA4\" src=\"http:\/\/www.levriers-du-sud.org\/site\/wp-content\/uploads\/2013\/02\/ADA4-300x225.jpg\" width=\"271\" height=\"209\" \/><\/a> <a href=\"http:\/\/www.levriers-du-sud.org\/site\/wp-content\/uploads\/2013\/02\/ada3.jpg\"><img loading=\"lazy\" decoding=\"async\" class=\"alignnone size-medium wp-image-20302\" alt=\"ada3\" src=\"http:\/\/www.levriers-du-sud.org\/site\/wp-content\/uploads\/2013\/02\/ada3-300x225.jpg\" width=\"279\" height=\"209\" srcset=\"https:\/\/www.levriers-du-sud.org\/site\/wp-content\/uploads\/2013\/02\/ada3-300x225.jpg 300w, https:\/\/www.levriers-du-sud.org\/site\/wp-content\/uploads\/2013\/02\/ada3-1024x768.jpg 1024w\" sizes=\"auto, (max-width: 279px) 100vw, 279px\" \/><\/a><\/p>\n","protected":false},"excerpt":{"rendered":"<p>Type : crois\u00e9s petites races Sexe : femelle Age :\u00a0 3 mois Sant\u00e9\u00a0 :trouv\u00e9s dans la rue Situation: en accueil chez la responsable du refuge Commentaire : Consuelo nous a envoy\u00e9 ces deux petits chiots, ils sont 3 mois. Ils p\u00e8sent actuellement 3 kgs. Ils seront de petite taille adulte<\/p>\n","protected":false},"author":1,"featured_media":0,"comment_status":"open","ping_status":"open","sticky":false,"template":"","format":"standard","meta":{"footnotes":""},"categories":[21],"tags":[],"class_list":["post-20438","post","type-post","status-publish","format-standard","hentry","category-chiots-adoptes"],"aioseo_notices":[],"_links":{"self":[{"href":"https:\/\/www.levriers-du-sud.org\/site\/wp-json\/wp\/v2\/posts\/20438","targetHints":{"allow":["GET"]}}],"collection":[{"href":"https:\/\/www.levriers-du-sud.org\/site\/wp-json\/wp\/v2\/posts"}],"about":[{"href":"https:\/\/www.levriers-du-sud.org\/site\/wp-json\/wp\/v2\/types\/post"}],"author":[{"embeddable":true,"href":"https:\/\/www.levriers-du-sud.org\/site\/wp-json\/wp\/v2\/users\/1"}],"replies":[{"embeddable":true,"href":"https:\/\/www.levriers-du-sud.org\/site\/wp-json\/wp\/v2\/comments?post=20438"}],"version-history":[{"count":5,"href":"https:\/\/www.levriers-du-sud.org\/site\/wp-json\/wp\/v2\/posts\/20438\/revisions"}],"predecessor-version":[{"id":21422,"href":"https:\/\/www.levriers-du-sud.org\/site\/wp-json\/wp\/v2\/posts\/20438\/revisions\/21422"}],"wp:attachment":[{"href":"https:\/\/www.levriers-du-sud.org\/site\/wp-json\/wp\/v2\/media?parent=20438"}],"wp:term":[{"taxonomy":"category","embeddable":true,"href":"https:\/\/www.levriers-du-sud.org\/site\/wp-json\/wp\/v2\/categories?post=20438"},{"taxonomy":"post_tag","embeddable":true,"href":"https:\/\/www.levriers-du-sud.org\/site\/wp-json\/wp\/v2\/tags?post=20438"}],"curies":[{"name":"wp","href":"https:\/\/api.w.org\/{rel}","templated":true}]}}