{"id":20684,"date":"2013-03-05T13:10:18","date_gmt":"2013-03-05T12:10:18","guid":{"rendered":"http:\/\/www.levriers-du-sud.org\/site\/?p=20684"},"modified":"2013-05-07T12:04:45","modified_gmt":"2013-05-07T10:04:45","slug":"buda-2","status":"publish","type":"post","link":"https:\/\/www.levriers-du-sud.org\/site\/05\/03\/2013\/buda-2\/","title":{"rendered":"Buda.. adopt\u00e9"},"content":{"rendered":"<p><strong>Type :<\/strong>crois\u00e9 petite race<br \/>\n<strong>Sexe :<\/strong> m\u00e2le<br \/>\n<strong>Age :<\/strong>01\/01\/2013<br \/>\n<strong>Sant\u00e9\u00a0 :<\/strong>primo vaccinations<br \/>\n<strong><strong>Situation: <\/strong><\/strong>en refuge<strong><strong><br \/>\n<\/strong><\/strong><\/p>\n<p><strong>Commentaire :<br \/>\n<\/strong>Un petit chiot de chez Merche. C&rsquo;est le seul de sa port\u00e9e, sur les 9 tous les autres ont \u00e9t\u00e9 adopt\u00e9s en espagne d\u00e9j\u00e0. Ce sera un chien de petite taille adulte<strong>. <\/strong>Les conditions de vie pour de si petits chiots sont vraiment difficiles<strong><br \/>\n<\/strong><\/p>\n<p><a href=\"http:\/\/www.levriers-du-sud.org\/site\/wp-content\/uploads\/2013\/02\/IMG-20130220-WA0000.jpg\"><img loading=\"lazy\" decoding=\"async\" class=\"alignnone size-medium wp-image-20685\" alt=\"IMG-20130220-WA0000\" src=\"http:\/\/www.levriers-du-sud.org\/site\/wp-content\/uploads\/2013\/02\/IMG-20130220-WA0000-270x300.jpg\" width=\"270\" height=\"300\" srcset=\"https:\/\/www.levriers-du-sud.org\/site\/wp-content\/uploads\/2013\/02\/IMG-20130220-WA0000-270x300.jpg 270w, https:\/\/www.levriers-du-sud.org\/site\/wp-content\/uploads\/2013\/02\/IMG-20130220-WA0000.jpg 280w\" sizes=\"auto, (max-width: 270px) 100vw, 270px\" \/><\/a> <a href=\"http:\/\/www.levriers-du-sud.org\/site\/wp-content\/uploads\/2013\/02\/IMG-20130220-WA0004.jpg\"><img loading=\"lazy\" decoding=\"async\" class=\"alignnone size-medium wp-image-20686\" alt=\"IMG-20130220-WA0004\" src=\"http:\/\/www.levriers-du-sud.org\/site\/wp-content\/uploads\/2013\/02\/IMG-20130220-WA0004-208x300.jpg\" width=\"208\" height=\"300\" srcset=\"https:\/\/www.levriers-du-sud.org\/site\/wp-content\/uploads\/2013\/02\/IMG-20130220-WA0004-208x300.jpg 208w, https:\/\/www.levriers-du-sud.org\/site\/wp-content\/uploads\/2013\/02\/IMG-20130220-WA0004.jpg 280w\" sizes=\"auto, (max-width: 208px) 100vw, 208px\" \/><\/a><\/p>\n<p>&nbsp;<\/p>\n","protected":false},"excerpt":{"rendered":"<p>Type :crois\u00e9 petite race Sexe : m\u00e2le Age :01\/01\/2013 Sant\u00e9\u00a0 :primo vaccinations Situation: en refuge Commentaire : Un petit chiot de chez Merche. C&rsquo;est le seul de sa port\u00e9e, sur les 9 tous les autres ont \u00e9t\u00e9 adopt\u00e9s en espagne d\u00e9j\u00e0. Ce sera un chien de petite taille adulte. Les conditions de vie pour de [&hellip;]<\/p>\n","protected":false},"author":1,"featured_media":0,"comment_status":"open","ping_status":"open","sticky":false,"template":"","format":"standard","meta":{"footnotes":""},"categories":[21],"tags":[],"class_list":["post-20684","post","type-post","status-publish","format-standard","hentry","category-chiots-adoptes"],"aioseo_notices":[],"_links":{"self":[{"href":"https:\/\/www.levriers-du-sud.org\/site\/wp-json\/wp\/v2\/posts\/20684","targetHints":{"allow":["GET"]}}],"collection":[{"href":"https:\/\/www.levriers-du-sud.org\/site\/wp-json\/wp\/v2\/posts"}],"about":[{"href":"https:\/\/www.levriers-du-sud.org\/site\/wp-json\/wp\/v2\/types\/post"}],"author":[{"embeddable":true,"href":"https:\/\/www.levriers-du-sud.org\/site\/wp-json\/wp\/v2\/users\/1"}],"replies":[{"embeddable":true,"href":"https:\/\/www.levriers-du-sud.org\/site\/wp-json\/wp\/v2\/comments?post=20684"}],"version-history":[{"count":5,"href":"https:\/\/www.levriers-du-sud.org\/site\/wp-json\/wp\/v2\/posts\/20684\/revisions"}],"predecessor-version":[{"id":20851,"href":"https:\/\/www.levriers-du-sud.org\/site\/wp-json\/wp\/v2\/posts\/20684\/revisions\/20851"}],"wp:attachment":[{"href":"https:\/\/www.levriers-du-sud.org\/site\/wp-json\/wp\/v2\/media?parent=20684"}],"wp:term":[{"taxonomy":"category","embeddable":true,"href":"https:\/\/www.levriers-du-sud.org\/site\/wp-json\/wp\/v2\/categories?post=20684"},{"taxonomy":"post_tag","embeddable":true,"href":"https:\/\/www.levriers-du-sud.org\/site\/wp-json\/wp\/v2\/tags?post=20684"}],"curies":[{"name":"wp","href":"https:\/\/api.w.org\/{rel}","templated":true}]}}