{"id":20806,"date":"2013-03-01T23:37:21","date_gmt":"2013-03-01T22:37:21","guid":{"rendered":"http:\/\/www.levriers-du-sud.org\/site\/?p=20806"},"modified":"2013-03-01T23:43:00","modified_gmt":"2013-03-01T22:43:00","slug":"adieu-a-madu","status":"publish","type":"post","link":"https:\/\/www.levriers-du-sud.org\/site\/01\/03\/2013\/adieu-a-madu\/","title":{"rendered":"Adieu \u00e0 Madu"},"content":{"rendered":"<p>Un ange est partie rejoindre ces amis martyrs&#8230;..<\/p>\n<p>Notre gentil Madu est parti ce soir \u00e0 la suite d&rsquo;une de ces innombrables crises d&rsquo;\u00e9pilepsie si terribles les unes apr\u00e8s les autres. Il avait \u00e9t\u00e9 adopt\u00e9 le 11\u00a0 janvier 2012, et apr\u00e8s quelques jours d&rsquo;adoption il avait commenc\u00e9 ces crises comme cela sans raison..Sans doute ce pass\u00e9 de maltraitance qui laisse des traces.<\/p>\n<p>La derni\u00e8re crise a \u00e9t\u00e9 fatale et a dur\u00e9 plus d&rsquo;une heure et demi sans qu&rsquo;il ne se r\u00e9veille&#8230;.<\/p>\n<p>Les personnes qui avaient adopt\u00e9 ce merveilleux galgo sont des gens formidables qui ont mis leur vie entre parenth\u00e8se pour prendre soin de lui depuis les premiers jours de son arriv\u00e9e \u00e0 la suite de ses premi\u00e8res crises. Ils le laissaient tr\u00e8s peu seul ,il suivait Roselyne comme son ombre et hurlait quand il ne la voyait plus.<\/p>\n<p>Il laisse un go\u00fbt amer dans nos m\u00e9moires d&rsquo;abord parce que le pauvre n&rsquo;a touch\u00e9 que du bout des doigts cette s\u00e9r\u00e9nit\u00e9 que ce chien m\u00e9ritait comme les autres.Et parce qu&rsquo;il laisse derri\u00e8re lui une famille enti\u00e8re an\u00e9antie. M\u00eame Gazelle, une de ses amie galga qui ne fait que pleurer et qui le cherche partout&#8230;.<\/p>\n<p>Madu, pour toi ,nous continuerons ce combat contre ces gens tortionnaires qui abusent de la gentillesse des chiens comme toi. Une pens\u00e9e pour Vainillia qui est mort dans les m\u00eame circonstances que Madu&#8230;.<\/p>\n<p>A Roselyne et sa famille qui pleure ce chien merveilleux ,je vous souhaite tout le courage que je peux, pour att\u00e9nuer votre douleur et l&rsquo;\u00e9quipe de L\u00e9vriers du sud m&rsquo;accompagne dans cette pens\u00e9e.<\/p>\n<p>Adieu Madu nous voulions tant pour toi et nous avons fait ce que l&rsquo;on a pu ,une famille formidable mais une vie trop courte&#8230;\u00a0 Maryline<\/p>\n<p><a href=\"http:\/\/www.levriers-du-sud.org\/site\/wp-content\/uploads\/2013\/03\/madu-nov.jpg\"><img loading=\"lazy\" decoding=\"async\" class=\"alignnone size-medium wp-image-20807\" alt=\"madu nov\" src=\"http:\/\/www.levriers-du-sud.org\/site\/wp-content\/uploads\/2013\/03\/madu-nov-300x199.jpg\" width=\"279\" height=\"185\" srcset=\"https:\/\/www.levriers-du-sud.org\/site\/wp-content\/uploads\/2013\/03\/madu-nov-300x199.jpg 300w, https:\/\/www.levriers-du-sud.org\/site\/wp-content\/uploads\/2013\/03\/madu-nov-1024x680.jpg 1024w\" sizes=\"auto, (max-width: 279px) 100vw, 279px\" \/><\/a> <a href=\"http:\/\/www.levriers-du-sud.org\/site\/wp-content\/uploads\/2013\/03\/madu-tt.jpg\"><img loading=\"lazy\" decoding=\"async\" class=\"alignnone size-medium wp-image-20808\" alt=\"madu tt\" src=\"http:\/\/www.levriers-du-sud.org\/site\/wp-content\/uploads\/2013\/03\/madu-tt-300x199.jpg\" width=\"279\" height=\"185\" srcset=\"https:\/\/www.levriers-du-sud.org\/site\/wp-content\/uploads\/2013\/03\/madu-tt-300x199.jpg 300w, https:\/\/www.levriers-du-sud.org\/site\/wp-content\/uploads\/2013\/03\/madu-tt-1024x680.jpg 1024w\" sizes=\"auto, (max-width: 279px) 100vw, 279px\" \/><\/a><\/p>\n","protected":false},"excerpt":{"rendered":"<p>Un ange est partie rejoindre ces amis martyrs&#8230;.. Notre gentil Madu est parti ce soir \u00e0 la suite d&rsquo;une de ces innombrables crises d&rsquo;\u00e9pilepsie si terribles les unes apr\u00e8s les autres. Il avait \u00e9t\u00e9 adopt\u00e9 le 11\u00a0 janvier 2012, et apr\u00e8s quelques jours d&rsquo;adoption il avait commenc\u00e9 ces crises comme cela sans raison..Sans doute ce [&hellip;]<\/p>\n","protected":false},"author":1,"featured_media":0,"comment_status":"open","ping_status":"open","sticky":false,"template":"","format":"standard","meta":{"footnotes":""},"categories":[9,3],"tags":[],"class_list":["post-20806","post","type-post","status-publish","format-standard","hentry","category-album","category-infos-du-jour"],"aioseo_notices":[],"_links":{"self":[{"href":"https:\/\/www.levriers-du-sud.org\/site\/wp-json\/wp\/v2\/posts\/20806","targetHints":{"allow":["GET"]}}],"collection":[{"href":"https:\/\/www.levriers-du-sud.org\/site\/wp-json\/wp\/v2\/posts"}],"about":[{"href":"https:\/\/www.levriers-du-sud.org\/site\/wp-json\/wp\/v2\/types\/post"}],"author":[{"embeddable":true,"href":"https:\/\/www.levriers-du-sud.org\/site\/wp-json\/wp\/v2\/users\/1"}],"replies":[{"embeddable":true,"href":"https:\/\/www.levriers-du-sud.org\/site\/wp-json\/wp\/v2\/comments?post=20806"}],"version-history":[{"count":4,"href":"https:\/\/www.levriers-du-sud.org\/site\/wp-json\/wp\/v2\/posts\/20806\/revisions"}],"predecessor-version":[{"id":20811,"href":"https:\/\/www.levriers-du-sud.org\/site\/wp-json\/wp\/v2\/posts\/20806\/revisions\/20811"}],"wp:attachment":[{"href":"https:\/\/www.levriers-du-sud.org\/site\/wp-json\/wp\/v2\/media?parent=20806"}],"wp:term":[{"taxonomy":"category","embeddable":true,"href":"https:\/\/www.levriers-du-sud.org\/site\/wp-json\/wp\/v2\/categories?post=20806"},{"taxonomy":"post_tag","embeddable":true,"href":"https:\/\/www.levriers-du-sud.org\/site\/wp-json\/wp\/v2\/tags?post=20806"}],"curies":[{"name":"wp","href":"https:\/\/api.w.org\/{rel}","templated":true}]}}