{"id":21493,"date":"2013-10-13T09:58:13","date_gmt":"2013-10-13T07:58:13","guid":{"rendered":"http:\/\/www.levriers-du-sud.org\/site\/?p=21493"},"modified":"2014-01-11T18:22:04","modified_gmt":"2014-01-11T17:22:04","slug":"catalina","status":"publish","type":"post","link":"https:\/\/www.levriers-du-sud.org\/site\/13\/10\/2013\/catalina\/","title":{"rendered":"Catalina&#8230; vol\u00e9e au refuge"},"content":{"rendered":"<p><strong>Type :<\/strong> galgo<br \/>\n<strong>Sexe :<\/strong>femelle<br \/>\n<strong>Age <\/strong>:\u00a0 5 ans 1\/2, 60cm 20kgs<br \/>\n<strong>Sant\u00e9\u00a0 :<\/strong>st\u00e9rilis\u00e9e, ,n\u00e9gative aux 3MM<br \/>\n<strong><strong>Situation:<\/strong><\/strong> en refuge<strong><strong><br \/>\n<\/strong><\/strong><\/p>\n<p><strong>Commentaire :<br \/>\n<\/strong>Catalina est une galga tr\u00e8s douce, soumise. Elle est ok avec les autres chiens et les enfants. Elle n&rsquo;a pas de traumatisme.<strong><br \/>\n<\/strong><\/p>\n<p><a href=\"http:\/\/www.levriers-du-sud.org\/site\/wp-content\/uploads\/2013\/04\/Catalina-1.jpg\"><img loading=\"lazy\" decoding=\"async\" class=\"alignnone size-medium wp-image-21494\" alt=\"Catalina 1\" src=\"http:\/\/www.levriers-du-sud.org\/site\/wp-content\/uploads\/2013\/04\/Catalina-1-300x297.jpg\" width=\"249\" height=\"246\" srcset=\"https:\/\/www.levriers-du-sud.org\/site\/wp-content\/uploads\/2013\/04\/Catalina-1-300x297.jpg 300w, https:\/\/www.levriers-du-sud.org\/site\/wp-content\/uploads\/2013\/04\/Catalina-1.jpg 722w\" sizes=\"auto, (max-width: 249px) 100vw, 249px\" \/><\/a> <a href=\"http:\/\/www.levriers-du-sud.org\/site\/wp-content\/uploads\/2013\/04\/Catalina-2.jpg\"><img loading=\"lazy\" decoding=\"async\" class=\"alignnone size-medium wp-image-21495\" alt=\"Catalina 2\" src=\"http:\/\/www.levriers-du-sud.org\/site\/wp-content\/uploads\/2013\/04\/Catalina-2-300x248.jpg\" width=\"300\" height=\"248\" srcset=\"https:\/\/www.levriers-du-sud.org\/site\/wp-content\/uploads\/2013\/04\/Catalina-2-300x248.jpg 300w, https:\/\/www.levriers-du-sud.org\/site\/wp-content\/uploads\/2013\/04\/Catalina-2.jpg 969w\" sizes=\"auto, (max-width: 300px) 100vw, 300px\" \/><!--more--><\/a><\/p>\n<p><a href=\"http:\/\/www.levriers-du-sud.org\/site\/wp-content\/uploads\/2013\/04\/Catalina-3.jpg\"><img loading=\"lazy\" decoding=\"async\" class=\"alignnone size-medium wp-image-21496\" alt=\"Catalina 3\" src=\"http:\/\/www.levriers-du-sud.org\/site\/wp-content\/uploads\/2013\/04\/Catalina-3-300x282.jpg\" width=\"300\" height=\"282\" srcset=\"https:\/\/www.levriers-du-sud.org\/site\/wp-content\/uploads\/2013\/04\/Catalina-3-300x282.jpg 300w, https:\/\/www.levriers-du-sud.org\/site\/wp-content\/uploads\/2013\/04\/Catalina-3.jpg 827w\" sizes=\"auto, (max-width: 300px) 100vw, 300px\" \/><\/a> <a href=\"http:\/\/www.levriers-du-sud.org\/site\/wp-content\/uploads\/2013\/04\/Catalina-8.jpg\"><img loading=\"lazy\" decoding=\"async\" class=\"alignnone size-medium wp-image-21497\" alt=\"Catalina 8\" src=\"http:\/\/www.levriers-du-sud.org\/site\/wp-content\/uploads\/2013\/04\/Catalina-8-257x300.jpg\" width=\"241\" height=\"281\" srcset=\"https:\/\/www.levriers-du-sud.org\/site\/wp-content\/uploads\/2013\/04\/Catalina-8-257x300.jpg 257w, https:\/\/www.levriers-du-sud.org\/site\/wp-content\/uploads\/2013\/04\/Catalina-8.jpg 677w\" sizes=\"auto, (max-width: 241px) 100vw, 241px\" \/><\/a><\/p>\n","protected":false},"excerpt":{"rendered":"<p>Type : galgo Sexe :femelle Age :\u00a0 5 ans 1\/2, 60cm 20kgs Sant\u00e9\u00a0 :st\u00e9rilis\u00e9e, ,n\u00e9gative aux 3MM Situation: en refuge Commentaire : Catalina est une galga tr\u00e8s douce, soumise. Elle est ok avec les autres chiens et les enfants. Elle n&rsquo;a pas de traumatisme.<\/p>\n","protected":false},"author":1,"featured_media":0,"comment_status":"open","ping_status":"open","sticky":false,"template":"","format":"standard","meta":{"footnotes":""},"categories":[9],"tags":[],"class_list":["post-21493","post","type-post","status-publish","format-standard","hentry","category-album"],"aioseo_notices":[],"_links":{"self":[{"href":"https:\/\/www.levriers-du-sud.org\/site\/wp-json\/wp\/v2\/posts\/21493","targetHints":{"allow":["GET"]}}],"collection":[{"href":"https:\/\/www.levriers-du-sud.org\/site\/wp-json\/wp\/v2\/posts"}],"about":[{"href":"https:\/\/www.levriers-du-sud.org\/site\/wp-json\/wp\/v2\/types\/post"}],"author":[{"embeddable":true,"href":"https:\/\/www.levriers-du-sud.org\/site\/wp-json\/wp\/v2\/users\/1"}],"replies":[{"embeddable":true,"href":"https:\/\/www.levriers-du-sud.org\/site\/wp-json\/wp\/v2\/comments?post=21493"}],"version-history":[{"count":4,"href":"https:\/\/www.levriers-du-sud.org\/site\/wp-json\/wp\/v2\/posts\/21493\/revisions"}],"predecessor-version":[{"id":25082,"href":"https:\/\/www.levriers-du-sud.org\/site\/wp-json\/wp\/v2\/posts\/21493\/revisions\/25082"}],"wp:attachment":[{"href":"https:\/\/www.levriers-du-sud.org\/site\/wp-json\/wp\/v2\/media?parent=21493"}],"wp:term":[{"taxonomy":"category","embeddable":true,"href":"https:\/\/www.levriers-du-sud.org\/site\/wp-json\/wp\/v2\/categories?post=21493"},{"taxonomy":"post_tag","embeddable":true,"href":"https:\/\/www.levriers-du-sud.org\/site\/wp-json\/wp\/v2\/tags?post=21493"}],"curies":[{"name":"wp","href":"https:\/\/api.w.org\/{rel}","templated":true}]}}