{"id":22451,"date":"2013-08-28T19:03:24","date_gmt":"2013-08-28T17:03:24","guid":{"rendered":"http:\/\/www.levriers-du-sud.org\/site\/?p=22451"},"modified":"2013-09-21T19:14:47","modified_gmt":"2013-09-21T17:14:47","slug":"odin","status":"publish","type":"post","link":"https:\/\/www.levriers-du-sud.org\/site\/28\/08\/2013\/odin\/","title":{"rendered":"Odin..Adopt\u00e9"},"content":{"rendered":"<p><strong>Type :<\/strong>galgo<br \/>\n<strong>Sexe :<\/strong>m\u00e2le<br \/>\n<strong>Age :<\/strong> 1 an<br \/>\n<strong>Sant\u00e9\u00a0 :<\/strong>en cours, 70 cms<br \/>\n<strong><strong>Situation: <\/strong><\/strong>en pension \u00e0 notre charge<strong><strong><br \/>\n<\/strong><\/strong><\/p>\n<p><strong>Commentaire :<br \/>\n<\/strong>Consuelo a recueilli ce jeune galgo dans la rue il y a quelques semaines. Il divaguait sur la route, et quand elle s&rsquo;est approch\u00e9 , elle pensait qu&rsquo;il aurait peur et s&rsquo;enfuierait, mais il est venu vers elle et il est mont\u00e9 sans probl\u00e8me dans sa voiture. Il n&rsquo;a pas l&rsquo;air d&rsquo;appartenir \u00e0 un chasseur, il a certainement \u00e9t\u00e9 abandonn\u00e9 car il ne chassait pas. Il est dans son refuge, nous avons peur car il n&rsquo;est pas s\u00e9curis\u00e9 pour les galgos<strong>. <\/strong>C&rsquo;est un chien tr\u00e8s sociable et pas craintif<strong><br \/>\n<\/strong><\/p>\n<p><a href=\"http:\/\/www.levriers-du-sud.org\/site\/wp-content\/uploads\/2013\/05\/olimpe-7.jpg\"><img loading=\"lazy\" decoding=\"async\" class=\"alignnone size-medium wp-image-22456\" alt=\"OLYMPUS DIGITAL CAMERA\" src=\"http:\/\/www.levriers-du-sud.org\/site\/wp-content\/uploads\/2013\/05\/olimpe-7-300x241.jpg\" width=\"279\" height=\"224\" srcset=\"https:\/\/www.levriers-du-sud.org\/site\/wp-content\/uploads\/2013\/05\/olimpe-7-300x241.jpg 300w, https:\/\/www.levriers-du-sud.org\/site\/wp-content\/uploads\/2013\/05\/olimpe-7.jpg 500w\" sizes=\"auto, (max-width: 279px) 100vw, 279px\" \/><\/a> <a href=\"http:\/\/www.levriers-du-sud.org\/site\/wp-content\/uploads\/2013\/05\/olimpe-8.jpg\"><img loading=\"lazy\" decoding=\"async\" class=\"alignnone size-medium wp-image-22457\" alt=\"OLYMPUS DIGITAL CAMERA\" src=\"http:\/\/www.levriers-du-sud.org\/site\/wp-content\/uploads\/2013\/05\/olimpe-8-300x247.jpg\" width=\"270\" height=\"222\" srcset=\"https:\/\/www.levriers-du-sud.org\/site\/wp-content\/uploads\/2013\/05\/olimpe-8-300x247.jpg 300w, https:\/\/www.levriers-du-sud.org\/site\/wp-content\/uploads\/2013\/05\/olimpe-8.jpg 500w\" sizes=\"auto, (max-width: 270px) 100vw, 270px\" \/><\/a><!--more--><\/p>\n<p><a href=\"http:\/\/www.levriers-du-sud.org\/site\/wp-content\/uploads\/2013\/05\/olimpe-6.jpg\"><img loading=\"lazy\" decoding=\"async\" class=\"alignnone size-medium wp-image-22455\" alt=\"OLYMPUS DIGITAL CAMERA\" src=\"http:\/\/www.levriers-du-sud.org\/site\/wp-content\/uploads\/2013\/05\/olimpe-6-270x300.jpg\" width=\"255\" height=\"284\" srcset=\"https:\/\/www.levriers-du-sud.org\/site\/wp-content\/uploads\/2013\/05\/olimpe-6-270x300.jpg 270w, https:\/\/www.levriers-du-sud.org\/site\/wp-content\/uploads\/2013\/05\/olimpe-6.jpg 500w\" sizes=\"auto, (max-width: 255px) 100vw, 255px\" \/><\/a> <a href=\"http:\/\/www.levriers-du-sud.org\/site\/wp-content\/uploads\/2013\/05\/olimpe-4.jpg\"><img loading=\"lazy\" decoding=\"async\" class=\"alignnone size-medium wp-image-22453\" alt=\"OLYMPUS DIGITAL CAMERA\" src=\"http:\/\/www.levriers-du-sud.org\/site\/wp-content\/uploads\/2013\/05\/olimpe-4-296x300.jpg\" width=\"280\" height=\"283\" srcset=\"https:\/\/www.levriers-du-sud.org\/site\/wp-content\/uploads\/2013\/05\/olimpe-4-296x300.jpg 296w, https:\/\/www.levriers-du-sud.org\/site\/wp-content\/uploads\/2013\/05\/olimpe-4.jpg 500w\" sizes=\"auto, (max-width: 280px) 100vw, 280px\" \/><\/a><\/p>\n<p><a href=\"http:\/\/www.levriers-du-sud.org\/site\/wp-content\/uploads\/2013\/05\/olimpe-5.jpg\"><img loading=\"lazy\" decoding=\"async\" class=\"alignnone size-medium wp-image-22454\" alt=\"OLYMPUS DIGITAL CAMERA\" src=\"http:\/\/www.levriers-du-sud.org\/site\/wp-content\/uploads\/2013\/05\/olimpe-5-300x225.jpg\" width=\"279\" height=\"209\" srcset=\"https:\/\/www.levriers-du-sud.org\/site\/wp-content\/uploads\/2013\/05\/olimpe-5-300x225.jpg 300w, https:\/\/www.levriers-du-sud.org\/site\/wp-content\/uploads\/2013\/05\/olimpe-5-1024x768.jpg 1024w\" sizes=\"auto, (max-width: 279px) 100vw, 279px\" \/><\/a> <a href=\"http:\/\/www.levriers-du-sud.org\/site\/wp-content\/uploads\/2013\/05\/olimpe-3.jpg\"><img loading=\"lazy\" decoding=\"async\" class=\"alignnone size-medium wp-image-22452\" alt=\"OLYMPUS DIGITAL CAMERA\" src=\"http:\/\/www.levriers-du-sud.org\/site\/wp-content\/uploads\/2013\/05\/olimpe-3-300x237.jpg\" width=\"264\" height=\"208\" srcset=\"https:\/\/www.levriers-du-sud.org\/site\/wp-content\/uploads\/2013\/05\/olimpe-3-300x237.jpg 300w, https:\/\/www.levriers-du-sud.org\/site\/wp-content\/uploads\/2013\/05\/olimpe-3.jpg 500w\" sizes=\"auto, (max-width: 264px) 100vw, 264px\" \/><\/a><\/p>\n<p>&nbsp;<\/p>\n<p>&nbsp;<\/p>\n","protected":false},"excerpt":{"rendered":"<p>Type :galgo Sexe :m\u00e2le Age : 1 an Sant\u00e9\u00a0 :en cours, 70 cms Situation: en pension \u00e0 notre charge Commentaire : Consuelo a recueilli ce jeune galgo dans la rue il y a quelques semaines. Il divaguait sur la route, et quand elle s&rsquo;est approch\u00e9 , elle pensait qu&rsquo;il aurait peur et s&rsquo;enfuierait, mais il [&hellip;]<\/p>\n","protected":false},"author":1,"featured_media":0,"comment_status":"open","ping_status":"open","sticky":false,"template":"","format":"standard","meta":{"footnotes":""},"categories":[19,13],"tags":[],"class_list":["post-22451","post","type-post","status-publish","format-standard","hentry","category-galgos-adoptes","category-ok-chiens"],"aioseo_notices":[],"_links":{"self":[{"href":"https:\/\/www.levriers-du-sud.org\/site\/wp-json\/wp\/v2\/posts\/22451","targetHints":{"allow":["GET"]}}],"collection":[{"href":"https:\/\/www.levriers-du-sud.org\/site\/wp-json\/wp\/v2\/posts"}],"about":[{"href":"https:\/\/www.levriers-du-sud.org\/site\/wp-json\/wp\/v2\/types\/post"}],"author":[{"embeddable":true,"href":"https:\/\/www.levriers-du-sud.org\/site\/wp-json\/wp\/v2\/users\/1"}],"replies":[{"embeddable":true,"href":"https:\/\/www.levriers-du-sud.org\/site\/wp-json\/wp\/v2\/comments?post=22451"}],"version-history":[{"count":9,"href":"https:\/\/www.levriers-du-sud.org\/site\/wp-json\/wp\/v2\/posts\/22451\/revisions"}],"predecessor-version":[{"id":24377,"href":"https:\/\/www.levriers-du-sud.org\/site\/wp-json\/wp\/v2\/posts\/22451\/revisions\/24377"}],"wp:attachment":[{"href":"https:\/\/www.levriers-du-sud.org\/site\/wp-json\/wp\/v2\/media?parent=22451"}],"wp:term":[{"taxonomy":"category","embeddable":true,"href":"https:\/\/www.levriers-du-sud.org\/site\/wp-json\/wp\/v2\/categories?post=22451"},{"taxonomy":"post_tag","embeddable":true,"href":"https:\/\/www.levriers-du-sud.org\/site\/wp-json\/wp\/v2\/tags?post=22451"}],"curies":[{"name":"wp","href":"https:\/\/api.w.org\/{rel}","templated":true}]}}