{"id":22473,"date":"2013-05-23T16:56:40","date_gmt":"2013-05-23T14:56:40","guid":{"rendered":"http:\/\/www.levriers-du-sud.org\/site\/?p=22473"},"modified":"2013-05-23T16:56:40","modified_gmt":"2013-05-23T14:56:40","slug":"bracelets-des-crins-pour-une-vie","status":"publish","type":"post","link":"https:\/\/www.levriers-du-sud.org\/site\/23\/05\/2013\/bracelets-des-crins-pour-une-vie\/","title":{"rendered":"Bracelets \u00ab\u00a0Des crins pour une vie\u00a0\u00bb"},"content":{"rendered":"<div>Tous les \u00a0deux, nous sommes des\u00a0\u00bb fils du vent\u00a0\u00bb , subtil m\u00e9lange de force et de d\u00e9licatesse, si puissants et fragiles \u00e0 la fois, servant l&rsquo;homme avec ce c\u0153ur\u00a0 que nous avons si grand, pour bien souvent ne recevoir en retour que la plus ignoble des ingratitudes.<\/div>\n<div>Alors aujourd\u2019hui, moi le Cheval, j&rsquo;ai d\u00e9cid\u00e9 de t&rsquo;aider toi le L\u00e9vrier, nous nous ressemblons tant,\u00a0 je comprends si bien ta d\u00e9tresse&#8230;.Je t&rsquo;offre donc mes crins, desquels naitront gr\u00e2ce \u00e0 des mains habiles, de jolis bracelets. Toutes celles et ceux qui t\u2019aiment, pourront faire l&rsquo;acquisition d&rsquo;un de\u00a0 ces bijoux pour 3 \u20ac. Ces 3 \u20ac\u00a0 permettront de t\u2019offrir un jour de pension, ils sont le prix d&rsquo;un jour de ton existence.<\/div>\n<p>Ces bracelets constitueront le lien ind\u00e9fectible qui nous unira, ils seront \u00ab\u00a0des crins pour une vie \u00ab\u00a0.<\/p>\n<p>venez les retrouver sur la nouvelle boutique :<a href=\" http:\/\/levriersdusud-boite.123siteweb.fr\/212046433\"> http:\/\/levriersdusud-boite.123siteweb.fr\/212046433<\/a><\/p>\n<p>Commande \u00e0 Elodie : <a href=\"mailto:bourgognefc.levriersdusud@gmail.com\">bourgognefc.levriersdusud@gmail.com<\/a><\/p>\n<p>Possibilit\u00e9 de les faire \u00e0 vos mesures. Sinon les tailles sont standards .<\/p>\n<p><a href=\"http:\/\/www.levriers-du-sud.org\/site\/wp-content\/uploads\/2013\/05\/crins.jpg\"><img loading=\"lazy\" decoding=\"async\" class=\"alignnone size-medium wp-image-22474\" alt=\"crins\" src=\"http:\/\/www.levriers-du-sud.org\/site\/wp-content\/uploads\/2013\/05\/crins-300x208.jpg\" width=\"282\" height=\"195\" srcset=\"https:\/\/www.levriers-du-sud.org\/site\/wp-content\/uploads\/2013\/05\/crins-300x208.jpg 300w, https:\/\/www.levriers-du-sud.org\/site\/wp-content\/uploads\/2013\/05\/crins.jpg 565w\" sizes=\"auto, (max-width: 282px) 100vw, 282px\" \/><\/a> <a href=\"http:\/\/www.levriers-du-sud.org\/site\/wp-content\/uploads\/2013\/05\/crins2.jpg\"><img loading=\"lazy\" decoding=\"async\" class=\"alignnone size-medium wp-image-22475\" alt=\"crins2\" src=\"http:\/\/www.levriers-du-sud.org\/site\/wp-content\/uploads\/2013\/05\/crins2-300x208.jpg\" width=\"282\" height=\"196\" srcset=\"https:\/\/www.levriers-du-sud.org\/site\/wp-content\/uploads\/2013\/05\/crins2-300x208.jpg 300w, https:\/\/www.levriers-du-sud.org\/site\/wp-content\/uploads\/2013\/05\/crins2.jpg 800w\" sizes=\"auto, (max-width: 282px) 100vw, 282px\" \/><\/a><\/p>\n","protected":false},"excerpt":{"rendered":"<p>Tous les \u00a0deux, nous sommes des\u00a0\u00bb fils du vent\u00a0\u00bb , subtil m\u00e9lange de force et de d\u00e9licatesse, si puissants et fragiles \u00e0 la fois, servant l&rsquo;homme avec ce c\u0153ur\u00a0 que nous avons si grand, pour bien souvent ne recevoir en retour que la plus ignoble des ingratitudes. Alors aujourd\u2019hui, moi le Cheval, j&rsquo;ai d\u00e9cid\u00e9 de [&hellip;]<\/p>\n","protected":false},"author":1,"featured_media":0,"comment_status":"open","ping_status":"open","sticky":false,"template":"","format":"standard","meta":{"footnotes":""},"categories":[3],"tags":[],"class_list":["post-22473","post","type-post","status-publish","format-standard","hentry","category-infos-du-jour"],"aioseo_notices":[],"_links":{"self":[{"href":"https:\/\/www.levriers-du-sud.org\/site\/wp-json\/wp\/v2\/posts\/22473","targetHints":{"allow":["GET"]}}],"collection":[{"href":"https:\/\/www.levriers-du-sud.org\/site\/wp-json\/wp\/v2\/posts"}],"about":[{"href":"https:\/\/www.levriers-du-sud.org\/site\/wp-json\/wp\/v2\/types\/post"}],"author":[{"embeddable":true,"href":"https:\/\/www.levriers-du-sud.org\/site\/wp-json\/wp\/v2\/users\/1"}],"replies":[{"embeddable":true,"href":"https:\/\/www.levriers-du-sud.org\/site\/wp-json\/wp\/v2\/comments?post=22473"}],"version-history":[{"count":1,"href":"https:\/\/www.levriers-du-sud.org\/site\/wp-json\/wp\/v2\/posts\/22473\/revisions"}],"predecessor-version":[{"id":22476,"href":"https:\/\/www.levriers-du-sud.org\/site\/wp-json\/wp\/v2\/posts\/22473\/revisions\/22476"}],"wp:attachment":[{"href":"https:\/\/www.levriers-du-sud.org\/site\/wp-json\/wp\/v2\/media?parent=22473"}],"wp:term":[{"taxonomy":"category","embeddable":true,"href":"https:\/\/www.levriers-du-sud.org\/site\/wp-json\/wp\/v2\/categories?post=22473"},{"taxonomy":"post_tag","embeddable":true,"href":"https:\/\/www.levriers-du-sud.org\/site\/wp-json\/wp\/v2\/tags?post=22473"}],"curies":[{"name":"wp","href":"https:\/\/api.w.org\/{rel}","templated":true}]}}