{"id":22484,"date":"2013-05-23T17:32:36","date_gmt":"2013-05-23T15:32:36","guid":{"rendered":"http:\/\/www.levriers-du-sud.org\/site\/?p=22484"},"modified":"2013-07-04T10:30:11","modified_gmt":"2013-07-04T08:30:11","slug":"tigretona","status":"publish","type":"post","link":"https:\/\/www.levriers-du-sud.org\/site\/23\/05\/2013\/tigretona\/","title":{"rendered":"Tigretona&#8230; adopt\u00e9e"},"content":{"rendered":"<p><strong>Type :<\/strong>galgo<br \/>\n<strong>Sexe :<\/strong>femelle<br \/>\n<strong>Age :<\/strong> 5 mois 1\/2<br \/>\n<strong>Sant\u00e9\u00a0 :<\/strong> vaccin\u00e9s, vermifug\u00e9s<br \/>\n<strong><strong>Situation: <\/strong><\/strong>en accueil en espagne<strong><strong><br \/>\n<\/strong><\/strong><\/p>\n<p><strong>Commentaire :<br \/>\n<\/strong>Tigretona et son fr\u00e8re Tigreton sont deux galgos de 5 mois et demi.Les deux parents sont des\u00a0galgos. Ils\u00a0n&rsquo;ont pas encore \u00e9t\u00e9 test\u00e9s chats (il n&rsquo;a pas des chats chez la dame)mais leurs fr\u00e8res\u00a0s&rsquo;entendent bien avec les chats. Ils ont sociables et\u00a0c\u00e2lins. Ils ont \u00e9t\u00e9 nourris au biberon d\u00e8s qu&rsquo;ils sont\u00a0n\u00e9s, leur m\u00e8re\u00a0ne pouvait pas les nourrir, elle a failli mourir pendant l&rsquo;accouchement,\u00a0apr\u00e8s\u00a0 avoir accouch\u00e9 de 9 chiots, il y a 2 qui sont rest\u00e9s \u00e0\u00a0l\u2019int\u00e9rieur.<br \/>\nTigretona est une chienne active et joueuse<\/p>\n<p><a href=\"http:\/\/www.levriers-du-sud.org\/site\/wp-content\/uploads\/2013\/05\/20130507_151454-TIGRETONA.jpg-G.jpg\"><img loading=\"lazy\" decoding=\"async\" class=\"alignnone size-medium wp-image-22485\" alt=\"20130507_151454 TIGRETONA.jpg  G\" src=\"http:\/\/www.levriers-du-sud.org\/site\/wp-content\/uploads\/2013\/05\/20130507_151454-TIGRETONA.jpg-G-300x224.jpg\" width=\"276\" height=\"206\" srcset=\"https:\/\/www.levriers-du-sud.org\/site\/wp-content\/uploads\/2013\/05\/20130507_151454-TIGRETONA.jpg-G-300x224.jpg 300w, https:\/\/www.levriers-du-sud.org\/site\/wp-content\/uploads\/2013\/05\/20130507_151454-TIGRETONA.jpg-G.jpg 600w\" sizes=\"auto, (max-width: 276px) 100vw, 276px\" \/><\/a> <a href=\"http:\/\/www.levriers-du-sud.org\/site\/wp-content\/uploads\/2013\/05\/20130507_151808-TIGRETONA.jpg-G.jpg\"><img loading=\"lazy\" decoding=\"async\" class=\"alignnone size-medium wp-image-22486\" alt=\"20130507_151808 TIGRETONA.jpg G\" src=\"http:\/\/www.levriers-du-sud.org\/site\/wp-content\/uploads\/2013\/05\/20130507_151808-TIGRETONA.jpg-G-300x202.jpg\" width=\"280\" height=\"188\" srcset=\"https:\/\/www.levriers-du-sud.org\/site\/wp-content\/uploads\/2013\/05\/20130507_151808-TIGRETONA.jpg-G-300x202.jpg 300w, https:\/\/www.levriers-du-sud.org\/site\/wp-content\/uploads\/2013\/05\/20130507_151808-TIGRETONA.jpg-G.jpg 600w\" sizes=\"auto, (max-width: 280px) 100vw, 280px\" \/><\/a><!--more--><a href=\"http:\/\/www.levriers-du-sud.org\/site\/wp-content\/uploads\/2013\/05\/tigretona.jpg\"><img loading=\"lazy\" decoding=\"async\" class=\"alignnone size-medium wp-image-22487\" alt=\"tigretona\" src=\"http:\/\/www.levriers-du-sud.org\/site\/wp-content\/uploads\/2013\/05\/tigretona-300x199.jpg\" width=\"272\" height=\"180\" srcset=\"https:\/\/www.levriers-du-sud.org\/site\/wp-content\/uploads\/2013\/05\/tigretona-300x199.jpg 300w, https:\/\/www.levriers-du-sud.org\/site\/wp-content\/uploads\/2013\/05\/tigretona-1024x680.jpg 1024w\" sizes=\"auto, (max-width: 272px) 100vw, 272px\" \/><\/a> <a href=\"http:\/\/www.levriers-du-sud.org\/site\/wp-content\/uploads\/2013\/05\/tigretona1.jpg\"><img loading=\"lazy\" decoding=\"async\" class=\"alignnone size-medium wp-image-22488\" alt=\"tigretona1\" src=\"http:\/\/www.levriers-du-sud.org\/site\/wp-content\/uploads\/2013\/05\/tigretona1-300x199.jpg\" width=\"269\" height=\"178\" srcset=\"https:\/\/www.levriers-du-sud.org\/site\/wp-content\/uploads\/2013\/05\/tigretona1-300x199.jpg 300w, https:\/\/www.levriers-du-sud.org\/site\/wp-content\/uploads\/2013\/05\/tigretona1-1024x680.jpg 1024w\" sizes=\"auto, (max-width: 269px) 100vw, 269px\" \/><\/a><\/p>\n","protected":false},"excerpt":{"rendered":"<p>Type :galgo Sexe :femelle Age : 5 mois 1\/2 Sant\u00e9\u00a0 : vaccin\u00e9s, vermifug\u00e9s Situation: en accueil en espagne Commentaire : Tigretona et son fr\u00e8re Tigreton sont deux galgos de 5 mois et demi.Les deux parents sont des\u00a0galgos. Ils\u00a0n&rsquo;ont pas encore \u00e9t\u00e9 test\u00e9s chats (il n&rsquo;a pas des chats chez la dame)mais leurs fr\u00e8res\u00a0s&rsquo;entendent bien avec [&hellip;]<\/p>\n","protected":false},"author":1,"featured_media":0,"comment_status":"open","ping_status":"open","sticky":false,"template":"","format":"standard","meta":{"footnotes":""},"categories":[21,13],"tags":[],"class_list":["post-22484","post","type-post","status-publish","format-standard","hentry","category-chiots-adoptes","category-ok-chiens"],"aioseo_notices":[],"_links":{"self":[{"href":"https:\/\/www.levriers-du-sud.org\/site\/wp-json\/wp\/v2\/posts\/22484","targetHints":{"allow":["GET"]}}],"collection":[{"href":"https:\/\/www.levriers-du-sud.org\/site\/wp-json\/wp\/v2\/posts"}],"about":[{"href":"https:\/\/www.levriers-du-sud.org\/site\/wp-json\/wp\/v2\/types\/post"}],"author":[{"embeddable":true,"href":"https:\/\/www.levriers-du-sud.org\/site\/wp-json\/wp\/v2\/users\/1"}],"replies":[{"embeddable":true,"href":"https:\/\/www.levriers-du-sud.org\/site\/wp-json\/wp\/v2\/comments?post=22484"}],"version-history":[{"count":9,"href":"https:\/\/www.levriers-du-sud.org\/site\/wp-json\/wp\/v2\/posts\/22484\/revisions"}],"predecessor-version":[{"id":23074,"href":"https:\/\/www.levriers-du-sud.org\/site\/wp-json\/wp\/v2\/posts\/22484\/revisions\/23074"}],"wp:attachment":[{"href":"https:\/\/www.levriers-du-sud.org\/site\/wp-json\/wp\/v2\/media?parent=22484"}],"wp:term":[{"taxonomy":"category","embeddable":true,"href":"https:\/\/www.levriers-du-sud.org\/site\/wp-json\/wp\/v2\/categories?post=22484"},{"taxonomy":"post_tag","embeddable":true,"href":"https:\/\/www.levriers-du-sud.org\/site\/wp-json\/wp\/v2\/tags?post=22484"}],"curies":[{"name":"wp","href":"https:\/\/api.w.org\/{rel}","templated":true}]}}