{"id":23059,"date":"2013-12-25T21:45:47","date_gmt":"2013-12-25T20:45:47","guid":{"rendered":"http:\/\/www.levriers-du-sud.org\/site\/?p=23059"},"modified":"2014-01-11T18:25:10","modified_gmt":"2014-01-11T17:25:10","slug":"humberto-un-cas-vraiment-particulier","status":"publish","type":"post","link":"https:\/\/www.levriers-du-sud.org\/site\/25\/12\/2013\/humberto-un-cas-vraiment-particulier\/","title":{"rendered":"Humberto nous a quitt\u00e9 .."},"content":{"rendered":"<p>La semaine derni\u00e8re nous avons du emmener Humberto chez le v\u00e9t\u00e9rinaire et l&rsquo;y laisser deux jours car B\u00e0rbara le voyait triste et pas comme toujours.<br \/>\nLe v\u00e9t\u00e9rinaire nous a dit qu&rsquo;il avait un probl\u00e8me de coeur et nous l&rsquo;avons repris vendredi car il \u00e9tait bien control\u00e9. Mais la nuit de dimanche, Humberto comen\u00e7a \u00e0 avoir une sorte de convulsions (comme des ataques \u00e9pil\u00e9ptiques) et B\u00e0rabara lui injecta deux doses de stesolid. Il \u00e9tait un peu mieux quand \u00e0 l&rsquo;aube B\u00e0rbara s&rsquo;est tout de suite rendue compte qu&rsquo;elle le perdait. Le coeur lui b\u00e2ttait tr\u00e9s fort. Elle est rest\u00e9e pr\u00e9s de lui jusqu&rsquo;au moment o\u00fa il ne b\u00e2ttait plus.<br \/>\nJe n&rsquo;ai pas pu vous expliquer \u00e7\u00e0 hier car c&rsquo;est tr\u00e9s d\u00fbr pour moi d&rsquo;\u00e9crire ces mots sans que je me mette \u00e0 pleurer.<br \/>\nNous le regrettons beaucoup, m\u00eame si on sait et \u00e7\u00e0 nous console un peu de savoir qu&rsquo;il n&rsquo;est pas mort seul et que qu&rsquo;il a \u00e9t\u00e9 tr\u00e9s aim\u00e9 ses derniers mois de vie, surtout parce que B\u00e0rbara l&rsquo;avait chez elle.<br \/>\nNous voulons vous remercier pour tout l&rsquo;effort que vous avez fait pour nous aider \u00e9conomiquement et pour essayer de lui trouver une famille qui l&rsquo;adopte<\/p>\n<p>Repose en paix Humberto, nous garderons ce sourire dans nos coeurs. Merci \u00e0 toutes les personnes qui nous ont aid\u00e9 \u00e0 lui apporter aide et soins.<\/p>\n<p><a href=\"http:\/\/www.levriers-du-sud.org\/site\/wp-content\/uploads\/2013\/07\/534180_595019777186867_30322698_n.jpg\"><img loading=\"lazy\" decoding=\"async\" class=\"alignnone size-medium wp-image-23516\" alt=\"humberto ga5\" src=\"http:\/\/www.levriers-du-sud.org\/site\/wp-content\/uploads\/2013\/07\/534180_595019777186867_30322698_n-300x225.jpg\" width=\"300\" height=\"225\" srcset=\"https:\/\/www.levriers-du-sud.org\/site\/wp-content\/uploads\/2013\/07\/534180_595019777186867_30322698_n-300x225.jpg 300w, https:\/\/www.levriers-du-sud.org\/site\/wp-content\/uploads\/2013\/07\/534180_595019777186867_30322698_n.jpg 960w\" sizes=\"auto, (max-width: 300px) 100vw, 300px\" \/><\/a><!--more--><\/p>\n<p>&nbsp;<\/p>\n<p>Humberto a \u00e9t\u00e9 trouv\u00e9 le 13 juin dernier par des b\u00e9n\u00e9voles dans un \u00e9tat catastrophique de d\u00e9nutrition..Il aurait 3-4 ans<\/p>\n<p>Apr\u00e8s des analyses, il apparait qu&rsquo;il est diab\u00e9tique et qu&rsquo;il a besoin de son traitement \u00e0 l&rsquo;insuline pour survivre (2 piqures par jour). Les b\u00e9n\u00e9voles l&rsquo;avaient plac\u00e9 en accueil pendant un mois, mais malheureusement la personne n&rsquo;a pas pu le garder et il a du revenir au refuge.\u00a0 Les conditions de vie pour un chien avec ce type de traitement sont vraiment difficile, avec les chaleurs en plus. Il a besoin d&rsquo;une nourriture adapt\u00e9e mais malgr\u00e9 cela il a du mal \u00e0 reprendre du poids.<\/p>\n<p>Il est n\u00e9gatif \u00e0 la leishmaniose, il s&rsquo;entend bien avec les chiens et aussi avec les chats. Pour le moment il est trop faible pour \u00eatre st\u00e9rilis\u00e9.<\/p>\n<p>Le refuge nous dit que le traitement pour le diabete et la nourriture sp\u00e9ciale co\u00fbte 100 eur\/mois environ. Ils recherchent des parrainages pour la prise en charge de ces frais. Si il pouvait donner envie \u00e0 une personne de prendre soin de lui en france, un foyer, le bonheur..<\/p>\n<p>29\/7:Coucou, c&rsquo;est moi, votre ami Humberto ! Voici quelques nouvelles photos de moi, et comme vous le voyez j&rsquo;ai pris un peu de poids Je vais un peu mieux, je suis plus vif, plus agile,j et tout cela c&rsquo;est en partie gr\u00e2ce \u00e0 vous. je m&rsquo;accroche vous savez, je me bats, et tous les soirs ma maman d&rsquo;accueil me dit qu&rsquo;un jour (que j&rsquo;esp\u00e8re pas trop lointain), moi aussi je partirai pour rejoindre une famille, la MIENNE, celle qui m&rsquo;aura ouvert son c\u0153ur &#8230;..<\/p>\n<p dir=\"ltr\">Nouvelles du 31\/8 : Quand Barbara s est lev\u00e9e aujourd hui, Humberto qui se l\u00e8ve tous les jours avec elle, ne pouvait pas se lever. Il \u00e9tait \u00e0 40,3 de fi\u00e8vre et Barbara l a enmen\u00e9 chez le v\u00e9t\u00e9rinaire de Lleida. Nous ne savons pas encore ce qu il a.C est peut \u00eatre une infection d estreptococos, meningitis, &#8230;.Le probl\u00e8me r\u00e9side dans la complication de l infection pour les chiens qui ont la diab\u00e8te et sont faibles comme lui. On voulait vous le dire pour que vous soyez au courrant de ce qui se passe\u00a0 car malgr\u00e9s la distance vous \u00eates en train de beaucoup l aider.<\/p>\n<p data-ft=\"{&quot;type&quot;:1,&quot;tn&quot;:&quot;K&quot;}\">Quelques nouvelles de notre adorable Humberto : il va mieux, mais ne s&rsquo;alimente toujours pas; De fait son hospitalisation se prolonge, et il ne pourra retourner chez sa FA que lorsqu&rsquo;il aura commenc\u00e9 \u00e0 manger tout seul. Compte tenu de son extr\u00eame maigreur faut absolument \u00e9viter qu&rsquo;il perde du poids.<br \/>\nPlus que jamais HUMBERTO a besoin de notre aide \u00e0 toutes et \u00e0 tous, il compte sur nous, il lutte tellement pour vivre que nous devons absolument tout faire pour l&rsquo;aider \u00e0 se remettre et a retrouver une vie normale. En aucun cas nous ne saurions l&rsquo;abandonner.<\/p>\n<p data-ft=\"{&quot;type&quot;:1,&quot;tn&quot;:&quot;K&quot;}\">Humberto se maintient. Il a du mal \u00e0 r\u00e9cup\u00e9rer et surtout il commence \u00e0 avoir froid.. Deux manteaux viennent de lui \u00eatre envoy\u00e9 pour le prot\u00e9ger.<\/p>\n<p dir=\"ltr\"><strong>Nouvelles du 04\/11<\/strong> :Il y a deux semaines nous l&rsquo;avons enmener \u00e0 la visite du v\u00e9t\u00e9rinaire car son ventre s&rsquo;est gonfl\u00e9 et il vomissait. Le lendemain m\u00eame s&rsquo;il \u00e9tait beaucoup mieux nous l&rsquo;avons laiss\u00e9 chez le v\u00e9t\u00e9rinaire.. Il est rest\u00e9 l\u00e0 bas quelques jours pour bien r\u00e9guler la dose d&rsquo;insuline et lui faire des analyses quotidi\u00e8nnes de la glucose. Depuis qu&rsquo;il est \u00e0 nouveau avec nous, il mange plus et mieux et il est assez anim\u00e9, mais il faut le ramener de nouveau chez le v\u00e9t\u00e9rinaire cette semaine pour refaire des analyses car il recommence \u00e0 avoir les yeux blancs et il semble qu&rsquo;il va falloir lui ajuster la dose d&rsquo;insuline une autre fois.<\/p>\n<p dir=\"ltr\">Comme vous pouvez constater \u00e7\u00e0 va mais nous avons \u00e9t\u00e9 souvent aux urgences et dans ces cas l\u00e0 la premi\u00e8re des choses c&rsquo;est \u00eatre \u00e0 c\u00f4t\u00e9 de nos chiens et bien s\u00fbr on laisse un peu de c\u00f4t\u00e9 l&rsquo;ordinateur \u00e0 part que pas tout le monde sait le fran\u00e7ais ici pour pouvoir vous \u00e9crire.<\/p>\n<p dir=\"ltr\">C&rsquo;est bien vrai que le temps est pass\u00e9 (et vite) et que cela fait plusieurs jours que nous ne vous avons pas donn\u00e9 de nouvelles, excusez nous, car nous comprenons bien que vous \u00eatiez inqui\u00e8tes comme nous le serions nous m\u00eame si nous n&rsquo;aurions pas de nouvelles.<\/p>\n<p dir=\"ltr\"><strong>Nouvelles du 24\/11 :Nous ne voulons pas laisser passer plus de jours sans vous donner de nouvelles d&rsquo;Humberto car nous comprenons que vous puissiez \u00eatre inqui\u00e8tes pour lui. Il a fallu le ramener \u00e0 nouveau chez le v\u00e9t\u00e9rinaire car il avait les yeux tr\u00e9s blancs et Il lui a r\u00e9gul\u00e9 une autre fois la dose d&rsquo;insuline. Maintenant on lui donne une fois par jour mais avec on a augment\u00e9 deux unit\u00e9s la dose qu&rsquo;il prenait. Il a l&rsquo;air content et anim\u00e9. Il a pris un peu de poids m\u00eame si c&rsquo;est dur pour lui d&rsquo;en prendre car c&rsquo;est dificile.<\/strong><\/p>\n<p>Parrain\u00e9 par Severine C 40.00 euros, sabine L 40.00 euros, Laurence F 20.00 euros, christelle S 50.00 euros, Melodie P 20.00 euros, Fran\u00e7oise S 200.00 eur, Daniel O 50.00 euros, Maryline J 200.00 eur, Fabienne M 50.00 eur, Daniel O 20.00 eur, Jeannine W 30.00 eur, Brigitte B 100.00 eur, Francoise S 50 eur; Maryline J 100 eur, Sabine D 50.00 eur ( 620 eur d\u00e9j\u00e0 vers\u00e9s pour les soins, le reste \u00e0 venir au fur et \u00e0 mesure des besoins). Marie Louise B 20 eur<strong><br \/>\n<\/strong><\/p>\n<p><a href=\"http:\/\/www.levriers-du-sud.org\/site\/wp-content\/uploads\/2013\/11\/IMG-20131206-WA0004.jpg\"><img loading=\"lazy\" decoding=\"async\" class=\"alignnone size-medium wp-image-25853\" alt=\"IMG-20131206-WA0004\" src=\"http:\/\/www.levriers-du-sud.org\/site\/wp-content\/uploads\/2013\/11\/IMG-20131206-WA0004-300x225.jpg\" width=\"279\" height=\"209\" srcset=\"https:\/\/www.levriers-du-sud.org\/site\/wp-content\/uploads\/2013\/11\/IMG-20131206-WA0004-300x225.jpg 300w, https:\/\/www.levriers-du-sud.org\/site\/wp-content\/uploads\/2013\/11\/IMG-20131206-WA0004.jpg 800w\" sizes=\"auto, (max-width: 279px) 100vw, 279px\" \/><\/a> <a href=\"http:\/\/www.levriers-du-sud.org\/site\/wp-content\/uploads\/2013\/11\/IMG-20131206-WA0006.jpg\"><img loading=\"lazy\" decoding=\"async\" class=\"alignnone size-medium wp-image-25854\" alt=\"IMG-20131206-WA0006\" src=\"http:\/\/www.levriers-du-sud.org\/site\/wp-content\/uploads\/2013\/11\/IMG-20131206-WA0006-300x225.jpg\" width=\"276\" height=\"207\" srcset=\"https:\/\/www.levriers-du-sud.org\/site\/wp-content\/uploads\/2013\/11\/IMG-20131206-WA0006-300x225.jpg 300w, https:\/\/www.levriers-du-sud.org\/site\/wp-content\/uploads\/2013\/11\/IMG-20131206-WA0006.jpg 800w\" sizes=\"auto, (max-width: 276px) 100vw, 276px\" \/><\/a><\/p>\n<p><a href=\"http:\/\/www.levriers-du-sud.org\/site\/wp-content\/uploads\/2013\/11\/20131123_091624.jpg\"><img loading=\"lazy\" decoding=\"async\" class=\"alignnone size-medium wp-image-25477\" alt=\"20131123_091624\" src=\"http:\/\/www.levriers-du-sud.org\/site\/wp-content\/uploads\/2013\/11\/20131123_091624-279x300.jpg\" width=\"239\" height=\"256\" srcset=\"https:\/\/www.levriers-du-sud.org\/site\/wp-content\/uploads\/2013\/11\/20131123_091624-279x300.jpg 279w, https:\/\/www.levriers-du-sud.org\/site\/wp-content\/uploads\/2013\/11\/20131123_091624.jpg 400w\" sizes=\"auto, (max-width: 239px) 100vw, 239px\" \/><\/a> <a href=\"http:\/\/www.levriers-du-sud.org\/site\/wp-content\/uploads\/2013\/11\/20131123_091357.jpg\"><img loading=\"lazy\" decoding=\"async\" class=\"alignnone size-medium wp-image-25475\" alt=\"20131123_091357\" src=\"http:\/\/www.levriers-du-sud.org\/site\/wp-content\/uploads\/2013\/11\/20131123_091357-300x276.jpg\" width=\"280\" height=\"257\" srcset=\"https:\/\/www.levriers-du-sud.org\/site\/wp-content\/uploads\/2013\/11\/20131123_091357-300x276.jpg 300w, https:\/\/www.levriers-du-sud.org\/site\/wp-content\/uploads\/2013\/11\/20131123_091357.jpg 400w\" sizes=\"auto, (max-width: 280px) 100vw, 280px\" \/><\/a><!--more--><a href=\"http:\/\/www.levriers-du-sud.org\/site\/wp-content\/uploads\/2013\/11\/20131123_091958.jpg\"><img loading=\"lazy\" decoding=\"async\" class=\"alignnone size-medium wp-image-25479\" alt=\"20131123_091958\" src=\"http:\/\/www.levriers-du-sud.org\/site\/wp-content\/uploads\/2013\/11\/20131123_091958-300x259.jpg\" width=\"265\" height=\"228\" srcset=\"https:\/\/www.levriers-du-sud.org\/site\/wp-content\/uploads\/2013\/11\/20131123_091958-300x259.jpg 300w, https:\/\/www.levriers-du-sud.org\/site\/wp-content\/uploads\/2013\/11\/20131123_091958.jpg 400w\" sizes=\"auto, (max-width: 265px) 100vw, 265px\" \/><\/a> <a href=\"http:\/\/www.levriers-du-sud.org\/site\/wp-content\/uploads\/2013\/11\/20131123_091521.jpg\"><img loading=\"lazy\" decoding=\"async\" class=\"alignnone size-medium wp-image-25476\" alt=\"20131123_091521\" src=\"http:\/\/www.levriers-du-sud.org\/site\/wp-content\/uploads\/2013\/11\/20131123_091521-300x257.jpg\" width=\"264\" height=\"226\" srcset=\"https:\/\/www.levriers-du-sud.org\/site\/wp-content\/uploads\/2013\/11\/20131123_091521-300x257.jpg 300w, https:\/\/www.levriers-du-sud.org\/site\/wp-content\/uploads\/2013\/11\/20131123_091521.jpg 400w\" sizes=\"auto, (max-width: 264px) 100vw, 264px\" \/><\/a><\/p>\n<p dir=\"ltr\">Message :Il faut absolument que nous vous disions que nous sommes enchant\u00e9es avec les petits manteaux que vous avez envoy\u00e9s. Et voir Humberto avec et heureux nous fait sentir doublement heureux. Vous n&rsquo;avez qu&rsquo;\u00e0 le voir la sur la photo, on le voit chaud et confortable.<\/p>\n<p dir=\"ltr\">Alors nous voulons vous remercier beaucoup beaucoup, c&rsquo;est vraiment tr\u00e9s gentil d&rsquo;abord d&rsquo;y avoir pens\u00e9 et apr\u00e9s de les faire et les envoyer. Merci.<\/p>\n<p dir=\"ltr\"><a href=\"http:\/\/www.levriers-du-sud.org\/site\/wp-content\/uploads\/2013\/09\/2013-10-02-08.41.36.jpg\"><img loading=\"lazy\" decoding=\"async\" class=\"alignnone size-medium wp-image-24692\" alt=\"humberto oct\" src=\"http:\/\/www.levriers-du-sud.org\/site\/wp-content\/uploads\/2013\/09\/2013-10-02-08.41.36-300x225.jpg\" width=\"280\" height=\"210\" srcset=\"https:\/\/www.levriers-du-sud.org\/site\/wp-content\/uploads\/2013\/09\/2013-10-02-08.41.36-300x225.jpg 300w, https:\/\/www.levriers-du-sud.org\/site\/wp-content\/uploads\/2013\/09\/2013-10-02-08.41.36-1024x768.jpg 1024w, https:\/\/www.levriers-du-sud.org\/site\/wp-content\/uploads\/2013\/09\/2013-10-02-08.41.36.jpg 1600w\" sizes=\"auto, (max-width: 280px) 100vw, 280px\" \/><\/a> <a href=\"http:\/\/www.levriers-du-sud.org\/site\/wp-content\/uploads\/2013\/09\/IMG-20131002-WA0003.jpg\"><img loading=\"lazy\" decoding=\"async\" class=\"alignnone size-medium wp-image-24693\" alt=\"humvberto oct2\" src=\"http:\/\/www.levriers-du-sud.org\/site\/wp-content\/uploads\/2013\/09\/IMG-20131002-WA0003-300x225.jpg\" width=\"279\" height=\"209\" srcset=\"https:\/\/www.levriers-du-sud.org\/site\/wp-content\/uploads\/2013\/09\/IMG-20131002-WA0003-300x225.jpg 300w, https:\/\/www.levriers-du-sud.org\/site\/wp-content\/uploads\/2013\/09\/IMG-20131002-WA0003.jpg 800w\" sizes=\"auto, (max-width: 279px) 100vw, 279px\" \/><\/a><!--more--><\/p>\n<p>&nbsp;<\/p>\n<p><a href=\"http:\/\/www.levriers-du-sud.org\/site\/wp-content\/uploads\/2013\/09\/humberto100.jpg\"><img loading=\"lazy\" decoding=\"async\" class=\"alignnone size-medium wp-image-24324\" alt=\"humberto100\" src=\"http:\/\/www.levriers-du-sud.org\/site\/wp-content\/uploads\/2013\/09\/humberto100-300x225.jpg\" width=\"273\" height=\"204\" srcset=\"https:\/\/www.levriers-du-sud.org\/site\/wp-content\/uploads\/2013\/09\/humberto100-300x225.jpg 300w, https:\/\/www.levriers-du-sud.org\/site\/wp-content\/uploads\/2013\/09\/humberto100.jpg 600w\" sizes=\"auto, (max-width: 273px) 100vw, 273px\" \/><\/a> <a href=\"http:\/\/www.levriers-du-sud.org\/site\/wp-content\/uploads\/2013\/09\/humberto101.jpg\"><img loading=\"lazy\" decoding=\"async\" class=\"alignnone size-medium wp-image-24325\" alt=\"humberto101\" src=\"http:\/\/www.levriers-du-sud.org\/site\/wp-content\/uploads\/2013\/09\/humberto101.jpg\" width=\"268\" height=\"202\" \/><\/a><\/p>\n<p><a href=\"http:\/\/www.levriers-du-sud.org\/site\/wp-content\/uploads\/2013\/09\/humberto102.jpg\"><img loading=\"lazy\" decoding=\"async\" class=\"alignnone size-medium wp-image-24326\" alt=\"humberto102\" src=\"http:\/\/www.levriers-du-sud.org\/site\/wp-content\/uploads\/2013\/09\/humberto102-300x225.jpg\" width=\"386\" height=\"289\" srcset=\"https:\/\/www.levriers-du-sud.org\/site\/wp-content\/uploads\/2013\/09\/humberto102-300x225.jpg 300w, https:\/\/www.levriers-du-sud.org\/site\/wp-content\/uploads\/2013\/09\/humberto102.jpg 600w\" sizes=\"auto, (max-width: 386px) 100vw, 386px\" \/><\/a><!--more--><\/p>\n<p><a href=\"http:\/\/www.levriers-du-sud.org\/site\/wp-content\/uploads\/2013\/07\/534180_595019777186867_30322698_n.jpg\"><img loading=\"lazy\" decoding=\"async\" class=\"alignnone size-medium wp-image-23516\" alt=\"humberto ga5\" src=\"http:\/\/www.levriers-du-sud.org\/site\/wp-content\/uploads\/2013\/07\/534180_595019777186867_30322698_n-300x225.jpg\" width=\"280\" height=\"210\" srcset=\"https:\/\/www.levriers-du-sud.org\/site\/wp-content\/uploads\/2013\/07\/534180_595019777186867_30322698_n-300x225.jpg 300w, https:\/\/www.levriers-du-sud.org\/site\/wp-content\/uploads\/2013\/07\/534180_595019777186867_30322698_n.jpg 960w\" sizes=\"auto, (max-width: 280px) 100vw, 280px\" \/><\/a> <a href=\"http:\/\/www.levriers-du-sud.org\/site\/wp-content\/uploads\/2013\/07\/21451_595019263853585_1311603129_n.jpg\"><img loading=\"lazy\" decoding=\"async\" class=\"alignnone size-medium wp-image-23512\" alt=\"humberto dd\" src=\"http:\/\/www.levriers-du-sud.org\/site\/wp-content\/uploads\/2013\/07\/21451_595019263853585_1311603129_n-300x225.jpg\" width=\"279\" height=\"208\" \/><\/a><\/p>\n<p><a href=\"http:\/\/www.levriers-du-sud.org\/site\/wp-content\/uploads\/2013\/07\/533897_595019380520240_1232430702_n.jpg\"><img loading=\"lazy\" decoding=\"async\" class=\"alignnone size-medium wp-image-23515\" alt=\"hulberto fa2\" src=\"http:\/\/www.levriers-du-sud.org\/site\/wp-content\/uploads\/2013\/07\/533897_595019380520240_1232430702_n-300x225.jpg\" width=\"276\" height=\"207\" srcset=\"https:\/\/www.levriers-du-sud.org\/site\/wp-content\/uploads\/2013\/07\/533897_595019380520240_1232430702_n-300x225.jpg 300w, https:\/\/www.levriers-du-sud.org\/site\/wp-content\/uploads\/2013\/07\/533897_595019380520240_1232430702_n.jpg 960w\" sizes=\"auto, (max-width: 276px) 100vw, 276px\" \/><\/a> <a href=\"http:\/\/www.levriers-du-sud.org\/site\/wp-content\/uploads\/2013\/07\/994883_595019067186938_1847224060_n1.jpg\"><img loading=\"lazy\" decoding=\"async\" class=\"alignnone size-medium wp-image-23514\" alt=\"hulberto fa\" src=\"http:\/\/www.levriers-du-sud.org\/site\/wp-content\/uploads\/2013\/07\/994883_595019067186938_1847224060_n1-300x225.jpg\" width=\"275\" height=\"206\" srcset=\"https:\/\/www.levriers-du-sud.org\/site\/wp-content\/uploads\/2013\/07\/994883_595019067186938_1847224060_n1-300x225.jpg 300w, https:\/\/www.levriers-du-sud.org\/site\/wp-content\/uploads\/2013\/07\/994883_595019067186938_1847224060_n1.jpg 960w\" sizes=\"auto, (max-width: 275px) 100vw, 275px\" \/><\/a><\/p>\n<p><a href=\"http:\/\/www.levriers-du-sud.org\/site\/wp-content\/uploads\/2013\/07\/HUMBERTO4_p.jpg\"><img loading=\"lazy\" decoding=\"async\" class=\"alignnone size-medium wp-image-23060\" alt=\"HUMBERTO4_p\" src=\"http:\/\/www.levriers-du-sud.org\/site\/wp-content\/uploads\/2013\/07\/HUMBERTO4_p-300x225.jpg\" width=\"280\" height=\"210\" srcset=\"https:\/\/www.levriers-du-sud.org\/site\/wp-content\/uploads\/2013\/07\/HUMBERTO4_p-300x225.jpg 300w, https:\/\/www.levriers-du-sud.org\/site\/wp-content\/uploads\/2013\/07\/HUMBERTO4_p.jpg 910w\" sizes=\"auto, (max-width: 280px) 100vw, 280px\" \/><\/a> <a href=\"http:\/\/www.levriers-du-sud.org\/site\/wp-content\/uploads\/2013\/07\/HUMBERTO5.jpg\"><img loading=\"lazy\" decoding=\"async\" class=\"alignnone size-medium wp-image-23061\" alt=\"HUMBERTO5\" src=\"http:\/\/www.levriers-du-sud.org\/site\/wp-content\/uploads\/2013\/07\/HUMBERTO5-300x225.jpg\" width=\"278\" height=\"208\" srcset=\"https:\/\/www.levriers-du-sud.org\/site\/wp-content\/uploads\/2013\/07\/HUMBERTO5-300x225.jpg 300w, https:\/\/www.levriers-du-sud.org\/site\/wp-content\/uploads\/2013\/07\/HUMBERTO5-1024x768.jpg 1024w\" sizes=\"auto, (max-width: 278px) 100vw, 278px\" \/><\/a><!--more--><a href=\"http:\/\/www.levriers-du-sud.org\/site\/wp-content\/uploads\/2013\/07\/946840_421282537981723_484109291_n.jpg\"><img loading=\"lazy\" decoding=\"async\" class=\"alignnone size-medium wp-image-23062\" alt=\"hulberto m\" src=\"http:\/\/www.levriers-du-sud.org\/site\/wp-content\/uploads\/2013\/07\/946840_421282537981723_484109291_n-225x300.jpg\" width=\"225\" height=\"300\" srcset=\"https:\/\/www.levriers-du-sud.org\/site\/wp-content\/uploads\/2013\/07\/946840_421282537981723_484109291_n-225x300.jpg 225w, https:\/\/www.levriers-du-sud.org\/site\/wp-content\/uploads\/2013\/07\/946840_421282537981723_484109291_n.jpg 720w\" sizes=\"auto, (max-width: 225px) 100vw, 225px\" \/><\/a> <a href=\"http:\/\/www.levriers-du-sud.org\/site\/wp-content\/uploads\/2013\/07\/1044704_421282334648410_1554954264_n.jpg\"><img loading=\"lazy\" decoding=\"async\" class=\"alignnone size-medium wp-image-23063\" alt=\"humberto u\" src=\"http:\/\/www.levriers-du-sud.org\/site\/wp-content\/uploads\/2013\/07\/1044704_421282334648410_1554954264_n-225x300.jpg\" width=\"225\" height=\"300\" srcset=\"https:\/\/www.levriers-du-sud.org\/site\/wp-content\/uploads\/2013\/07\/1044704_421282334648410_1554954264_n-225x300.jpg 225w, https:\/\/www.levriers-du-sud.org\/site\/wp-content\/uploads\/2013\/07\/1044704_421282334648410_1554954264_n.jpg 720w\" sizes=\"auto, (max-width: 225px) 100vw, 225px\" \/><\/a><\/p>\n","protected":false},"excerpt":{"rendered":"<p>La semaine derni\u00e8re nous avons du emmener Humberto chez le v\u00e9t\u00e9rinaire et l&rsquo;y laisser deux jours car B\u00e0rbara le voyait triste et pas comme toujours. Le v\u00e9t\u00e9rinaire nous a dit qu&rsquo;il avait un probl\u00e8me de coeur et nous l&rsquo;avons repris vendredi car il \u00e9tait bien control\u00e9. Mais la nuit de dimanche, Humberto comen\u00e7a \u00e0 avoir [&hellip;]<\/p>\n","protected":false},"author":1,"featured_media":0,"comment_status":"open","ping_status":"open","sticky":false,"template":"","format":"standard","meta":{"footnotes":""},"categories":[9,25],"tags":[],"class_list":["post-23059","post","type-post","status-publish","format-standard","hentry","category-album","category-remerciements"],"aioseo_notices":[],"_links":{"self":[{"href":"https:\/\/www.levriers-du-sud.org\/site\/wp-json\/wp\/v2\/posts\/23059","targetHints":{"allow":["GET"]}}],"collection":[{"href":"https:\/\/www.levriers-du-sud.org\/site\/wp-json\/wp\/v2\/posts"}],"about":[{"href":"https:\/\/www.levriers-du-sud.org\/site\/wp-json\/wp\/v2\/types\/post"}],"author":[{"embeddable":true,"href":"https:\/\/www.levriers-du-sud.org\/site\/wp-json\/wp\/v2\/users\/1"}],"replies":[{"embeddable":true,"href":"https:\/\/www.levriers-du-sud.org\/site\/wp-json\/wp\/v2\/comments?post=23059"}],"version-history":[{"count":28,"href":"https:\/\/www.levriers-du-sud.org\/site\/wp-json\/wp\/v2\/posts\/23059\/revisions"}],"predecessor-version":[{"id":26044,"href":"https:\/\/www.levriers-du-sud.org\/site\/wp-json\/wp\/v2\/posts\/23059\/revisions\/26044"}],"wp:attachment":[{"href":"https:\/\/www.levriers-du-sud.org\/site\/wp-json\/wp\/v2\/media?parent=23059"}],"wp:term":[{"taxonomy":"category","embeddable":true,"href":"https:\/\/www.levriers-du-sud.org\/site\/wp-json\/wp\/v2\/categories?post=23059"},{"taxonomy":"post_tag","embeddable":true,"href":"https:\/\/www.levriers-du-sud.org\/site\/wp-json\/wp\/v2\/tags?post=23059"}],"curies":[{"name":"wp","href":"https:\/\/api.w.org\/{rel}","templated":true}]}}