{"id":25835,"date":"2014-01-15T09:00:13","date_gmt":"2014-01-15T08:00:13","guid":{"rendered":"http:\/\/www.levriers-du-sud.org\/site\/?p=25835"},"modified":"2014-05-24T09:08:55","modified_gmt":"2014-05-24T07:08:55","slug":"help-pour-3-chiots-croises-podencos","status":"publish","type":"post","link":"https:\/\/www.levriers-du-sud.org\/site\/15\/01\/2014\/help-pour-3-chiots-croises-podencos\/","title":{"rendered":"Help pour 5 chiots crois\u00e9s podencos et galgos"},"content":{"rendered":"<p>Une b\u00e9n\u00e9vole qui nous fait des transports en Espagne a recueilli cette port\u00e9e de chiots. Ils ont dans les 2 mois, peut etre crois\u00e9s podenco ou galgo.<\/p>\n<p>Ils sont tr\u00e8s faibles et elle les a mis sous antibiotiques et les a vermifug\u00e9. Mais elle n&rsquo;a pas d&rsquo;endroit pour les mettre en s\u00e9curit\u00e9 et pour le moment ils sont chez elle maiselle esp\u00e8re trouver un meilleur endroit pour eux. Il fait froid et ces petits bouts de chou ont peu de chance de survie si elle ne trouve pas une pension ou un accueil pour les<br \/>\nmettre au chaud.<\/p>\n<p>Nous avons trouv\u00e9 une pension qui nous les prend \u00e0 partir de la fin de la semaine. Ils vont \u00eatre r\u00e9cup\u00e9r\u00e9s chez les gitans qui les ont actuellement et conduits en fin de semaine sur Madrid. Le co\u00fbt de la pension sera de 40 eur\/chiot\/mois. En esp\u00e9rant qu&rsquo;ils survivent&#8230; Nous vous donnerons des infos d\u00e8s qu&rsquo;ils seront pris en charge<\/p>\n<p>Les chiots sont arriv\u00e9s ce soir (14\/12) \u00e0 Madrid. Ils sont tr\u00e8s maigres, nous les avons fait voir par le v\u00e9t\u00e9rinaire imm\u00e9diatement car nous avions peur qu&rsquo;ils aient la parvo. Apparemment ce ne serait que les vers et la malnutrition, une analyse de selles a \u00e9t\u00e9 faite et nous aurons les r\u00e9sultats lundi. Ils ont \u00e9t\u00e9 vermifug\u00e9s et mis sous antibiotiques pour 15j. Ils \u00e9taient affam\u00e9s, mais sont en bonne forme et pleins de vie comme des b\u00e9b\u00e9s. A priori il y aurait deux port\u00e9es diff\u00e9rentes, deux galgos et 3 podencos d&rsquo;environ 1mois1\/2-2 mois. Ils sont au chaud et en s\u00e9curit\u00e9 ce soir<\/p>\n<p>Frais engag\u00e9s \u00e0 ce jour : v\u00e9t\u00e9rinaire 163.34 eur, puces\/passeports\/1er vaccin : 150 eur<\/p>\n<p>25\/12 : Les chiots sont positifs \u00e0 la parvovirose&#8230; Olaf, Janae et Jackin ont du \u00eatre hopsitalis\u00e9s en urgence&#8230; pour le moment les deux autres pas encore, mais cela risque d&rsquo;arriver dans les jours qui viennent. Leur \u00e9tat est stable.<\/p>\n<p>Nous venons de recevoir la facture&#8230;741 eur !! nous avons besoin de parrainages !<\/p>\n<p>31\/12 : Olaf et Jackin \u00e9taient sortis de la clinique, mais ce soir ils sont retourn\u00e9s en observation &#8230;. Janae aussi est toujours hospitalis\u00e9e. Ils se battent, nous esp\u00e9rons vraiment que la nouvelle Ann\u00e9e va\u00a0 leur porter chance&#8230;<\/p>\n<p>05\/01 : Jackin est sorti de la clinique.Janae \u00e9tait sortie aussi, mais elle du y retourner aujourd&rsquo;hui&#8230;. on va pas s&rsquo;en sortir&#8230;<\/p>\n<p><strong>Bon les chiots vont \u00e0 peu pr\u00e8s bien pour le moment, mais nous avons re\u00e7u la 2e facture de la clinique&#8230;. et c&rsquo;est dur ! 1426.80 eur ! soit pour le moment un total de frais pour eux de 2350 eur&#8230;. nous avons eu 580 eur de dons, et le parrainage de Urgence Animaux de 630 eur ne sera vers\u00e9 que fin mars&#8230; (factures plus bas)<\/strong><\/p>\n<p>Parrain\u00e9s par Herv\u00e9 Q 50 eur, Gerard D 50 eur, Laurence O 20 eur, M 40 eur, Jean luc K 15 eur, Marine B 20 eur, Gerard D 40 eur, V 100 eur, Veronique G 20 eur, Helene V 20 eur, donc Cassado 30eur, mansot 40eur, delmas 80 eur,girard 30 eur, durand 25eur, dominique B 300 eur, Corinne B 100 eur, Sigrid D 50 eur, Catherine C 15eur<strong><br \/>\n<\/strong><\/p>\n<p>OLAF (reserv\u00e9 par la fa)<\/p>\n<p><a href=\"http:\/\/www.levriers-du-sud.org\/site\/wp-content\/uploads\/2013\/12\/olaf-d.jpg\"><img loading=\"lazy\" decoding=\"async\" class=\"alignnone size-medium wp-image-26180\" alt=\"olaf d\" src=\"http:\/\/www.levriers-du-sud.org\/site\/wp-content\/uploads\/2013\/12\/olaf-d-218x300.jpg\" width=\"208\" height=\"285\" srcset=\"https:\/\/www.levriers-du-sud.org\/site\/wp-content\/uploads\/2013\/12\/olaf-d-218x300.jpg 218w, https:\/\/www.levriers-du-sud.org\/site\/wp-content\/uploads\/2013\/12\/olaf-d.jpg 347w\" sizes=\"auto, (max-width: 208px) 100vw, 208px\" \/><\/a> <a href=\"http:\/\/www.levriers-du-sud.org\/site\/wp-content\/uploads\/2013\/12\/olaf-t.jpg\"><img loading=\"lazy\" decoding=\"async\" class=\"alignnone size-medium wp-image-26181\" alt=\"olaf t\" src=\"http:\/\/www.levriers-du-sud.org\/site\/wp-content\/uploads\/2013\/12\/olaf-t-300x275.jpg\" width=\"279\" height=\"255\" \/><\/a><!--more--><\/p>\n<p>KALYN<\/p>\n<p><a href=\"http:\/\/www.levriers-du-sud.org\/site\/wp-content\/uploads\/2013\/12\/kalyn-k.jpg\"><img loading=\"lazy\" decoding=\"async\" class=\"alignnone size-medium wp-image-26182\" alt=\"kalyn k\" src=\"http:\/\/www.levriers-du-sud.org\/site\/wp-content\/uploads\/2013\/12\/kalyn-k-300x296.jpg\" width=\"279\" height=\"275\" srcset=\"https:\/\/www.levriers-du-sud.org\/site\/wp-content\/uploads\/2013\/12\/kalyn-k-300x296.jpg 300w, https:\/\/www.levriers-du-sud.org\/site\/wp-content\/uploads\/2013\/12\/kalyn-k.jpg 438w\" sizes=\"auto, (max-width: 279px) 100vw, 279px\" \/><\/a> <a href=\"http:\/\/www.levriers-du-sud.org\/site\/wp-content\/uploads\/2013\/12\/kalyn-m.jpg\"><img loading=\"lazy\" decoding=\"async\" class=\"alignnone size-medium wp-image-26183\" alt=\"kalyn m\" src=\"http:\/\/www.levriers-du-sud.org\/site\/wp-content\/uploads\/2013\/12\/kalyn-m-273x300.jpg\" width=\"249\" height=\"273\" srcset=\"https:\/\/www.levriers-du-sud.org\/site\/wp-content\/uploads\/2013\/12\/kalyn-m-273x300.jpg 273w, https:\/\/www.levriers-du-sud.org\/site\/wp-content\/uploads\/2013\/12\/kalyn-m.jpg 395w\" sizes=\"auto, (max-width: 249px) 100vw, 249px\" \/><\/a><\/p>\n<p>JACKIN<\/p>\n<p><a href=\"http:\/\/www.levriers-du-sud.org\/site\/wp-content\/uploads\/2013\/12\/jackin2.jpg\"><img loading=\"lazy\" decoding=\"async\" class=\"alignnone size-medium wp-image-26184\" alt=\"jackin2\" src=\"http:\/\/www.levriers-du-sud.org\/site\/wp-content\/uploads\/2013\/12\/jackin2-256x300.jpg\" width=\"256\" height=\"300\" srcset=\"https:\/\/www.levriers-du-sud.org\/site\/wp-content\/uploads\/2013\/12\/jackin2-256x300.jpg 256w, https:\/\/www.levriers-du-sud.org\/site\/wp-content\/uploads\/2013\/12\/jackin2.jpg 410w\" sizes=\"auto, (max-width: 256px) 100vw, 256px\" \/><\/a> <a href=\"http:\/\/www.levriers-du-sud.org\/site\/wp-content\/uploads\/2013\/12\/jackinj.jpg\"><img loading=\"lazy\" decoding=\"async\" class=\"alignnone size-medium wp-image-26185\" alt=\"jackinj\" src=\"http:\/\/www.levriers-du-sud.org\/site\/wp-content\/uploads\/2013\/12\/jackinj-252x300.jpg\" width=\"252\" height=\"300\" srcset=\"https:\/\/www.levriers-du-sud.org\/site\/wp-content\/uploads\/2013\/12\/jackinj-252x300.jpg 252w, https:\/\/www.levriers-du-sud.org\/site\/wp-content\/uploads\/2013\/12\/jackinj.jpg 402w\" sizes=\"auto, (max-width: 252px) 100vw, 252px\" \/><\/a><\/p>\n<p>LETTY<\/p>\n<p><a href=\"http:\/\/www.levriers-du-sud.org\/site\/wp-content\/uploads\/2013\/12\/letty-i.jpg\"><img loading=\"lazy\" decoding=\"async\" class=\"alignnone size-medium wp-image-26186\" alt=\"letty i\" src=\"http:\/\/www.levriers-du-sud.org\/site\/wp-content\/uploads\/2013\/12\/letty-i-300x254.jpg\" width=\"278\" height=\"235\" srcset=\"https:\/\/www.levriers-du-sud.org\/site\/wp-content\/uploads\/2013\/12\/letty-i-300x254.jpg 300w, https:\/\/www.levriers-du-sud.org\/site\/wp-content\/uploads\/2013\/12\/letty-i.jpg 431w\" sizes=\"auto, (max-width: 278px) 100vw, 278px\" \/><\/a> <a href=\"http:\/\/www.levriers-du-sud.org\/site\/wp-content\/uploads\/2013\/12\/letty-v.jpg\"><img loading=\"lazy\" decoding=\"async\" class=\"alignnone size-medium wp-image-26187\" alt=\"letty v\" src=\"http:\/\/www.levriers-du-sud.org\/site\/wp-content\/uploads\/2013\/12\/letty-v-300x295.jpg\" width=\"235\" height=\"230\" srcset=\"https:\/\/www.levriers-du-sud.org\/site\/wp-content\/uploads\/2013\/12\/letty-v-300x295.jpg 300w, https:\/\/www.levriers-du-sud.org\/site\/wp-content\/uploads\/2013\/12\/letty-v.jpg 423w\" sizes=\"auto, (max-width: 235px) 100vw, 235px\" \/><\/a><\/p>\n<p><a href=\"http:\/\/www.levriers-du-sud.org\/site\/wp-content\/uploads\/2013\/12\/altAg0pjweOb79N_9PEWbgfyfAGB37MAWJNMAzRZvpnO9NG-2.jpg\"><img loading=\"lazy\" decoding=\"async\" class=\"alignnone size-medium wp-image-26118\" alt=\"altAg0pjweOb79N_9PEWbgfyfAGB37MAWJNMAzRZvpnO9NG (2)\" src=\"http:\/\/www.levriers-du-sud.org\/site\/wp-content\/uploads\/2013\/12\/altAg0pjweOb79N_9PEWbgfyfAGB37MAWJNMAzRZvpnO9NG-2-300x247.jpg\" width=\"279\" height=\"229\" srcset=\"https:\/\/www.levriers-du-sud.org\/site\/wp-content\/uploads\/2013\/12\/altAg0pjweOb79N_9PEWbgfyfAGB37MAWJNMAzRZvpnO9NG-2-300x247.jpg 300w, https:\/\/www.levriers-du-sud.org\/site\/wp-content\/uploads\/2013\/12\/altAg0pjweOb79N_9PEWbgfyfAGB37MAWJNMAzRZvpnO9NG-2.jpg 578w\" sizes=\"auto, (max-width: 279px) 100vw, 279px\" \/><\/a> <a href=\"http:\/\/www.levriers-du-sud.org\/site\/wp-content\/uploads\/2013\/12\/altAgn1RgiqyogdwyMKVdk49qL67BKRYfhaeREsYVcsAz28-2.jpg\"><img loading=\"lazy\" decoding=\"async\" class=\"alignnone size-medium wp-image-26119\" alt=\"altAgn1RgiqyogdwyMKVdk49qL67BKRYfhaeREsYVcsAz28 (2)\" src=\"http:\/\/www.levriers-du-sud.org\/site\/wp-content\/uploads\/2013\/12\/altAgn1RgiqyogdwyMKVdk49qL67BKRYfhaeREsYVcsAz28-2-300x257.jpg\" width=\"264\" height=\"226\" srcset=\"https:\/\/www.levriers-du-sud.org\/site\/wp-content\/uploads\/2013\/12\/altAgn1RgiqyogdwyMKVdk49qL67BKRYfhaeREsYVcsAz28-2-300x257.jpg 300w, https:\/\/www.levriers-du-sud.org\/site\/wp-content\/uploads\/2013\/12\/altAgn1RgiqyogdwyMKVdk49qL67BKRYfhaeREsYVcsAz28-2.jpg 411w\" sizes=\"auto, (max-width: 264px) 100vw, 264px\" \/><!--more--><\/a><\/p>\n<p><a href=\"http:\/\/www.levriers-du-sud.org\/site\/wp-content\/uploads\/2013\/12\/altAiMPfh4TRM2SJfdnulZ02w1Vo5CUpyccG25mWGOb4LEU-2.jpg\"><img loading=\"lazy\" decoding=\"async\" class=\"alignnone size-medium wp-image-26120\" alt=\"altAiMPfh4TRM2SJfdnulZ02w1Vo5CUpyccG25mWGOb4LEU (2)\" src=\"http:\/\/www.levriers-du-sud.org\/site\/wp-content\/uploads\/2013\/12\/altAiMPfh4TRM2SJfdnulZ02w1Vo5CUpyccG25mWGOb4LEU-2-300x223.jpg\" width=\"300\" height=\"223\" srcset=\"https:\/\/www.levriers-du-sud.org\/site\/wp-content\/uploads\/2013\/12\/altAiMPfh4TRM2SJfdnulZ02w1Vo5CUpyccG25mWGOb4LEU-2-300x223.jpg 300w, https:\/\/www.levriers-du-sud.org\/site\/wp-content\/uploads\/2013\/12\/altAiMPfh4TRM2SJfdnulZ02w1Vo5CUpyccG25mWGOb4LEU-2.jpg 609w\" sizes=\"auto, (max-width: 300px) 100vw, 300px\" \/><\/a> <a href=\"http:\/\/www.levriers-du-sud.org\/site\/wp-content\/uploads\/2013\/12\/altAmauSpi44bGz3oMMhjVFgGxsmCJfgg13rXm6SMudFP79.jpg\"><img loading=\"lazy\" decoding=\"async\" class=\"alignnone size-medium wp-image-26122\" alt=\"altAmauSpi44bGz3oMMhjVFgGxsmCJfgg13rXm6SMudFP79\" src=\"http:\/\/www.levriers-du-sud.org\/site\/wp-content\/uploads\/2013\/12\/altAmauSpi44bGz3oMMhjVFgGxsmCJfgg13rXm6SMudFP79-291x300.jpg\" width=\"251\" height=\"258\" srcset=\"https:\/\/www.levriers-du-sud.org\/site\/wp-content\/uploads\/2013\/12\/altAmauSpi44bGz3oMMhjVFgGxsmCJfgg13rXm6SMudFP79-291x300.jpg 291w, https:\/\/www.levriers-du-sud.org\/site\/wp-content\/uploads\/2013\/12\/altAmauSpi44bGz3oMMhjVFgGxsmCJfgg13rXm6SMudFP79.jpg 389w\" sizes=\"auto, (max-width: 251px) 100vw, 251px\" \/><\/a><\/p>\n<p><a href=\"http:\/\/www.levriers-du-sud.org\/site\/wp-content\/uploads\/2013\/12\/altAs3dkx2IFqf0rqu2_5K1gjPK8U4lu6Mm4lI-BjPvOxSC-2.jpg\"><img loading=\"lazy\" decoding=\"async\" class=\"alignnone size-medium wp-image-26123\" alt=\"altAs3dkx2IFqf0rqu2_5K1gjPK8U4lu6Mm4lI-BjPvOxSC (2)\" src=\"http:\/\/www.levriers-du-sud.org\/site\/wp-content\/uploads\/2013\/12\/altAs3dkx2IFqf0rqu2_5K1gjPK8U4lu6Mm4lI-BjPvOxSC-2-300x242.jpg\" width=\"274\" height=\"220\" srcset=\"https:\/\/www.levriers-du-sud.org\/site\/wp-content\/uploads\/2013\/12\/altAs3dkx2IFqf0rqu2_5K1gjPK8U4lu6Mm4lI-BjPvOxSC-2-300x242.jpg 300w, https:\/\/www.levriers-du-sud.org\/site\/wp-content\/uploads\/2013\/12\/altAs3dkx2IFqf0rqu2_5K1gjPK8U4lu6Mm4lI-BjPvOxSC-2.jpg 746w\" sizes=\"auto, (max-width: 274px) 100vw, 274px\" \/><\/a> <a href=\"http:\/\/www.levriers-du-sud.org\/site\/wp-content\/uploads\/2013\/12\/altAtLCGXT31i2M49RFHY2eExZIljD6qpuBRhySPIGVIs_D-2.jpg\"><img loading=\"lazy\" decoding=\"async\" class=\"alignnone size-medium wp-image-26124\" alt=\"altAtLCGXT31i2M49RFHY2eExZIljD6qpuBRhySPIGVIs_D (2)\" src=\"http:\/\/www.levriers-du-sud.org\/site\/wp-content\/uploads\/2013\/12\/altAtLCGXT31i2M49RFHY2eExZIljD6qpuBRhySPIGVIs_D-2-300x235.jpg\" width=\"279\" height=\"218\" srcset=\"https:\/\/www.levriers-du-sud.org\/site\/wp-content\/uploads\/2013\/12\/altAtLCGXT31i2M49RFHY2eExZIljD6qpuBRhySPIGVIs_D-2-300x235.jpg 300w, https:\/\/www.levriers-du-sud.org\/site\/wp-content\/uploads\/2013\/12\/altAtLCGXT31i2M49RFHY2eExZIljD6qpuBRhySPIGVIs_D-2.jpg 684w\" sizes=\"auto, (max-width: 279px) 100vw, 279px\" \/><\/a><\/p>\n<p><a href=\"http:\/\/www.levriers-du-sud.org\/site\/wp-content\/uploads\/2013\/12\/altApdoLr2VYyf8N_OM9202FCWIj4g6Z3HXk0WaAe01RVgW.jpg\"><img loading=\"lazy\" decoding=\"async\" class=\"alignnone size-medium wp-image-25922\" alt=\"altApdoLr2VYyf8N_OM9202FCWIj4g6Z3HXk0WaAe01RVgW\" src=\"http:\/\/www.levriers-du-sud.org\/site\/wp-content\/uploads\/2013\/12\/altApdoLr2VYyf8N_OM9202FCWIj4g6Z3HXk0WaAe01RVgW-300x225.jpg\" width=\"278\" height=\"208\" srcset=\"https:\/\/www.levriers-du-sud.org\/site\/wp-content\/uploads\/2013\/12\/altApdoLr2VYyf8N_OM9202FCWIj4g6Z3HXk0WaAe01RVgW-300x225.jpg 300w, https:\/\/www.levriers-du-sud.org\/site\/wp-content\/uploads\/2013\/12\/altApdoLr2VYyf8N_OM9202FCWIj4g6Z3HXk0WaAe01RVgW.jpg 816w\" sizes=\"auto, (max-width: 278px) 100vw, 278px\" \/><\/a> <a href=\"http:\/\/www.levriers-du-sud.org\/site\/wp-content\/uploads\/2013\/12\/altApomAfCaSIOp9ZLGT1SEZc1lHr4ljndxvqxo0l9a71Wm-2.jpg\"><img loading=\"lazy\" decoding=\"async\" class=\"alignnone size-medium wp-image-25923\" alt=\"altApomAfCaSIOp9ZLGT1SEZc1lHr4ljndxvqxo0l9a71Wm (2)\" src=\"http:\/\/www.levriers-du-sud.org\/site\/wp-content\/uploads\/2013\/12\/altApomAfCaSIOp9ZLGT1SEZc1lHr4ljndxvqxo0l9a71Wm-2-300x225.jpg\" width=\"276\" height=\"206\" srcset=\"https:\/\/www.levriers-du-sud.org\/site\/wp-content\/uploads\/2013\/12\/altApomAfCaSIOp9ZLGT1SEZc1lHr4ljndxvqxo0l9a71Wm-2-300x225.jpg 300w, https:\/\/www.levriers-du-sud.org\/site\/wp-content\/uploads\/2013\/12\/altApomAfCaSIOp9ZLGT1SEZc1lHr4ljndxvqxo0l9a71Wm-2.jpg 816w\" sizes=\"auto, (max-width: 276px) 100vw, 276px\" \/><\/a><!--more--><\/p>\n<p><strong>Les m\u00e2les<\/strong><\/p>\n<p><strong>olaf , galgo 2kg\u00a0 \u00a0 \u00a0 \u00a0 \u00a0 \u00a0 \u00a0 \u00a0 \u00a0 \u00a0 \u00a0 \u00a0 \u00a0 \u00a0 \u00a0 \u00a0 \u00a0 \u00a0 \u00a0 \u00a0 \u00a0 \u00a0 \u00a0 \u00a0 \u00a0 \u00a0 \u00a0 \u00a0 \u00a0 \u00a0 \u00a0 \u00a0 \u00a0 \u00a0 \u00a0 \u00a0 \u00a0\u00a0 Jackin,podenco 1k 300<\/strong><\/p>\n<p><a href=\"http:\/\/www.levriers-du-sud.org\/site\/wp-content\/uploads\/2013\/12\/olaf.jpg\"><img loading=\"lazy\" decoding=\"async\" class=\"alignnone size-medium wp-image-25924\" alt=\"olaf\" src=\"http:\/\/www.levriers-du-sud.org\/site\/wp-content\/uploads\/2013\/12\/olaf-300x225.jpg\" width=\"271\" height=\"209\" \/><\/a> <a href=\"http:\/\/www.levriers-du-sud.org\/site\/wp-content\/uploads\/2013\/12\/jackin.jpg\"><img loading=\"lazy\" decoding=\"async\" class=\"alignnone size-medium wp-image-25925\" alt=\"jackin\" src=\"http:\/\/www.levriers-du-sud.org\/site\/wp-content\/uploads\/2013\/12\/jackin-300x225.jpg\" width=\"280\" height=\"210\" srcset=\"https:\/\/www.levriers-du-sud.org\/site\/wp-content\/uploads\/2013\/12\/jackin-300x225.jpg 300w, https:\/\/www.levriers-du-sud.org\/site\/wp-content\/uploads\/2013\/12\/jackin.jpg 816w\" sizes=\"auto, (max-width: 280px) 100vw, 280px\" \/><\/a><\/p>\n<p><strong>Les femelles<\/strong><\/p>\n<p><strong>Kalyn, podenco 1kg400 \u00a0\u00a0\u00a0\u00a0<\/strong>\u00a0\u00a0\u00a0\u00a0\u00a0\u00a0\u00a0\u00a0\u00a0\u00a0\u00a0\u00a0\u00a0\u00a0\u00a0\u00a0\u00a0\u00a0\u00a0\u00a0\u00a0\u00a0\u00a0\u00a0\u00a0\u00a0\u00a0\u00a0\u00a0\u00a0\u00a0\u00a0\u00a0\u00a0\u00a0\u00a0<strong>\u00a0\u00a0 Janae, galgo 2k900<\/strong><\/p>\n<p><a href=\"http:\/\/www.levriers-du-sud.org\/site\/wp-content\/uploads\/2013\/12\/janae-.jpg\"><img loading=\"lazy\" decoding=\"async\" class=\"alignnone size-medium wp-image-25926\" alt=\"janae\" src=\"http:\/\/www.levriers-du-sud.org\/site\/wp-content\/uploads\/2013\/12\/janae--300x225.jpg\" width=\"274\" height=\"205\" srcset=\"https:\/\/www.levriers-du-sud.org\/site\/wp-content\/uploads\/2013\/12\/janae--300x225.jpg 300w, https:\/\/www.levriers-du-sud.org\/site\/wp-content\/uploads\/2013\/12\/janae-.jpg 816w\" sizes=\"auto, (max-width: 274px) 100vw, 274px\" \/><\/a> <a href=\"http:\/\/www.levriers-du-sud.org\/site\/wp-content\/uploads\/2013\/12\/kalyn.jpg\"><img loading=\"lazy\" decoding=\"async\" class=\"alignnone size-medium wp-image-25927\" alt=\"kalyn\" src=\"http:\/\/www.levriers-du-sud.org\/site\/wp-content\/uploads\/2013\/12\/kalyn-300x225.jpg\" width=\"270\" height=\"202\" srcset=\"https:\/\/www.levriers-du-sud.org\/site\/wp-content\/uploads\/2013\/12\/kalyn-300x225.jpg 300w, https:\/\/www.levriers-du-sud.org\/site\/wp-content\/uploads\/2013\/12\/kalyn.jpg 816w\" sizes=\"auto, (max-width: 270px) 100vw, 270px\" \/><\/a><\/p>\n<p>&nbsp;<\/p>\n<p><strong>Letty,podenco 1kg300<\/strong><\/p>\n<p><a href=\"http:\/\/www.levriers-du-sud.org\/site\/wp-content\/uploads\/2013\/12\/letty.jpg\"><img loading=\"lazy\" decoding=\"async\" class=\"alignnone size-medium wp-image-25928\" alt=\"letty\" src=\"http:\/\/www.levriers-du-sud.org\/site\/wp-content\/uploads\/2013\/12\/letty-300x225.jpg\" width=\"300\" height=\"225\" srcset=\"https:\/\/www.levriers-du-sud.org\/site\/wp-content\/uploads\/2013\/12\/letty-300x225.jpg 300w, https:\/\/www.levriers-du-sud.org\/site\/wp-content\/uploads\/2013\/12\/letty.jpg 816w\" sizes=\"auto, (max-width: 300px) 100vw, 300px\" \/><\/a><!--more--><\/p>\n<p>femelle<\/p>\n<p><a href=\"http:\/\/www.levriers-du-sud.org\/site\/wp-content\/uploads\/2013\/12\/pitufa-3a-hembra.jpg\"><img loading=\"lazy\" decoding=\"async\" class=\"alignnone size-medium wp-image-25837\" alt=\"ipp\" src=\"http:\/\/www.levriers-du-sud.org\/site\/wp-content\/uploads\/2013\/12\/pitufa-3a-hembra-300x252.jpg\" width=\"279\" height=\"237\" \/><\/a> <a href=\"http:\/\/www.levriers-du-sud.org\/site\/wp-content\/uploads\/2013\/12\/pitufa-3b-hembra.jpg\"><img loading=\"lazy\" decoding=\"async\" class=\"alignnone size-medium wp-image-25838\" alt=\"ipp\" src=\"http:\/\/www.levriers-du-sud.org\/site\/wp-content\/uploads\/2013\/12\/pitufa-3b-hembra-300x267.jpg\" width=\"265\" height=\"235\" srcset=\"https:\/\/www.levriers-du-sud.org\/site\/wp-content\/uploads\/2013\/12\/pitufa-3b-hembra-300x267.jpg 300w, https:\/\/www.levriers-du-sud.org\/site\/wp-content\/uploads\/2013\/12\/pitufa-3b-hembra-1024x911.jpg 1024w, https:\/\/www.levriers-du-sud.org\/site\/wp-content\/uploads\/2013\/12\/pitufa-3b-hembra.jpg 1864w\" sizes=\"auto, (max-width: 265px) 100vw, 265px\" \/><\/a><!--more-->m\u00e2le<\/p>\n<p><a href=\"http:\/\/www.levriers-du-sud.org\/site\/wp-content\/uploads\/2013\/12\/Pitufo-1-macho.jpg\"><img loading=\"lazy\" decoding=\"async\" class=\"alignnone size-medium wp-image-25839\" alt=\"ipp\" src=\"http:\/\/www.levriers-du-sud.org\/site\/wp-content\/uploads\/2013\/12\/Pitufo-1-macho-300x265.jpg\" width=\"259\" height=\"228\" srcset=\"https:\/\/www.levriers-du-sud.org\/site\/wp-content\/uploads\/2013\/12\/Pitufo-1-macho-300x265.jpg 300w, https:\/\/www.levriers-du-sud.org\/site\/wp-content\/uploads\/2013\/12\/Pitufo-1-macho-1024x905.jpg 1024w, https:\/\/www.levriers-du-sud.org\/site\/wp-content\/uploads\/2013\/12\/Pitufo-1-macho.jpg 2010w\" sizes=\"auto, (max-width: 259px) 100vw, 259px\" \/><\/a> <a href=\"http:\/\/www.levriers-du-sud.org\/site\/wp-content\/uploads\/2013\/12\/Pitufo-1a-macho.jpg\"><img loading=\"lazy\" decoding=\"async\" class=\"alignnone size-medium wp-image-25840\" alt=\"ipp\" src=\"http:\/\/www.levriers-du-sud.org\/site\/wp-content\/uploads\/2013\/12\/Pitufo-1a-macho-300x248.jpg\" width=\"279\" height=\"230\" srcset=\"https:\/\/www.levriers-du-sud.org\/site\/wp-content\/uploads\/2013\/12\/Pitufo-1a-macho-300x248.jpg 300w, https:\/\/www.levriers-du-sud.org\/site\/wp-content\/uploads\/2013\/12\/Pitufo-1a-macho-1024x849.jpg 1024w, https:\/\/www.levriers-du-sud.org\/site\/wp-content\/uploads\/2013\/12\/Pitufo-1a-macho.jpg 1911w\" sizes=\"auto, (max-width: 279px) 100vw, 279px\" \/><\/a><\/p>\n<p>m\u00e2le<\/p>\n<p><a href=\"http:\/\/www.levriers-du-sud.org\/site\/wp-content\/uploads\/2013\/12\/pitufo-2-macho.jpg\"><img loading=\"lazy\" decoding=\"async\" class=\"alignnone size-medium wp-image-25841\" alt=\"ipp\" src=\"http:\/\/www.levriers-du-sud.org\/site\/wp-content\/uploads\/2013\/12\/pitufo-2-macho-285x300.jpg\" width=\"251\" height=\"264\" srcset=\"https:\/\/www.levriers-du-sud.org\/site\/wp-content\/uploads\/2013\/12\/pitufo-2-macho-285x300.jpg 285w, https:\/\/www.levriers-du-sud.org\/site\/wp-content\/uploads\/2013\/12\/pitufo-2-macho-975x1024.jpg 975w, https:\/\/www.levriers-du-sud.org\/site\/wp-content\/uploads\/2013\/12\/pitufo-2-macho.jpg 1714w\" sizes=\"auto, (max-width: 251px) 100vw, 251px\" \/><\/a> <a href=\"http:\/\/www.levriers-du-sud.org\/site\/wp-content\/uploads\/2013\/12\/pitufo-2a-macho.jpg\"><img loading=\"lazy\" decoding=\"async\" class=\"alignnone size-medium wp-image-25842\" alt=\"ipp\" src=\"http:\/\/www.levriers-du-sud.org\/site\/wp-content\/uploads\/2013\/12\/pitufo-2a-macho-300x284.jpg\" width=\"276\" height=\"261\" srcset=\"https:\/\/www.levriers-du-sud.org\/site\/wp-content\/uploads\/2013\/12\/pitufo-2a-macho-300x284.jpg 300w, https:\/\/www.levriers-du-sud.org\/site\/wp-content\/uploads\/2013\/12\/pitufo-2a-macho-1024x969.jpg 1024w, https:\/\/www.levriers-du-sud.org\/site\/wp-content\/uploads\/2013\/12\/pitufo-2a-macho.jpg 1748w\" sizes=\"auto, (max-width: 276px) 100vw, 276px\" \/><\/a><\/p>\n<p>femelle<\/p>\n<p><a href=\"http:\/\/www.levriers-du-sud.org\/site\/wp-content\/uploads\/2013\/12\/Pitufa-1a-hembra.jpg\"><img loading=\"lazy\" decoding=\"async\" class=\"alignnone size-medium wp-image-25836\" alt=\"ipp\" src=\"http:\/\/www.levriers-du-sud.org\/site\/wp-content\/uploads\/2013\/12\/Pitufa-1a-hembra-300x296.jpg\" width=\"300\" height=\"296\" srcset=\"https:\/\/www.levriers-du-sud.org\/site\/wp-content\/uploads\/2013\/12\/Pitufa-1a-hembra-300x296.jpg 300w, https:\/\/www.levriers-du-sud.org\/site\/wp-content\/uploads\/2013\/12\/Pitufa-1a-hembra-1024x1012.jpg 1024w, https:\/\/www.levriers-du-sud.org\/site\/wp-content\/uploads\/2013\/12\/Pitufa-1a-hembra.jpg 1708w\" sizes=\"auto, (max-width: 300px) 100vw, 300px\" \/><\/a><\/p>\n<p><a href=\"http:\/\/www.levriers-du-sud.org\/site\/wp-content\/uploads\/2014\/01\/WP_000392.jpg\"><img loading=\"lazy\" decoding=\"async\" class=\"alignnone size-medium wp-image-26415\" alt=\"WP_000392\" src=\"http:\/\/www.levriers-du-sud.org\/site\/wp-content\/uploads\/2014\/01\/WP_000392-225x300.jpg\" width=\"225\" height=\"300\" srcset=\"https:\/\/www.levriers-du-sud.org\/site\/wp-content\/uploads\/2014\/01\/WP_000392-225x300.jpg 225w, https:\/\/www.levriers-du-sud.org\/site\/wp-content\/uploads\/2014\/01\/WP_000392-768x1024.jpg 768w, https:\/\/www.levriers-du-sud.org\/site\/wp-content\/uploads\/2014\/01\/WP_000392.jpg 1944w\" sizes=\"auto, (max-width: 225px) 100vw, 225px\" \/><\/a><\/p>\n","protected":false},"excerpt":{"rendered":"<p>Une b\u00e9n\u00e9vole qui nous fait des transports en Espagne a recueilli cette port\u00e9e de chiots. Ils ont dans les 2 mois, peut etre crois\u00e9s podenco ou galgo. Ils sont tr\u00e8s faibles et elle les a mis sous antibiotiques et les a vermifug\u00e9. Mais elle n&rsquo;a pas d&rsquo;endroit pour les mettre en s\u00e9curit\u00e9 et pour le [&hellip;]<\/p>\n","protected":false},"author":1,"featured_media":0,"comment_status":"open","ping_status":"open","sticky":false,"template":"","format":"standard","meta":{"footnotes":""},"categories":[9],"tags":[],"class_list":["post-25835","post","type-post","status-publish","format-standard","hentry","category-album"],"aioseo_notices":[],"_links":{"self":[{"href":"https:\/\/www.levriers-du-sud.org\/site\/wp-json\/wp\/v2\/posts\/25835","targetHints":{"allow":["GET"]}}],"collection":[{"href":"https:\/\/www.levriers-du-sud.org\/site\/wp-json\/wp\/v2\/posts"}],"about":[{"href":"https:\/\/www.levriers-du-sud.org\/site\/wp-json\/wp\/v2\/types\/post"}],"author":[{"embeddable":true,"href":"https:\/\/www.levriers-du-sud.org\/site\/wp-json\/wp\/v2\/users\/1"}],"replies":[{"embeddable":true,"href":"https:\/\/www.levriers-du-sud.org\/site\/wp-json\/wp\/v2\/comments?post=25835"}],"version-history":[{"count":24,"href":"https:\/\/www.levriers-du-sud.org\/site\/wp-json\/wp\/v2\/posts\/25835\/revisions"}],"predecessor-version":[{"id":27056,"href":"https:\/\/www.levriers-du-sud.org\/site\/wp-json\/wp\/v2\/posts\/25835\/revisions\/27056"}],"wp:attachment":[{"href":"https:\/\/www.levriers-du-sud.org\/site\/wp-json\/wp\/v2\/media?parent=25835"}],"wp:term":[{"taxonomy":"category","embeddable":true,"href":"https:\/\/www.levriers-du-sud.org\/site\/wp-json\/wp\/v2\/categories?post=25835"},{"taxonomy":"post_tag","embeddable":true,"href":"https:\/\/www.levriers-du-sud.org\/site\/wp-json\/wp\/v2\/tags?post=25835"}],"curies":[{"name":"wp","href":"https:\/\/api.w.org\/{rel}","templated":true}]}}