{"id":30091,"date":"2015-01-10T14:08:52","date_gmt":"2015-01-10T13:08:52","guid":{"rendered":"http:\/\/www.levriers-du-sud.org\/site\/?p=30091"},"modified":"2015-01-10T14:08:12","modified_gmt":"2015-01-10T13:08:12","slug":"frodo","status":"publish","type":"post","link":"https:\/\/www.levriers-du-sud.org\/site\/10\/01\/2015\/frodo\/","title":{"rendered":"Frodo&#8230; RIP petit coeur"},"content":{"rendered":"<p><strong>Type :<\/strong> podenco<br \/>\n<strong>Sexe :<\/strong> male<br \/>\n<strong>Age :<\/strong> 2013<br \/>\n<strong>Sant\u00e9 :<\/strong>en cours<br \/>\n<strong>Situation:<\/strong> en refuge<\/p>\n<p><strong>Frodo a \u00e9t\u00e9 conduit d&rsquo;urgence hier chez le v\u00e9t\u00e9rinaire mais il nous a quitt\u00e9&#8230; Un probleme cardiaque, surement une malformation d&rsquo;apr\u00e8s le v\u00e9t\u00e9rinaire.. Une demande d&rsquo;adoption \u00e9tait en cours pour lui&#8230; RIP petit Frodo, encore un ange au ciel&#8230;.<\/strong><\/p>\n<p><strong>\u00a0Commentaire :<br \/>\n<\/strong>Frodo est dans un petit refuge qui nous a demand\u00e9 de l&rsquo;aide. C&rsquo;est un chien sociable et qui n&rsquo;est pas craintif<strong><br \/>\n<\/strong><\/p>\n<p><a href=\"http:\/\/www.levriers-du-sud.org\/site\/wp-content\/uploads\/2014\/12\/frodo4.jpg\"><img loading=\"lazy\" decoding=\"async\" class=\"alignnone  wp-image-30096\" src=\"http:\/\/www.levriers-du-sud.org\/site\/wp-content\/uploads\/2014\/12\/frodo4-225x300.jpg\" alt=\"frodo4\" width=\"236\" height=\"315\" srcset=\"https:\/\/www.levriers-du-sud.org\/site\/wp-content\/uploads\/2014\/12\/frodo4-225x300.jpg 225w, https:\/\/www.levriers-du-sud.org\/site\/wp-content\/uploads\/2014\/12\/frodo4.jpg 720w\" sizes=\"auto, (max-width: 236px) 100vw, 236px\" \/><\/a> <a href=\"http:\/\/www.levriers-du-sud.org\/site\/wp-content\/uploads\/2014\/12\/frodo.jpg\"><img loading=\"lazy\" decoding=\"async\" class=\"alignnone  wp-image-30093\" src=\"http:\/\/www.levriers-du-sud.org\/site\/wp-content\/uploads\/2014\/12\/frodo-225x300.jpg\" alt=\"frodo\" width=\"238\" height=\"318\" srcset=\"https:\/\/www.levriers-du-sud.org\/site\/wp-content\/uploads\/2014\/12\/frodo-225x300.jpg 225w, https:\/\/www.levriers-du-sud.org\/site\/wp-content\/uploads\/2014\/12\/frodo.jpg 600w\" sizes=\"auto, (max-width: 238px) 100vw, 238px\" \/><\/a><!--more--><\/p>\n<p><a href=\"http:\/\/www.levriers-du-sud.org\/site\/wp-content\/uploads\/2014\/12\/frodo2.jpg\"><img loading=\"lazy\" decoding=\"async\" class=\"alignnone size-medium wp-image-30094\" src=\"http:\/\/www.levriers-du-sud.org\/site\/wp-content\/uploads\/2014\/12\/frodo2-236x300.jpg\" alt=\"frodo2\" width=\"236\" height=\"300\" srcset=\"https:\/\/www.levriers-du-sud.org\/site\/wp-content\/uploads\/2014\/12\/frodo2-236x300.jpg 236w, https:\/\/www.levriers-du-sud.org\/site\/wp-content\/uploads\/2014\/12\/frodo2.jpg 600w\" sizes=\"auto, (max-width: 236px) 100vw, 236px\" \/><\/a> <a href=\"http:\/\/www.levriers-du-sud.org\/site\/wp-content\/uploads\/2014\/12\/frodo3.jpg\"><img loading=\"lazy\" decoding=\"async\" class=\"alignnone size-medium wp-image-30095\" src=\"http:\/\/www.levriers-du-sud.org\/site\/wp-content\/uploads\/2014\/12\/frodo3-118x300.jpg\" alt=\"frodo3\" width=\"118\" height=\"300\" \/><\/a><\/p>\n","protected":false},"excerpt":{"rendered":"<p>Type : podenco Sexe : male Age : 2013 Sant\u00e9 :en cours Situation: en refuge Frodo a \u00e9t\u00e9 conduit d&rsquo;urgence hier chez le v\u00e9t\u00e9rinaire mais il nous a quitt\u00e9&#8230; Un probleme cardiaque, surement une malformation d&rsquo;apr\u00e8s le v\u00e9t\u00e9rinaire.. Une demande d&rsquo;adoption \u00e9tait en cours pour lui&#8230; RIP petit Frodo, encore un ange au ciel&#8230;. \u00a0Commentaire [&hellip;]<\/p>\n","protected":false},"author":1,"featured_media":0,"comment_status":"open","ping_status":"open","sticky":false,"template":"","format":"standard","meta":{"footnotes":""},"categories":[9],"tags":[],"class_list":["post-30091","post","type-post","status-publish","format-standard","hentry","category-album"],"aioseo_notices":[],"_links":{"self":[{"href":"https:\/\/www.levriers-du-sud.org\/site\/wp-json\/wp\/v2\/posts\/30091","targetHints":{"allow":["GET"]}}],"collection":[{"href":"https:\/\/www.levriers-du-sud.org\/site\/wp-json\/wp\/v2\/posts"}],"about":[{"href":"https:\/\/www.levriers-du-sud.org\/site\/wp-json\/wp\/v2\/types\/post"}],"author":[{"embeddable":true,"href":"https:\/\/www.levriers-du-sud.org\/site\/wp-json\/wp\/v2\/users\/1"}],"replies":[{"embeddable":true,"href":"https:\/\/www.levriers-du-sud.org\/site\/wp-json\/wp\/v2\/comments?post=30091"}],"version-history":[{"count":3,"href":"https:\/\/www.levriers-du-sud.org\/site\/wp-json\/wp\/v2\/posts\/30091\/revisions"}],"predecessor-version":[{"id":30259,"href":"https:\/\/www.levriers-du-sud.org\/site\/wp-json\/wp\/v2\/posts\/30091\/revisions\/30259"}],"wp:attachment":[{"href":"https:\/\/www.levriers-du-sud.org\/site\/wp-json\/wp\/v2\/media?parent=30091"}],"wp:term":[{"taxonomy":"category","embeddable":true,"href":"https:\/\/www.levriers-du-sud.org\/site\/wp-json\/wp\/v2\/categories?post=30091"},{"taxonomy":"post_tag","embeddable":true,"href":"https:\/\/www.levriers-du-sud.org\/site\/wp-json\/wp\/v2\/tags?post=30091"}],"curies":[{"name":"wp","href":"https:\/\/api.w.org\/{rel}","templated":true}]}}