{"id":34614,"date":"2016-07-12T16:52:11","date_gmt":"2016-07-12T14:52:11","guid":{"rendered":"http:\/\/www.levriers-du-sud.org\/site\/?p=34614"},"modified":"2017-02-23T16:08:42","modified_gmt":"2017-02-23T14:08:42","slug":"neo-2","status":"publish","type":"post","link":"https:\/\/www.levriers-du-sud.org\/site\/12\/07\/2016\/neo-2\/","title":{"rendered":"Neo&#8230; adopt\u00e9"},"content":{"rendered":"<p><strong>Type<\/strong> : galgo<br \/>\n<strong>Sexe<\/strong> :male<br \/>\n<strong>Age<\/strong> : 4-5 ans<br \/>\n<strong>Sant\u00e9<\/strong> :positif leishmaniose (trait\u00e9)<br \/>\n<strong>Situation:<\/strong> en pension \u00e0 notre charge<\/p>\n<p><strong>Commentaire :<br \/>\n<\/strong>Une b\u00e9n\u00e9vole de Bailen nous a contact\u00e9 il y a quelques semaines pour deux galgos qu&rsquo;un chasseur voulait faire endormir. Nous avons accept\u00e9 de les prendre en charge. Et nous les avons fait remonter \u00e0 la pension. Neo est positif \u00e0 la leishmaniose avec un taux assez elev\u00e9. Nous attendons les analyses compl\u00e8tes afin de voir si il peut supporter les piqures de glucantime.<strong><br \/>\n<\/strong>Neo a eu son traitement avec des piqures de glucantime. Il va bien, mais il serait vraiment mieux dans une famille&#8230;<strong><br \/>\n<\/strong><\/p>\n<p><strong>Parrain\u00e9 par Christelle S 55.00 eur<\/strong><\/p>\n<p><img loading=\"lazy\" decoding=\"async\" class=\"alignnone wp-image-35963\" src=\"http:\/\/www.levriers-du-sud.org\/site\/wp-content\/uploads\/2016\/04\/neo3-2-294x300.jpg\" alt=\"neo3 (2)\" width=\"246\" height=\"251\" srcset=\"https:\/\/www.levriers-du-sud.org\/site\/wp-content\/uploads\/2016\/04\/neo3-2-294x300.jpg 294w, https:\/\/www.levriers-du-sud.org\/site\/wp-content\/uploads\/2016\/04\/neo3-2-768x783.jpg 768w, https:\/\/www.levriers-du-sud.org\/site\/wp-content\/uploads\/2016\/04\/neo3-2.jpg 942w\" sizes=\"auto, (max-width: 246px) 100vw, 246px\" \/> <img loading=\"lazy\" decoding=\"async\" class=\"alignnone size-medium wp-image-35961\" src=\"http:\/\/www.levriers-du-sud.org\/site\/wp-content\/uploads\/2016\/04\/neo2-2-300x225.jpg\" alt=\"neo2 (2)\" width=\"300\" height=\"225\" srcset=\"https:\/\/www.levriers-du-sud.org\/site\/wp-content\/uploads\/2016\/04\/neo2-2-300x225.jpg 300w, https:\/\/www.levriers-du-sud.org\/site\/wp-content\/uploads\/2016\/04\/neo2-2-768x576.jpg 768w, https:\/\/www.levriers-du-sud.org\/site\/wp-content\/uploads\/2016\/04\/neo2-2.jpg 960w\" sizes=\"auto, (max-width: 300px) 100vw, 300px\" \/><\/p>\n<p><!--more--><\/p>\n<p>&nbsp;<\/p>\n<p><img loading=\"lazy\" decoding=\"async\" class=\"alignnone wp-image-34617\" src=\"http:\/\/www.levriers-du-sud.org\/site\/wp-content\/uploads\/2016\/04\/neo2-300x276.jpg\" alt=\"neo2\" width=\"280\" height=\"258\" srcset=\"https:\/\/www.levriers-du-sud.org\/site\/wp-content\/uploads\/2016\/04\/neo2-300x276.jpg 300w, https:\/\/www.levriers-du-sud.org\/site\/wp-content\/uploads\/2016\/04\/neo2-768x706.jpg 768w, https:\/\/www.levriers-du-sud.org\/site\/wp-content\/uploads\/2016\/04\/neo2-1024x942.jpg 1024w\" sizes=\"auto, (max-width: 280px) 100vw, 280px\" \/> <img loading=\"lazy\" decoding=\"async\" class=\"alignnone wp-image-34619\" src=\"http:\/\/www.levriers-du-sud.org\/site\/wp-content\/uploads\/2016\/04\/neo4-300x278.jpg\" alt=\"neo4\" width=\"280\" height=\"260\" srcset=\"https:\/\/www.levriers-du-sud.org\/site\/wp-content\/uploads\/2016\/04\/neo4-300x278.jpg 300w, https:\/\/www.levriers-du-sud.org\/site\/wp-content\/uploads\/2016\/04\/neo4-768x712.jpg 768w, https:\/\/www.levriers-du-sud.org\/site\/wp-content\/uploads\/2016\/04\/neo4-1024x950.jpg 1024w\" sizes=\"auto, (max-width: 280px) 100vw, 280px\" \/><\/p>\n<p><img loading=\"lazy\" decoding=\"async\" class=\"alignnone size-medium wp-image-34620\" src=\"http:\/\/www.levriers-du-sud.org\/site\/wp-content\/uploads\/2016\/04\/neo6-284x300.jpg\" alt=\"neo6\" width=\"284\" height=\"300\" srcset=\"https:\/\/www.levriers-du-sud.org\/site\/wp-content\/uploads\/2016\/04\/neo6-284x300.jpg 284w, https:\/\/www.levriers-du-sud.org\/site\/wp-content\/uploads\/2016\/04\/neo6-768x811.jpg 768w, https:\/\/www.levriers-du-sud.org\/site\/wp-content\/uploads\/2016\/04\/neo6-969x1024.jpg 969w\" sizes=\"auto, (max-width: 284px) 100vw, 284px\" \/> <img loading=\"lazy\" decoding=\"async\" class=\"alignnone size-medium wp-image-34618\" src=\"http:\/\/www.levriers-du-sud.org\/site\/wp-content\/uploads\/2016\/04\/neo3-225x300.jpg\" alt=\"neo3\" width=\"225\" height=\"300\" srcset=\"https:\/\/www.levriers-du-sud.org\/site\/wp-content\/uploads\/2016\/04\/neo3-225x300.jpg 225w, https:\/\/www.levriers-du-sud.org\/site\/wp-content\/uploads\/2016\/04\/neo3-768x1024.jpg 768w\" sizes=\"auto, (max-width: 225px) 100vw, 225px\" \/><\/p>\n<p><img loading=\"lazy\" decoding=\"async\" class=\"alignnone wp-image-34616\" src=\"http:\/\/www.levriers-du-sud.org\/site\/wp-content\/uploads\/2016\/04\/neo-300x225.jpg\" alt=\"neo\" width=\"280\" height=\"210\" srcset=\"https:\/\/www.levriers-du-sud.org\/site\/wp-content\/uploads\/2016\/04\/neo-300x225.jpg 300w, https:\/\/www.levriers-du-sud.org\/site\/wp-content\/uploads\/2016\/04\/neo-768x576.jpg 768w, https:\/\/www.levriers-du-sud.org\/site\/wp-content\/uploads\/2016\/04\/neo-1024x768.jpg 1024w\" sizes=\"auto, (max-width: 280px) 100vw, 280px\" \/> <img loading=\"lazy\" decoding=\"async\" class=\"alignnone wp-image-34615\" src=\"http:\/\/www.levriers-du-sud.org\/site\/wp-content\/uploads\/2016\/04\/neo-8-300x225.jpg\" alt=\"neo 8\" width=\"279\" height=\"209\" srcset=\"https:\/\/www.levriers-du-sud.org\/site\/wp-content\/uploads\/2016\/04\/neo-8-300x225.jpg 300w, https:\/\/www.levriers-du-sud.org\/site\/wp-content\/uploads\/2016\/04\/neo-8-768x576.jpg 768w, https:\/\/www.levriers-du-sud.org\/site\/wp-content\/uploads\/2016\/04\/neo-8-1024x768.jpg 1024w\" sizes=\"auto, (max-width: 279px) 100vw, 279px\" \/><\/p>\n","protected":false},"excerpt":{"rendered":"<p>Type : galgo Sexe :male Age : 4-5 ans Sant\u00e9 :positif leishmaniose (trait\u00e9) Situation: en pension \u00e0 notre charge Commentaire : Une b\u00e9n\u00e9vole de Bailen nous a contact\u00e9 il y a quelques semaines pour deux galgos qu&rsquo;un chasseur voulait faire endormir. Nous avons accept\u00e9 de les prendre en charge. Et nous les avons fait remonter [&hellip;]<\/p>\n","protected":false},"author":1,"featured_media":0,"comment_status":"open","ping_status":"open","sticky":false,"template":"","format":"standard","meta":{"footnotes":""},"categories":[19,13],"tags":[],"class_list":["post-34614","post","type-post","status-publish","format-standard","hentry","category-galgos-adoptes","category-ok-chiens"],"aioseo_notices":[],"_links":{"self":[{"href":"https:\/\/www.levriers-du-sud.org\/site\/wp-json\/wp\/v2\/posts\/34614","targetHints":{"allow":["GET"]}}],"collection":[{"href":"https:\/\/www.levriers-du-sud.org\/site\/wp-json\/wp\/v2\/posts"}],"about":[{"href":"https:\/\/www.levriers-du-sud.org\/site\/wp-json\/wp\/v2\/types\/post"}],"author":[{"embeddable":true,"href":"https:\/\/www.levriers-du-sud.org\/site\/wp-json\/wp\/v2\/users\/1"}],"replies":[{"embeddable":true,"href":"https:\/\/www.levriers-du-sud.org\/site\/wp-json\/wp\/v2\/comments?post=34614"}],"version-history":[{"count":7,"href":"https:\/\/www.levriers-du-sud.org\/site\/wp-json\/wp\/v2\/posts\/34614\/revisions"}],"predecessor-version":[{"id":37397,"href":"https:\/\/www.levriers-du-sud.org\/site\/wp-json\/wp\/v2\/posts\/34614\/revisions\/37397"}],"wp:attachment":[{"href":"https:\/\/www.levriers-du-sud.org\/site\/wp-json\/wp\/v2\/media?parent=34614"}],"wp:term":[{"taxonomy":"category","embeddable":true,"href":"https:\/\/www.levriers-du-sud.org\/site\/wp-json\/wp\/v2\/categories?post=34614"},{"taxonomy":"post_tag","embeddable":true,"href":"https:\/\/www.levriers-du-sud.org\/site\/wp-json\/wp\/v2\/tags?post=34614"}],"curies":[{"name":"wp","href":"https:\/\/api.w.org\/{rel}","templated":true}]}}