{"id":34715,"date":"2016-04-17T13:02:07","date_gmt":"2016-04-17T11:02:07","guid":{"rendered":"http:\/\/www.levriers-du-sud.org\/site\/?p=34715"},"modified":"2022-06-22T19:19:45","modified_gmt":"2022-06-22T17:19:45","slug":"voyages","status":"publish","type":"post","link":"https:\/\/www.levriers-du-sud.org\/site\/17\/04\/2016\/voyages\/","title":{"rendered":"Voyages"},"content":{"rendered":"<p>Franck, Amelie et Jean Paul viennent de rentrer d&rsquo;espagne. Ils ont descendu une grande partie des croquettes r\u00e9colt\u00e9es lors des animations et aussi gr\u00e2ce \u00e0 l&rsquo;association Les Amis d&rsquo;Ilou. Et aussi des couvertures, des compresses, anti parasitaires etc..<\/p>\n<div><br \/>\n<b><a href=\"http:\/\/www.kizoa.fr\/Video-Maker\/d40473039k5129021o1\/\">Film Montage : Voyage 2016<\/a><\/b> &#8211; <i><a href=\"http:\/\/www.kizoa.com\">Diaporama<\/a><\/i><\/div>\n<p><!--more--><\/p>\n<p>Ils ont remont\u00e9 OPALE et CESAR, qui sont dans leurs familles.<\/p>\n<p><img loading=\"lazy\" decoding=\"async\" class=\"aligncenter size-medium wp-image-34716\" src=\"http:\/\/www.levriers-du-sud.org\/site\/wp-content\/uploads\/2016\/04\/IMG-20160411-WA0000-300x225.jpg\" alt=\"IMG-20160411-WA0000\" width=\"300\" height=\"225\" srcset=\"https:\/\/www.levriers-du-sud.org\/site\/wp-content\/uploads\/2016\/04\/IMG-20160411-WA0000-300x225.jpg 300w, https:\/\/www.levriers-du-sud.org\/site\/wp-content\/uploads\/2016\/04\/IMG-20160411-WA0000-768x576.jpg 768w, https:\/\/www.levriers-du-sud.org\/site\/wp-content\/uploads\/2016\/04\/IMG-20160411-WA0000-1024x768.jpg 1024w, https:\/\/www.levriers-du-sud.org\/site\/wp-content\/uploads\/2016\/04\/IMG-20160411-WA0000.jpg 1600w\" sizes=\"auto, (max-width: 300px) 100vw, 300px\" \/><\/p>\n<p>Nous avons un 2e voyage pr\u00e9vu du 22 au 26 avril, au d\u00e9part du Sud Est .\u00a0 Nous allons descendre du mat\u00e9riel au refuge de Amalos et aussi retourner \u00e0 Madrid pour voir les chiens<br \/>\nBientot des photos !<\/p>\n","protected":false},"excerpt":{"rendered":"<p>Franck, Amelie et Jean Paul viennent de rentrer d&rsquo;espagne. Ils ont descendu une grande partie des croquettes r\u00e9colt\u00e9es lors des animations et aussi gr\u00e2ce \u00e0 l&rsquo;association Les Amis d&rsquo;Ilou. Et aussi des couvertures, des compresses, anti parasitaires etc.. Film Montage : Voyage 2016 &#8211; Diaporama<\/p>\n","protected":false},"author":1,"featured_media":0,"comment_status":"open","ping_status":"open","sticky":false,"template":"","format":"standard","meta":{"footnotes":""},"categories":[3],"tags":[],"class_list":["post-34715","post","type-post","status-publish","format-standard","hentry","category-infos-du-jour"],"aioseo_notices":[],"_links":{"self":[{"href":"https:\/\/www.levriers-du-sud.org\/site\/wp-json\/wp\/v2\/posts\/34715","targetHints":{"allow":["GET"]}}],"collection":[{"href":"https:\/\/www.levriers-du-sud.org\/site\/wp-json\/wp\/v2\/posts"}],"about":[{"href":"https:\/\/www.levriers-du-sud.org\/site\/wp-json\/wp\/v2\/types\/post"}],"author":[{"embeddable":true,"href":"https:\/\/www.levriers-du-sud.org\/site\/wp-json\/wp\/v2\/users\/1"}],"replies":[{"embeddable":true,"href":"https:\/\/www.levriers-du-sud.org\/site\/wp-json\/wp\/v2\/comments?post=34715"}],"version-history":[{"count":9,"href":"https:\/\/www.levriers-du-sud.org\/site\/wp-json\/wp\/v2\/posts\/34715\/revisions"}],"predecessor-version":[{"id":34762,"href":"https:\/\/www.levriers-du-sud.org\/site\/wp-json\/wp\/v2\/posts\/34715\/revisions\/34762"}],"wp:attachment":[{"href":"https:\/\/www.levriers-du-sud.org\/site\/wp-json\/wp\/v2\/media?parent=34715"}],"wp:term":[{"taxonomy":"category","embeddable":true,"href":"https:\/\/www.levriers-du-sud.org\/site\/wp-json\/wp\/v2\/categories?post=34715"},{"taxonomy":"post_tag","embeddable":true,"href":"https:\/\/www.levriers-du-sud.org\/site\/wp-json\/wp\/v2\/tags?post=34715"}],"curies":[{"name":"wp","href":"https:\/\/api.w.org\/{rel}","templated":true}]}}