{"id":35764,"date":"2016-06-25T12:37:55","date_gmt":"2016-06-25T10:37:55","guid":{"rendered":"http:\/\/www.levriers-du-sud.org\/site\/?p=35764"},"modified":"2019-08-05T17:02:52","modified_gmt":"2019-08-05T15:02:52","slug":"urgences-accueils","status":"publish","type":"post","link":"https:\/\/www.levriers-du-sud.org\/site\/25\/06\/2016\/urgences-accueils\/","title":{"rendered":"URGENCES ACCUEILS"},"content":{"rendered":"<p>Nous prenons vraiment beaucoup de temps \u00e0 expliquer aux adoptants qu&rsquo;un levrier reste un l\u00e9vrier, que l&rsquo;instinct reste pr\u00e9sent m\u00eame si on a une compatibilit\u00e9 avec les chats. Les premi\u00e8res semaines sont toujours des p\u00e9riodes o\u00f9 l&rsquo;on doit redoubler de vigilance, le temps de bien conna\u00eetre les chiens, de pouvoir les comprendre et s&rsquo;adapter. Si nous donnons des conseils de prudence, de s\u00e9paration durant les absences, c&rsquo;est bien parce que le risque z\u00e9ro n&rsquo;existe pas, et qu&rsquo;un accident peut toujours arriver sans que l&rsquo;on sache pourquoi.<\/p>\n<p>C&rsquo;est ce qui vient de se passer avec AGATA (adopt\u00e9e le 11 juin) et VERA (adopt\u00e9e le 18 juin), qui avaient \u00e9t\u00e9 adopt\u00e9es par la m\u00eame personne.<br \/>\nHier soir, la personne s&rsquo;est absent\u00e9e et a oubli\u00e9 de s\u00e9parer l&rsquo;un des chats de la maison qui est rest\u00e9 dans la pi\u00e8ce avec les chiennes. Nous ne saurons jamais ce qui a pu se passer, alors qu&rsquo;elles sont toutes les deux OK CHATS, qu&rsquo;en la pr\u00e9sence de la dame, il n&rsquo;y avait aucun probl\u00e8me, l&rsquo;accident s&rsquo;est produit.. Nous sommes tr\u00e8s tristes.<\/p>\n<p>Alors voil\u00e0, pour une erreur, nous devons reprendre VERA et AGATA..<\/p>\n<p>Nous recherchons en TRES GRANDE URGENCE, des accueils pour ces deux chiennes, \u00e9videment nous savons\u00a0 bien qu&rsquo;elles devront \u00eatre s\u00e9par\u00e9es car il va d\u00e9j\u00e0 \u00eatre assez difficile de trouver des accueils en cette p\u00e9riode de l&rsquo;ann\u00e9e. Si nous n&rsquo;avions pas de solutions, il ne nous resterait plus que l&rsquo;option des les renvoyer en Espagne, ce qui serait un choix terriblement compliqu\u00e9.<\/p>\n<p>Elles sont actuellement dans la DROME (26), mais nous les d\u00e9placerons bien \u00e9videment l\u00e0 o\u00f9 nous trouverons des solutions. Si vous pouvez nous aider, partager, merci contacter Maryline 06 79 58 60 11 ou Christine 06 13 20 58 66.<\/p>\n<p><strong>Je rappelle qu&rsquo;elles SONT OK CHATS<\/strong>. Mais qu&rsquo;il faut appliquer des r\u00e9gles de s\u00e9curit\u00e9 et de bon sens durant les absences.<\/p>\n<p>Vera a 8 ans&#8230; elle pensait avoir enfin trouv\u00e9 sa chance, Agata a 6 ans.. toutes les deux ont eu des vies difficiles et ce petit coin d\u00a0\u00bbespoir qui se referme pour elle nous est vraiment tr\u00e8s dur \u00e0 accepter.<\/p>\n<p><strong>En principe nous avons trouv\u00e9 des accueils, provisoires mais qui vont nous permettre de r\u00e9cup\u00e9rer Vera et Agata le week end\u00a0 du 2\/7<\/strong><\/p>\n<p><img loading=\"lazy\" decoding=\"async\" class=\"alignnone size-full wp-image-35765\" src=\"http:\/\/www.levriers-du-sud.org\/site\/wp-content\/uploads\/2016\/06\/agata-et-vera.jpg\" alt=\"agata et vera\" width=\"274\" height=\"206\" \/><\/p>\n<p><img loading=\"lazy\" decoding=\"async\" class=\"alignnone wp-image-34629\" src=\"http:\/\/www.levriers-du-sud.org\/site\/wp-content\/uploads\/2016\/04\/agata7-300x225.jpg\" alt=\"agata7\" width=\"266\" height=\"199\" srcset=\"https:\/\/www.levriers-du-sud.org\/site\/wp-content\/uploads\/2016\/04\/agata7-300x225.jpg 300w, https:\/\/www.levriers-du-sud.org\/site\/wp-content\/uploads\/2016\/04\/agata7-768x576.jpg 768w, https:\/\/www.levriers-du-sud.org\/site\/wp-content\/uploads\/2016\/04\/agata7.jpg 900w\" sizes=\"auto, (max-width: 266px) 100vw, 266px\" \/><img loading=\"lazy\" decoding=\"async\" class=\"alignnone wp-image-34079\" src=\"http:\/\/www.levriers-du-sud.org\/site\/wp-content\/uploads\/2016\/02\/vera4-227x300.jpg\" alt=\"vera4\" width=\"151\" height=\"200\" srcset=\"https:\/\/www.levriers-du-sud.org\/site\/wp-content\/uploads\/2016\/02\/vera4-227x300.jpg 227w, https:\/\/www.levriers-du-sud.org\/site\/wp-content\/uploads\/2016\/02\/vera4-768x1017.jpg 768w, https:\/\/www.levriers-du-sud.org\/site\/wp-content\/uploads\/2016\/02\/vera4-774x1024.jpg 774w, https:\/\/www.levriers-du-sud.org\/site\/wp-content\/uploads\/2016\/02\/vera4.jpg 1511w\" sizes=\"auto, (max-width: 151px) 100vw, 151px\" \/><\/p>\n","protected":false},"excerpt":{"rendered":"<p>Nous prenons vraiment beaucoup de temps \u00e0 expliquer aux adoptants qu&rsquo;un levrier reste un l\u00e9vrier, que l&rsquo;instinct reste pr\u00e9sent m\u00eame si on a une compatibilit\u00e9 avec les chats. Les premi\u00e8res semaines sont toujours des p\u00e9riodes o\u00f9 l&rsquo;on doit redoubler de vigilance, le temps de bien conna\u00eetre les chiens, de pouvoir les comprendre et s&rsquo;adapter. Si [&hellip;]<\/p>\n","protected":false},"author":1,"featured_media":0,"comment_status":"open","ping_status":"open","sticky":false,"template":"","format":"standard","meta":{"footnotes":""},"categories":[9],"tags":[],"class_list":["post-35764","post","type-post","status-publish","format-standard","hentry","category-album"],"aioseo_notices":[],"_links":{"self":[{"href":"https:\/\/www.levriers-du-sud.org\/site\/wp-json\/wp\/v2\/posts\/35764","targetHints":{"allow":["GET"]}}],"collection":[{"href":"https:\/\/www.levriers-du-sud.org\/site\/wp-json\/wp\/v2\/posts"}],"about":[{"href":"https:\/\/www.levriers-du-sud.org\/site\/wp-json\/wp\/v2\/types\/post"}],"author":[{"embeddable":true,"href":"https:\/\/www.levriers-du-sud.org\/site\/wp-json\/wp\/v2\/users\/1"}],"replies":[{"embeddable":true,"href":"https:\/\/www.levriers-du-sud.org\/site\/wp-json\/wp\/v2\/comments?post=35764"}],"version-history":[{"count":2,"href":"https:\/\/www.levriers-du-sud.org\/site\/wp-json\/wp\/v2\/posts\/35764\/revisions"}],"predecessor-version":[{"id":35770,"href":"https:\/\/www.levriers-du-sud.org\/site\/wp-json\/wp\/v2\/posts\/35764\/revisions\/35770"}],"wp:attachment":[{"href":"https:\/\/www.levriers-du-sud.org\/site\/wp-json\/wp\/v2\/media?parent=35764"}],"wp:term":[{"taxonomy":"category","embeddable":true,"href":"https:\/\/www.levriers-du-sud.org\/site\/wp-json\/wp\/v2\/categories?post=35764"},{"taxonomy":"post_tag","embeddable":true,"href":"https:\/\/www.levriers-du-sud.org\/site\/wp-json\/wp\/v2\/tags?post=35764"}],"curies":[{"name":"wp","href":"https:\/\/api.w.org\/{rel}","templated":true}]}}