{"id":36669,"date":"2016-10-21T09:14:56","date_gmt":"2016-10-21T07:14:56","guid":{"rendered":"http:\/\/www.levriers-du-sud.org\/site\/?p=36669"},"modified":"2016-10-21T09:14:56","modified_gmt":"2016-10-21T07:14:56","slug":"agenda-2017","status":"publish","type":"post","link":"https:\/\/www.levriers-du-sud.org\/site\/21\/10\/2016\/agenda-2017\/","title":{"rendered":"Agenda 2017"},"content":{"rendered":"<p>Voil\u00e0, l&rsquo;agenda est pr\u00eat !!<\/p>\n<p>Cette ann\u00e9e il a \u00e9t\u00e9 fait en format de poche (suite \u00e0 des demandes), plus petit et plus simple \u00e0 ranger dans un sac : dimension 11 x 15cm<\/p>\n<p>Comme l&rsquo;an pass\u00e9, reli\u00e9 spirale, couverture rigide plastique et marque page.\u00a0 Une semaine sur deux pages, avec une photo par semaine ! 54 photos en tout de galgos , podencos et de nos autres adopt\u00e9s.<\/p>\n<p>Prix <strong>16 eur + 1.40 eur de port.<br \/>\n<\/strong><\/p>\n<p>contact commande :<a href=\"mailto%20: christrouyet@orange.fr\"> christrouyet@orange.fr<\/a><\/p>\n<p>**Possibilit\u00e9 de commander le format m\u00e9dium\u00a0 13 x 20cm au prix de 18 eur + 2 eur de port.<\/p>\n<p><img loading=\"lazy\" decoding=\"async\" class=\"alignnone  wp-image-36670\" src=\"http:\/\/www.levriers-du-sud.org\/site\/wp-content\/uploads\/2016\/10\/20161020_115445-300x225.jpg\" alt=\"20161020_115445\" width=\"280\" height=\"210\" srcset=\"https:\/\/www.levriers-du-sud.org\/site\/wp-content\/uploads\/2016\/10\/20161020_115445-300x225.jpg 300w, https:\/\/www.levriers-du-sud.org\/site\/wp-content\/uploads\/2016\/10\/20161020_115445-768x576.jpg 768w, https:\/\/www.levriers-du-sud.org\/site\/wp-content\/uploads\/2016\/10\/20161020_115445-1024x768.jpg 1024w\" sizes=\"auto, (max-width: 280px) 100vw, 280px\" \/> <img loading=\"lazy\" decoding=\"async\" class=\"alignnone  wp-image-36679\" src=\"http:\/\/www.levriers-du-sud.org\/site\/wp-content\/uploads\/2016\/10\/20161020_192309-300x225.jpg\" alt=\"20161020_192309\" width=\"280\" height=\"210\" srcset=\"https:\/\/www.levriers-du-sud.org\/site\/wp-content\/uploads\/2016\/10\/20161020_192309-300x225.jpg 300w, https:\/\/www.levriers-du-sud.org\/site\/wp-content\/uploads\/2016\/10\/20161020_192309-768x576.jpg 768w, https:\/\/www.levriers-du-sud.org\/site\/wp-content\/uploads\/2016\/10\/20161020_192309-1024x768.jpg 1024w\" sizes=\"auto, (max-width: 280px) 100vw, 280px\" \/><!--more--><\/p>\n<p><img loading=\"lazy\" decoding=\"async\" class=\"alignnone  wp-image-36671\" src=\"http:\/\/www.levriers-du-sud.org\/site\/wp-content\/uploads\/2016\/10\/20161020_115453-300x225.jpg\" alt=\"20161020_115453\" width=\"280\" height=\"210\" srcset=\"https:\/\/www.levriers-du-sud.org\/site\/wp-content\/uploads\/2016\/10\/20161020_115453-300x225.jpg 300w, https:\/\/www.levriers-du-sud.org\/site\/wp-content\/uploads\/2016\/10\/20161020_115453-768x576.jpg 768w, https:\/\/www.levriers-du-sud.org\/site\/wp-content\/uploads\/2016\/10\/20161020_115453-1024x768.jpg 1024w\" sizes=\"auto, (max-width: 280px) 100vw, 280px\" \/> <img loading=\"lazy\" decoding=\"async\" class=\"alignnone  wp-image-36676\" src=\"http:\/\/www.levriers-du-sud.org\/site\/wp-content\/uploads\/2016\/10\/20161020_115557-300x225.jpg\" alt=\"20161020_115557\" width=\"280\" height=\"210\" srcset=\"https:\/\/www.levriers-du-sud.org\/site\/wp-content\/uploads\/2016\/10\/20161020_115557-300x225.jpg 300w, https:\/\/www.levriers-du-sud.org\/site\/wp-content\/uploads\/2016\/10\/20161020_115557-768x576.jpg 768w, https:\/\/www.levriers-du-sud.org\/site\/wp-content\/uploads\/2016\/10\/20161020_115557-1024x768.jpg 1024w\" sizes=\"auto, (max-width: 280px) 100vw, 280px\" \/><\/p>\n<p><img loading=\"lazy\" decoding=\"async\" class=\"alignnone  wp-image-36674\" src=\"http:\/\/www.levriers-du-sud.org\/site\/wp-content\/uploads\/2016\/10\/20161020_115527-300x225.jpg\" alt=\"20161020_115527\" width=\"280\" height=\"210\" srcset=\"https:\/\/www.levriers-du-sud.org\/site\/wp-content\/uploads\/2016\/10\/20161020_115527-300x225.jpg 300w, https:\/\/www.levriers-du-sud.org\/site\/wp-content\/uploads\/2016\/10\/20161020_115527-768x576.jpg 768w, https:\/\/www.levriers-du-sud.org\/site\/wp-content\/uploads\/2016\/10\/20161020_115527-1024x768.jpg 1024w\" sizes=\"auto, (max-width: 280px) 100vw, 280px\" \/> <img loading=\"lazy\" decoding=\"async\" class=\"alignnone  wp-image-36672\" src=\"http:\/\/www.levriers-du-sud.org\/site\/wp-content\/uploads\/2016\/10\/20161020_115510-300x225.jpg\" alt=\"20161020_115510\" width=\"280\" height=\"210\" srcset=\"https:\/\/www.levriers-du-sud.org\/site\/wp-content\/uploads\/2016\/10\/20161020_115510-300x225.jpg 300w, https:\/\/www.levriers-du-sud.org\/site\/wp-content\/uploads\/2016\/10\/20161020_115510-768x576.jpg 768w, https:\/\/www.levriers-du-sud.org\/site\/wp-content\/uploads\/2016\/10\/20161020_115510-1024x768.jpg 1024w\" sizes=\"auto, (max-width: 280px) 100vw, 280px\" \/><\/p>\n<p><img loading=\"lazy\" decoding=\"async\" class=\"alignnone  wp-image-36678\" src=\"http:\/\/www.levriers-du-sud.org\/site\/wp-content\/uploads\/2016\/10\/20161020_115626-300x225.jpg\" alt=\"20161020_115626\" width=\"280\" height=\"210\" srcset=\"https:\/\/www.levriers-du-sud.org\/site\/wp-content\/uploads\/2016\/10\/20161020_115626-300x225.jpg 300w, https:\/\/www.levriers-du-sud.org\/site\/wp-content\/uploads\/2016\/10\/20161020_115626-768x576.jpg 768w, https:\/\/www.levriers-du-sud.org\/site\/wp-content\/uploads\/2016\/10\/20161020_115626-1024x768.jpg 1024w\" sizes=\"auto, (max-width: 280px) 100vw, 280px\" \/> <img loading=\"lazy\" decoding=\"async\" class=\"alignnone  wp-image-36677\" src=\"http:\/\/www.levriers-du-sud.org\/site\/wp-content\/uploads\/2016\/10\/20161020_115608-300x225.jpg\" alt=\"20161020_115608\" width=\"280\" height=\"210\" srcset=\"https:\/\/www.levriers-du-sud.org\/site\/wp-content\/uploads\/2016\/10\/20161020_115608-300x225.jpg 300w, https:\/\/www.levriers-du-sud.org\/site\/wp-content\/uploads\/2016\/10\/20161020_115608-768x576.jpg 768w, https:\/\/www.levriers-du-sud.org\/site\/wp-content\/uploads\/2016\/10\/20161020_115608-1024x768.jpg 1024w\" sizes=\"auto, (max-width: 280px) 100vw, 280px\" \/><\/p>\n<p>&nbsp;<\/p>\n","protected":false},"excerpt":{"rendered":"<p>Voil\u00e0, l&rsquo;agenda est pr\u00eat !! Cette ann\u00e9e il a \u00e9t\u00e9 fait en format de poche (suite \u00e0 des demandes), plus petit et plus simple \u00e0 ranger dans un sac : dimension 11 x 15cm Comme l&rsquo;an pass\u00e9, reli\u00e9 spirale, couverture rigide plastique et marque page.\u00a0 Une semaine sur deux pages, avec une photo par semaine [&hellip;]<\/p>\n","protected":false},"author":1,"featured_media":0,"comment_status":"open","ping_status":"open","sticky":false,"template":"","format":"standard","meta":{"footnotes":""},"categories":[9,26,3],"tags":[],"class_list":["post-36669","post","type-post","status-publish","format-standard","hentry","category-album","category-boutique","category-infos-du-jour"],"aioseo_notices":[],"_links":{"self":[{"href":"https:\/\/www.levriers-du-sud.org\/site\/wp-json\/wp\/v2\/posts\/36669","targetHints":{"allow":["GET"]}}],"collection":[{"href":"https:\/\/www.levriers-du-sud.org\/site\/wp-json\/wp\/v2\/posts"}],"about":[{"href":"https:\/\/www.levriers-du-sud.org\/site\/wp-json\/wp\/v2\/types\/post"}],"author":[{"embeddable":true,"href":"https:\/\/www.levriers-du-sud.org\/site\/wp-json\/wp\/v2\/users\/1"}],"replies":[{"embeddable":true,"href":"https:\/\/www.levriers-du-sud.org\/site\/wp-json\/wp\/v2\/comments?post=36669"}],"version-history":[{"count":1,"href":"https:\/\/www.levriers-du-sud.org\/site\/wp-json\/wp\/v2\/posts\/36669\/revisions"}],"predecessor-version":[{"id":36680,"href":"https:\/\/www.levriers-du-sud.org\/site\/wp-json\/wp\/v2\/posts\/36669\/revisions\/36680"}],"wp:attachment":[{"href":"https:\/\/www.levriers-du-sud.org\/site\/wp-json\/wp\/v2\/media?parent=36669"}],"wp:term":[{"taxonomy":"category","embeddable":true,"href":"https:\/\/www.levriers-du-sud.org\/site\/wp-json\/wp\/v2\/categories?post=36669"},{"taxonomy":"post_tag","embeddable":true,"href":"https:\/\/www.levriers-du-sud.org\/site\/wp-json\/wp\/v2\/tags?post=36669"}],"curies":[{"name":"wp","href":"https:\/\/api.w.org\/{rel}","templated":true}]}}