{"id":37122,"date":"2024-09-15T22:51:54","date_gmt":"2024-09-15T21:51:54","guid":{"rendered":"http:\/\/www.levriers-du-sud.org\/site\/?p=37122"},"modified":"2024-09-15T21:53:08","modified_gmt":"2024-09-15T20:53:08","slug":"kora","status":"publish","type":"post","link":"https:\/\/www.levriers-du-sud.org\/site\/15\/09\/2024\/kora\/","title":{"rendered":"Kora.. URGENCE ADOPTION"},"content":{"rendered":"<p><strong>Type :<\/strong>\u00a0 podenco<br \/>\n<strong>Sexe :<\/strong>femelle<br \/>\n<strong>Age :<\/strong> 10\/2015<br \/>\n<strong>Sant\u00e9 :<\/strong> sterilisee, negative aux 3MM<br \/>\n<strong>Situation:<\/strong> Revenue \u00e0 la pension.(\u00e0 notre charge)<\/p>\n<p><strong>Commentaire:<\/strong><\/p>\n<p>Voil\u00e0 des ann\u00e9es que notre pauvre Kora attend un miracle , un foyer au chaud (15\/09\/2024)<\/p>\n<p><strong><br \/>\n<\/strong>Kora avait \u00e9t\u00e9 adopt\u00e9e dans les Asturies via nos amis de Acunr en octobre 2020, apr\u00e8s plus de 3 ans pass\u00e9s en pension&#8230;Mais voil\u00e0, elle vient de revenir \u00e0 la pension car elle a eu des crises d&rsquo;\u00e9pilepsie et la famille n&rsquo;a pas voulu la garder<br \/>\nDepuis son retour, elle a fait quelques crises, puis elle est all\u00e9e voir un neurologue, et elle a \u00e0 pr\u00e9sent un traitement et une nourriture sans gluten sous les conseils du v\u00e9t\u00e9rinaire. Et depuis quelques semaines elle n&rsquo;a pas refait de crise&#8230; C&rsquo;est une chienne adorable, qui adore les balades et qui s&rsquo;entend bien avec les autres chiens.<br \/>\n<strong>29\/06 : Les nouvelles de Kora ne sont pas tr\u00e8s bonnes<\/strong>&#8230;. Elle a recommenc\u00e9 les crises d&rsquo;\u00e9pilepsie et heureusement nos amis de Acunr ont pu lui trouver un accueil. debut juin, Kora a aval\u00e9 un morceau de torchon \ud83d\ude41 elle a du \u00eatre op\u00e9r\u00e9e en urgence. Et depuis le 20 juin, elle enchaine les crises et elle a \u00e9t\u00e9 hospitalis\u00e9e pour faire des analyses approfondies et un scanner, ainsi qu&rsquo;une visite chez un vet\u00e9rinaire neurologue..C\u2019est de l\u2019\u00e9pilepsie essentielle (donc pas d\u2019origine connue).<br \/>\nElle a un traitement tr\u00e8s lourd, ph\u00e9noleptil et keppra, et bromure..et nous esp\u00e9rons qu&rsquo;elle va pouvoir \u00eatre stabilis\u00e9e<\/p>\n<p>&nbsp;<\/p>\n<p><strong>Notre Kora , depuis si longtemps avec nous, qui a v\u00e9cu des choses tellemement compliqu\u00e9es&#8230; on sait qu&rsquo;on ne va pas trouver un adoptant pour elle, et meme un accueil est compliqu\u00e9. Pour le moment elle est bien chouchout\u00e9e \u00e0 Madrid par sa Fa, mais le cot\u00e9 financier reste lourd..<\/strong><\/p>\n<p><strong>Si vous pouvez nous aider , la p\u00e9riode est difficile pour tout le monde nous en sommes conscients.. merci pour elle<\/strong><\/p>\n<p><strong>parrain\u00e9e par Kathryn C 200.00 eur, Claire G 100.00 eur, Melanie F 50.00 eur, Virginie P 100.00 eur, christelle SC 50.00 eur, Alain C 30.00 eur, Francoise S 300.00eur, christelle S 50.00 eur, Nathalie D 100.00 eur, Remy K 100 eur<\/strong><\/p>\n<p><img loading=\"lazy\" decoding=\"async\" class=\"alignnone wp-image-52445 \" src=\"https:\/\/www.levriers-du-sud.org\/site\/wp-content\/uploads\/2022\/01\/WhatsApp-Image-2022-06-28-at-23.31.13-1024x496.jpeg\" alt=\"\" width=\"628\" height=\"304\" srcset=\"https:\/\/www.levriers-du-sud.org\/site\/wp-content\/uploads\/2022\/01\/WhatsApp-Image-2022-06-28-at-23.31.13-1024x496.jpeg 1024w, https:\/\/www.levriers-du-sud.org\/site\/wp-content\/uploads\/2022\/01\/WhatsApp-Image-2022-06-28-at-23.31.13-300x145.jpeg 300w, https:\/\/www.levriers-du-sud.org\/site\/wp-content\/uploads\/2022\/01\/WhatsApp-Image-2022-06-28-at-23.31.13-768x372.jpeg 768w, https:\/\/www.levriers-du-sud.org\/site\/wp-content\/uploads\/2022\/01\/WhatsApp-Image-2022-06-28-at-23.31.13-1536x743.jpeg 1536w, https:\/\/www.levriers-du-sud.org\/site\/wp-content\/uploads\/2022\/01\/WhatsApp-Image-2022-06-28-at-23.31.13.jpeg 2000w\" sizes=\"auto, (max-width: 628px) 100vw, 628px\" \/><!--more--><\/p>\n<p><img loading=\"lazy\" decoding=\"async\" class=\"alignnone size-medium wp-image-51173\" src=\"https:\/\/www.levriers-du-sud.org\/site\/wp-content\/uploads\/2020\/10\/kora5-225x300.jpg\" alt=\"\" width=\"225\" height=\"300\" srcset=\"https:\/\/www.levriers-du-sud.org\/site\/wp-content\/uploads\/2020\/10\/kora5-225x300.jpg 225w, https:\/\/www.levriers-du-sud.org\/site\/wp-content\/uploads\/2020\/10\/kora5-768x1024.jpg 768w, https:\/\/www.levriers-du-sud.org\/site\/wp-content\/uploads\/2020\/10\/kora5-1152x1536.jpg 1152w, https:\/\/www.levriers-du-sud.org\/site\/wp-content\/uploads\/2020\/10\/kora5.jpg 1291w\" sizes=\"auto, (max-width: 225px) 100vw, 225px\" \/> <img loading=\"lazy\" decoding=\"async\" class=\"alignnone size-medium wp-image-51174\" src=\"https:\/\/www.levriers-du-sud.org\/site\/wp-content\/uploads\/2020\/10\/kora4-225x300.jpg\" alt=\"\" width=\"225\" height=\"300\" srcset=\"https:\/\/www.levriers-du-sud.org\/site\/wp-content\/uploads\/2020\/10\/kora4-225x300.jpg 225w, https:\/\/www.levriers-du-sud.org\/site\/wp-content\/uploads\/2020\/10\/kora4-768x1024.jpg 768w, https:\/\/www.levriers-du-sud.org\/site\/wp-content\/uploads\/2020\/10\/kora4-1152x1536.jpg 1152w, https:\/\/www.levriers-du-sud.org\/site\/wp-content\/uploads\/2020\/10\/kora4.jpg 1536w\" sizes=\"auto, (max-width: 225px) 100vw, 225px\" \/><\/p>\n<p><img loading=\"lazy\" decoding=\"async\" class=\"alignnone wp-image-51177\" src=\"https:\/\/www.levriers-du-sud.org\/site\/wp-content\/uploads\/2020\/10\/kora-225x300.jpg\" alt=\"\" width=\"214\" height=\"285\" srcset=\"https:\/\/www.levriers-du-sud.org\/site\/wp-content\/uploads\/2020\/10\/kora-225x300.jpg 225w, https:\/\/www.levriers-du-sud.org\/site\/wp-content\/uploads\/2020\/10\/kora-768x1024.jpg 768w, https:\/\/www.levriers-du-sud.org\/site\/wp-content\/uploads\/2020\/10\/kora-1152x1536.jpg 1152w, https:\/\/www.levriers-du-sud.org\/site\/wp-content\/uploads\/2020\/10\/kora.jpg 1536w\" sizes=\"auto, (max-width: 214px) 100vw, 214px\" \/>\u00a0<img loading=\"lazy\" decoding=\"async\" class=\"alignnone wp-image-51176\" src=\"https:\/\/www.levriers-du-sud.org\/site\/wp-content\/uploads\/2020\/10\/kora2-290x300.jpg\" alt=\"\" width=\"276\" height=\"286\" srcset=\"https:\/\/www.levriers-du-sud.org\/site\/wp-content\/uploads\/2020\/10\/kora2-290x300.jpg 290w, https:\/\/www.levriers-du-sud.org\/site\/wp-content\/uploads\/2020\/10\/kora2-990x1024.jpg 990w, https:\/\/www.levriers-du-sud.org\/site\/wp-content\/uploads\/2020\/10\/kora2-768x794.jpg 768w, https:\/\/www.levriers-du-sud.org\/site\/wp-content\/uploads\/2020\/10\/kora2.jpg 1339w\" sizes=\"auto, (max-width: 276px) 100vw, 276px\" \/><\/p>\n<p><img loading=\"lazy\" decoding=\"async\" class=\"alignnone wp-image-51175\" src=\"https:\/\/www.levriers-du-sud.org\/site\/wp-content\/uploads\/2020\/10\/kora3-300x225.jpg\" alt=\"\" width=\"272\" height=\"204\" srcset=\"https:\/\/www.levriers-du-sud.org\/site\/wp-content\/uploads\/2020\/10\/kora3-300x225.jpg 300w, https:\/\/www.levriers-du-sud.org\/site\/wp-content\/uploads\/2020\/10\/kora3-1024x768.jpg 1024w, https:\/\/www.levriers-du-sud.org\/site\/wp-content\/uploads\/2020\/10\/kora3-768x576.jpg 768w, https:\/\/www.levriers-du-sud.org\/site\/wp-content\/uploads\/2020\/10\/kora3-1536x1152.jpg 1536w, https:\/\/www.levriers-du-sud.org\/site\/wp-content\/uploads\/2020\/10\/kora3.jpg 2048w\" sizes=\"auto, (max-width: 272px) 100vw, 272px\" \/> \u00a0<img loading=\"lazy\" decoding=\"async\" class=\"alignnone size-medium wp-image-51172\" src=\"https:\/\/www.levriers-du-sud.org\/site\/wp-content\/uploads\/2020\/10\/kora6-200x300.jpg\" alt=\"\" width=\"200\" height=\"300\" srcset=\"https:\/\/www.levriers-du-sud.org\/site\/wp-content\/uploads\/2020\/10\/kora6-200x300.jpg 200w, https:\/\/www.levriers-du-sud.org\/site\/wp-content\/uploads\/2020\/10\/kora6-682x1024.jpg 682w, https:\/\/www.levriers-du-sud.org\/site\/wp-content\/uploads\/2020\/10\/kora6-768x1152.jpg 768w, https:\/\/www.levriers-du-sud.org\/site\/wp-content\/uploads\/2020\/10\/kora6-1024x1536.jpg 1024w, https:\/\/www.levriers-du-sud.org\/site\/wp-content\/uploads\/2020\/10\/kora6.jpg 1151w\" sizes=\"auto, (max-width: 200px) 100vw, 200px\" \/><\/p>\n<p><strong><br \/>\n<\/strong>Kora a \u00e9t\u00e9 trouv\u00e9e par manuela \u00e0 Almeria. Nous l&rsquo;avons remont\u00e9e en urgence \u00e0 Madrid en pension. C&rsquo;est une chienne encore assez craintive, qui n&rsquo;accorde pas facilement sa confiance. Elle s&rsquo;entend bien avec les autres chiens.<br \/>\nKora est \u00e0 Madrid. C&rsquo;est une chienne \u00e9nergique et joueuse. elle n&rsquo;est plus craintive et vient chercher volontiers le contact. Elle a vraiment beaucoup d&rsquo;\u00e9nergie \u00e0 canaliser et aura besoin d&rsquo;un peu d&rsquo;\u00e9ducation<\/p>\n<p>Kora est avec nous depuis dec 2016&#8230; et personne pour elle . C&rsquo;est pourtant une chienne adorable, un petit diablotin qui aime jouer et courir. Et pourtant elle reste invisible depuis plus de 3 ans. Il est urgent qu&rsquo;elle puisse enfin trouver sa famille<\/p>\n<p><strong>Parrain\u00e9e mensuellement par Magali M 60.00 eur, don Olivia D 30 euros<\/strong><\/p>\n<p><img loading=\"lazy\" decoding=\"async\" class=\"alignnone size-medium wp-image-44404\" src=\"http:\/\/www.levriers-du-sud.org\/site\/wp-content\/uploads\/2019\/08\/IMG-20190322-WA0017-220x300.jpg\" alt=\"\" width=\"220\" height=\"300\" srcset=\"https:\/\/www.levriers-du-sud.org\/site\/wp-content\/uploads\/2019\/08\/IMG-20190322-WA0017-220x300.jpg 220w, https:\/\/www.levriers-du-sud.org\/site\/wp-content\/uploads\/2019\/08\/IMG-20190322-WA0017.jpg 461w\" sizes=\"auto, (max-width: 220px) 100vw, 220px\" \/> <img loading=\"lazy\" decoding=\"async\" class=\"alignnone size-medium wp-image-44405\" src=\"http:\/\/www.levriers-du-sud.org\/site\/wp-content\/uploads\/2019\/08\/IMG-20190322-WA0021-286x300.jpg\" alt=\"\" width=\"286\" height=\"300\" srcset=\"https:\/\/www.levriers-du-sud.org\/site\/wp-content\/uploads\/2019\/08\/IMG-20190322-WA0021-286x300.jpg 286w, https:\/\/www.levriers-du-sud.org\/site\/wp-content\/uploads\/2019\/08\/IMG-20190322-WA0021.jpg 634w\" sizes=\"auto, (max-width: 286px) 100vw, 286px\" \/><!--more--><\/p>\n<p><img loading=\"lazy\" decoding=\"async\" class=\"alignnone wp-image-44402\" src=\"http:\/\/www.levriers-du-sud.org\/site\/wp-content\/uploads\/2019\/08\/IMG-20190322-WA0005-300x272.jpg\" alt=\"\" width=\"266\" height=\"241\" srcset=\"https:\/\/www.levriers-du-sud.org\/site\/wp-content\/uploads\/2019\/08\/IMG-20190322-WA0005-300x272.jpg 300w, https:\/\/www.levriers-du-sud.org\/site\/wp-content\/uploads\/2019\/08\/IMG-20190322-WA0005-768x696.jpg 768w, https:\/\/www.levriers-du-sud.org\/site\/wp-content\/uploads\/2019\/08\/IMG-20190322-WA0005-1024x928.jpg 1024w, https:\/\/www.levriers-du-sud.org\/site\/wp-content\/uploads\/2019\/08\/IMG-20190322-WA0005.jpg 1104w\" sizes=\"auto, (max-width: 266px) 100vw, 266px\" \/> <img loading=\"lazy\" decoding=\"async\" class=\"alignnone wp-image-44403\" src=\"http:\/\/www.levriers-du-sud.org\/site\/wp-content\/uploads\/2019\/08\/IMG-20190322-WA0009-300x263.jpg\" alt=\"\" width=\"276\" height=\"242\" srcset=\"https:\/\/www.levriers-du-sud.org\/site\/wp-content\/uploads\/2019\/08\/IMG-20190322-WA0009-300x263.jpg 300w, https:\/\/www.levriers-du-sud.org\/site\/wp-content\/uploads\/2019\/08\/IMG-20190322-WA0009-768x672.jpg 768w, https:\/\/www.levriers-du-sud.org\/site\/wp-content\/uploads\/2019\/08\/IMG-20190322-WA0009.jpg 944w\" sizes=\"auto, (max-width: 276px) 100vw, 276px\" \/><\/p>\n<p><img loading=\"lazy\" decoding=\"async\" class=\"alignnone wp-image-44406\" src=\"http:\/\/www.levriers-du-sud.org\/site\/wp-content\/uploads\/2019\/08\/IMG-20190322-WA0023-288x300.jpg\" alt=\"\" width=\"259\" height=\"270\" srcset=\"https:\/\/www.levriers-du-sud.org\/site\/wp-content\/uploads\/2019\/08\/IMG-20190322-WA0023-288x300.jpg 288w, https:\/\/www.levriers-du-sud.org\/site\/wp-content\/uploads\/2019\/08\/IMG-20190322-WA0023.jpg 623w\" sizes=\"auto, (max-width: 259px) 100vw, 259px\" \/> <img loading=\"lazy\" decoding=\"async\" class=\"alignnone size-medium wp-image-44407\" src=\"http:\/\/www.levriers-du-sud.org\/site\/wp-content\/uploads\/2019\/08\/IMG-20190322-WA0024-300x246.jpg\" alt=\"\" width=\"300\" height=\"246\" srcset=\"https:\/\/www.levriers-du-sud.org\/site\/wp-content\/uploads\/2019\/08\/IMG-20190322-WA0024-300x246.jpg 300w, https:\/\/www.levriers-du-sud.org\/site\/wp-content\/uploads\/2019\/08\/IMG-20190322-WA0024-768x629.jpg 768w, https:\/\/www.levriers-du-sud.org\/site\/wp-content\/uploads\/2019\/08\/IMG-20190322-WA0024.jpg 783w\" sizes=\"auto, (max-width: 300px) 100vw, 300px\" \/><\/p>\n<p><img loading=\"lazy\" decoding=\"async\" class=\"alignnone wp-image-42395 size-medium\" src=\"http:\/\/www.levriers-du-sud.org\/site\/wp-content\/uploads\/2018\/11\/IMG_9079-e1541098177426-200x300.jpg\" alt=\"\" width=\"200\" height=\"300\" srcset=\"https:\/\/www.levriers-du-sud.org\/site\/wp-content\/uploads\/2018\/11\/IMG_9079-e1541098177426-200x300.jpg 200w, https:\/\/www.levriers-du-sud.org\/site\/wp-content\/uploads\/2018\/11\/IMG_9079-e1541098177426-768x1152.jpg 768w, https:\/\/www.levriers-du-sud.org\/site\/wp-content\/uploads\/2018\/11\/IMG_9079-e1541098177426-683x1024.jpg 683w\" sizes=\"auto, (max-width: 200px) 100vw, 200px\" \/> <img loading=\"lazy\" decoding=\"async\" class=\"alignnone wp-image-42394 size-medium\" src=\"http:\/\/www.levriers-du-sud.org\/site\/wp-content\/uploads\/2018\/11\/IMG_9078-e1541098191411-200x300.jpg\" alt=\"\" width=\"200\" height=\"300\" srcset=\"https:\/\/www.levriers-du-sud.org\/site\/wp-content\/uploads\/2018\/11\/IMG_9078-e1541098191411-200x300.jpg 200w, https:\/\/www.levriers-du-sud.org\/site\/wp-content\/uploads\/2018\/11\/IMG_9078-e1541098191411-768x1152.jpg 768w, https:\/\/www.levriers-du-sud.org\/site\/wp-content\/uploads\/2018\/11\/IMG_9078-e1541098191411-683x1024.jpg 683w\" sizes=\"auto, (max-width: 200px) 100vw, 200px\" \/><!--more--><\/p>\n<p><img loading=\"lazy\" decoding=\"async\" class=\"alignnone wp-image-42399\" src=\"http:\/\/www.levriers-du-sud.org\/site\/wp-content\/uploads\/2018\/11\/P1070065-300x225.jpg\" alt=\"\" width=\"258\" height=\"193\" srcset=\"https:\/\/www.levriers-du-sud.org\/site\/wp-content\/uploads\/2018\/11\/P1070065-300x225.jpg 300w, https:\/\/www.levriers-du-sud.org\/site\/wp-content\/uploads\/2018\/11\/P1070065-768x576.jpg 768w, https:\/\/www.levriers-du-sud.org\/site\/wp-content\/uploads\/2018\/11\/P1070065-1024x768.jpg 1024w\" sizes=\"auto, (max-width: 258px) 100vw, 258px\" \/> <img loading=\"lazy\" decoding=\"async\" class=\"alignnone wp-image-42392\" src=\"http:\/\/www.levriers-du-sud.org\/site\/wp-content\/uploads\/2018\/11\/IMG_8997-300x200.jpg\" alt=\"\" width=\"281\" height=\"187\" srcset=\"https:\/\/www.levriers-du-sud.org\/site\/wp-content\/uploads\/2018\/11\/IMG_8997-300x200.jpg 300w, https:\/\/www.levriers-du-sud.org\/site\/wp-content\/uploads\/2018\/11\/IMG_8997-768x512.jpg 768w, https:\/\/www.levriers-du-sud.org\/site\/wp-content\/uploads\/2018\/11\/IMG_8997-1024x683.jpg 1024w\" sizes=\"auto, (max-width: 281px) 100vw, 281px\" \/><\/p>\n<p><img loading=\"lazy\" decoding=\"async\" class=\"alignnone wp-image-42397\" src=\"http:\/\/www.levriers-du-sud.org\/site\/wp-content\/uploads\/2018\/11\/P1070046-300x225.jpg\" alt=\"\" width=\"280\" height=\"210\" srcset=\"https:\/\/www.levriers-du-sud.org\/site\/wp-content\/uploads\/2018\/11\/P1070046-300x225.jpg 300w, https:\/\/www.levriers-du-sud.org\/site\/wp-content\/uploads\/2018\/11\/P1070046-768x576.jpg 768w, https:\/\/www.levriers-du-sud.org\/site\/wp-content\/uploads\/2018\/11\/P1070046-1024x768.jpg 1024w\" sizes=\"auto, (max-width: 280px) 100vw, 280px\" \/> <img loading=\"lazy\" decoding=\"async\" class=\"alignnone wp-image-42396\" src=\"http:\/\/www.levriers-du-sud.org\/site\/wp-content\/uploads\/2018\/11\/P1070045-300x249.jpg\" alt=\"\" width=\"257\" height=\"213\" srcset=\"https:\/\/www.levriers-du-sud.org\/site\/wp-content\/uploads\/2018\/11\/P1070045-300x249.jpg 300w, https:\/\/www.levriers-du-sud.org\/site\/wp-content\/uploads\/2018\/11\/P1070045-768x638.jpg 768w, https:\/\/www.levriers-du-sud.org\/site\/wp-content\/uploads\/2018\/11\/P1070045-1024x851.jpg 1024w\" sizes=\"auto, (max-width: 257px) 100vw, 257px\" \/><\/p>\n<p><img loading=\"lazy\" decoding=\"async\" class=\"alignnone wp-image-42400\" src=\"http:\/\/www.levriers-du-sud.org\/site\/wp-content\/uploads\/2018\/11\/P1070130-294x300.jpg\" alt=\"\" width=\"269\" height=\"274\" srcset=\"https:\/\/www.levriers-du-sud.org\/site\/wp-content\/uploads\/2018\/11\/P1070130-294x300.jpg 294w, https:\/\/www.levriers-du-sud.org\/site\/wp-content\/uploads\/2018\/11\/P1070130-768x785.jpg 768w, https:\/\/www.levriers-du-sud.org\/site\/wp-content\/uploads\/2018\/11\/P1070130-1002x1024.jpg 1002w, https:\/\/www.levriers-du-sud.org\/site\/wp-content\/uploads\/2018\/11\/P1070130.jpg 1390w\" sizes=\"auto, (max-width: 269px) 100vw, 269px\" \/> <img loading=\"lazy\" decoding=\"async\" class=\"alignnone wp-image-42401\" src=\"http:\/\/www.levriers-du-sud.org\/site\/wp-content\/uploads\/2018\/11\/P1070132-294x300.jpg\" alt=\"\" width=\"268\" height=\"273\" srcset=\"https:\/\/www.levriers-du-sud.org\/site\/wp-content\/uploads\/2018\/11\/P1070132-294x300.jpg 294w, https:\/\/www.levriers-du-sud.org\/site\/wp-content\/uploads\/2018\/11\/P1070132-768x784.jpg 768w, https:\/\/www.levriers-du-sud.org\/site\/wp-content\/uploads\/2018\/11\/P1070132-1003x1024.jpg 1003w\" sizes=\"auto, (max-width: 268px) 100vw, 268px\" \/><\/p>\n<p><img loading=\"lazy\" decoding=\"async\" class=\"alignnone wp-image-42398\" src=\"http:\/\/www.levriers-du-sud.org\/site\/wp-content\/uploads\/2018\/11\/P1070052-300x223.jpg\" alt=\"\" width=\"277\" height=\"206\" srcset=\"https:\/\/www.levriers-du-sud.org\/site\/wp-content\/uploads\/2018\/11\/P1070052-300x223.jpg 300w, https:\/\/www.levriers-du-sud.org\/site\/wp-content\/uploads\/2018\/11\/P1070052-768x570.jpg 768w, https:\/\/www.levriers-du-sud.org\/site\/wp-content\/uploads\/2018\/11\/P1070052-1024x760.jpg 1024w\" sizes=\"auto, (max-width: 277px) 100vw, 277px\" \/> <img loading=\"lazy\" decoding=\"async\" class=\"alignnone wp-image-42383\" src=\"http:\/\/www.levriers-du-sud.org\/site\/wp-content\/uploads\/2018\/11\/P1070088-300x225.jpg\" alt=\"\" width=\"279\" height=\"209\" srcset=\"https:\/\/www.levriers-du-sud.org\/site\/wp-content\/uploads\/2018\/11\/P1070088-300x225.jpg 300w, https:\/\/www.levriers-du-sud.org\/site\/wp-content\/uploads\/2018\/11\/P1070088-768x576.jpg 768w, https:\/\/www.levriers-du-sud.org\/site\/wp-content\/uploads\/2018\/11\/P1070088-1024x768.jpg 1024w\" sizes=\"auto, (max-width: 279px) 100vw, 279px\" \/><\/p>\n<p><img loading=\"lazy\" decoding=\"async\" class=\"alignnone wp-image-39379\" src=\"http:\/\/www.levriers-du-sud.org\/site\/wp-content\/uploads\/2017\/05\/P1050624-300x295.jpg\" alt=\"\" width=\"284\" height=\"279\" srcset=\"https:\/\/www.levriers-du-sud.org\/site\/wp-content\/uploads\/2017\/05\/P1050624-300x295.jpg 300w, https:\/\/www.levriers-du-sud.org\/site\/wp-content\/uploads\/2017\/05\/P1050624-768x756.jpg 768w, https:\/\/www.levriers-du-sud.org\/site\/wp-content\/uploads\/2017\/05\/P1050624-1024x1008.jpg 1024w\" sizes=\"auto, (max-width: 284px) 100vw, 284px\" \/> <img loading=\"lazy\" decoding=\"async\" class=\"alignnone wp-image-39380\" src=\"http:\/\/www.levriers-du-sud.org\/site\/wp-content\/uploads\/2017\/05\/P1050652-244x300.jpg\" alt=\"\" width=\"228\" height=\"280\" srcset=\"https:\/\/www.levriers-du-sud.org\/site\/wp-content\/uploads\/2017\/05\/P1050652-244x300.jpg 244w, https:\/\/www.levriers-du-sud.org\/site\/wp-content\/uploads\/2017\/05\/P1050652-768x945.jpg 768w, https:\/\/www.levriers-du-sud.org\/site\/wp-content\/uploads\/2017\/05\/P1050652-832x1024.jpg 832w, https:\/\/www.levriers-du-sud.org\/site\/wp-content\/uploads\/2017\/05\/P1050652.jpg 1962w\" sizes=\"auto, (max-width: 228px) 100vw, 228px\" \/><!--more--><\/p>\n<p><img loading=\"lazy\" decoding=\"async\" class=\"alignnone size-medium wp-image-39381\" src=\"http:\/\/www.levriers-du-sud.org\/site\/wp-content\/uploads\/2017\/05\/P1050676-269x300.jpg\" alt=\"\" width=\"269\" height=\"300\" srcset=\"https:\/\/www.levriers-du-sud.org\/site\/wp-content\/uploads\/2017\/05\/P1050676-269x300.jpg 269w, https:\/\/www.levriers-du-sud.org\/site\/wp-content\/uploads\/2017\/05\/P1050676-768x856.jpg 768w, https:\/\/www.levriers-du-sud.org\/site\/wp-content\/uploads\/2017\/05\/P1050676-919x1024.jpg 919w\" sizes=\"auto, (max-width: 269px) 100vw, 269px\" \/> <img loading=\"lazy\" decoding=\"async\" class=\"alignnone size-medium wp-image-39383\" src=\"http:\/\/www.levriers-du-sud.org\/site\/wp-content\/uploads\/2017\/05\/P1050623-233x300.jpg\" alt=\"\" width=\"233\" height=\"300\" srcset=\"https:\/\/www.levriers-du-sud.org\/site\/wp-content\/uploads\/2017\/05\/P1050623-233x300.jpg 233w, https:\/\/www.levriers-du-sud.org\/site\/wp-content\/uploads\/2017\/05\/P1050623-768x988.jpg 768w, https:\/\/www.levriers-du-sud.org\/site\/wp-content\/uploads\/2017\/05\/P1050623-796x1024.jpg 796w, https:\/\/www.levriers-du-sud.org\/site\/wp-content\/uploads\/2017\/05\/P1050623.jpg 1805w\" sizes=\"auto, (max-width: 233px) 100vw, 233px\" \/><\/p>\n<p><img loading=\"lazy\" decoding=\"async\" class=\"alignnone wp-image-39382\" src=\"http:\/\/www.levriers-du-sud.org\/site\/wp-content\/uploads\/2017\/05\/P1050696-300x225.jpg\" alt=\"\" width=\"269\" height=\"202\" srcset=\"https:\/\/www.levriers-du-sud.org\/site\/wp-content\/uploads\/2017\/05\/P1050696-300x225.jpg 300w, https:\/\/www.levriers-du-sud.org\/site\/wp-content\/uploads\/2017\/05\/P1050696-768x576.jpg 768w, https:\/\/www.levriers-du-sud.org\/site\/wp-content\/uploads\/2017\/05\/P1050696-1024x768.jpg 1024w\" sizes=\"auto, (max-width: 269px) 100vw, 269px\" \/> <img loading=\"lazy\" decoding=\"async\" class=\"alignnone wp-image-39378\" src=\"http:\/\/www.levriers-du-sud.org\/site\/wp-content\/uploads\/2017\/05\/P1050622-300x237.jpg\" alt=\"\" width=\"254\" height=\"201\" srcset=\"https:\/\/www.levriers-du-sud.org\/site\/wp-content\/uploads\/2017\/05\/P1050622-300x237.jpg 300w, https:\/\/www.levriers-du-sud.org\/site\/wp-content\/uploads\/2017\/05\/P1050622-768x607.jpg 768w, https:\/\/www.levriers-du-sud.org\/site\/wp-content\/uploads\/2017\/05\/P1050622-1024x809.jpg 1024w\" sizes=\"auto, (max-width: 254px) 100vw, 254px\" \/><\/p>\n<p><img loading=\"lazy\" decoding=\"async\" class=\"alignnone wp-image-38098\" src=\"http:\/\/www.levriers-du-sud.org\/site\/wp-content\/uploads\/2016\/12\/kora-69-300x270.jpeg\" alt=\"\" width=\"276\" height=\"248\" srcset=\"https:\/\/www.levriers-du-sud.org\/site\/wp-content\/uploads\/2016\/12\/kora-69-300x270.jpeg 300w, https:\/\/www.levriers-du-sud.org\/site\/wp-content\/uploads\/2016\/12\/kora-69-768x692.jpeg 768w, https:\/\/www.levriers-du-sud.org\/site\/wp-content\/uploads\/2016\/12\/kora-69-1024x923.jpeg 1024w, https:\/\/www.levriers-du-sud.org\/site\/wp-content\/uploads\/2016\/12\/kora-69.jpeg 1151w\" sizes=\"auto, (max-width: 276px) 100vw, 276px\" \/> <img loading=\"lazy\" decoding=\"async\" class=\"alignnone wp-image-38099\" src=\"http:\/\/www.levriers-du-sud.org\/site\/wp-content\/uploads\/2016\/12\/kora-89-292x300.jpeg\" alt=\"\" width=\"243\" height=\"249\" srcset=\"https:\/\/www.levriers-du-sud.org\/site\/wp-content\/uploads\/2016\/12\/kora-89-292x300.jpeg 292w, https:\/\/www.levriers-du-sud.org\/site\/wp-content\/uploads\/2016\/12\/kora-89-768x790.jpeg 768w, https:\/\/www.levriers-du-sud.org\/site\/wp-content\/uploads\/2016\/12\/kora-89-995x1024.jpeg 995w, https:\/\/www.levriers-du-sud.org\/site\/wp-content\/uploads\/2016\/12\/kora-89.jpeg 1146w\" sizes=\"auto, (max-width: 243px) 100vw, 243px\" \/><!--more--><\/p>\n<p><img loading=\"lazy\" decoding=\"async\" class=\"alignnone wp-image-38100\" src=\"http:\/\/www.levriers-du-sud.org\/site\/wp-content\/uploads\/2016\/12\/kora-99-259x300.jpeg\" alt=\"\" width=\"235\" height=\"272\" srcset=\"https:\/\/www.levriers-du-sud.org\/site\/wp-content\/uploads\/2016\/12\/kora-99-259x300.jpeg 259w, https:\/\/www.levriers-du-sud.org\/site\/wp-content\/uploads\/2016\/12\/kora-99.jpeg 688w\" sizes=\"auto, (max-width: 235px) 100vw, 235px\" \/> <img loading=\"lazy\" decoding=\"async\" class=\"alignnone size-medium wp-image-38101\" src=\"http:\/\/www.levriers-du-sud.org\/site\/wp-content\/uploads\/2016\/12\/kora-f5-300x225.jpeg\" alt=\"\" width=\"300\" height=\"225\" srcset=\"https:\/\/www.levriers-du-sud.org\/site\/wp-content\/uploads\/2016\/12\/kora-f5-300x225.jpeg 300w, https:\/\/www.levriers-du-sud.org\/site\/wp-content\/uploads\/2016\/12\/kora-f5-768x576.jpeg 768w, https:\/\/www.levriers-du-sud.org\/site\/wp-content\/uploads\/2016\/12\/kora-f5-1024x768.jpeg 1024w, https:\/\/www.levriers-du-sud.org\/site\/wp-content\/uploads\/2016\/12\/kora-f5.jpeg 1600w\" sizes=\"auto, (max-width: 300px) 100vw, 300px\" \/><\/p>\n<p><img loading=\"lazy\" decoding=\"async\" class=\"alignnone size-medium wp-image-38105\" src=\"http:\/\/www.levriers-du-sud.org\/site\/wp-content\/uploads\/2016\/12\/kora1-300x225.jpeg\" alt=\"\" width=\"300\" height=\"225\" srcset=\"https:\/\/www.levriers-du-sud.org\/site\/wp-content\/uploads\/2016\/12\/kora1-300x225.jpeg 300w, https:\/\/www.levriers-du-sud.org\/site\/wp-content\/uploads\/2016\/12\/kora1-768x576.jpeg 768w, https:\/\/www.levriers-du-sud.org\/site\/wp-content\/uploads\/2016\/12\/kora1-1024x768.jpeg 1024w, https:\/\/www.levriers-du-sud.org\/site\/wp-content\/uploads\/2016\/12\/kora1.jpeg 1600w\" sizes=\"auto, (max-width: 300px) 100vw, 300px\" \/> <img loading=\"lazy\" decoding=\"async\" class=\"alignnone wp-image-38104\" src=\"http:\/\/www.levriers-du-sud.org\/site\/wp-content\/uploads\/2016\/12\/kora-284x300.jpeg\" alt=\"\" width=\"236\" height=\"249\" srcset=\"https:\/\/www.levriers-du-sud.org\/site\/wp-content\/uploads\/2016\/12\/kora-284x300.jpeg 284w, https:\/\/www.levriers-du-sud.org\/site\/wp-content\/uploads\/2016\/12\/kora.jpeg 561w\" sizes=\"auto, (max-width: 236px) 100vw, 236px\" \/><\/p>\n<p><img loading=\"lazy\" decoding=\"async\" class=\"alignnone wp-image-38103\" src=\"http:\/\/www.levriers-du-sud.org\/site\/wp-content\/uploads\/2016\/12\/kora-tt-300x247.jpeg\" alt=\"\" width=\"272\" height=\"224\" srcset=\"https:\/\/www.levriers-du-sud.org\/site\/wp-content\/uploads\/2016\/12\/kora-tt-300x247.jpeg 300w, https:\/\/www.levriers-du-sud.org\/site\/wp-content\/uploads\/2016\/12\/kora-tt-768x632.jpeg 768w, https:\/\/www.levriers-du-sud.org\/site\/wp-content\/uploads\/2016\/12\/kora-tt.jpeg 993w\" sizes=\"auto, (max-width: 272px) 100vw, 272px\" \/> <img loading=\"lazy\" decoding=\"async\" class=\"alignnone wp-image-38102\" src=\"http:\/\/www.levriers-du-sud.org\/site\/wp-content\/uploads\/2016\/12\/kora-f9-300x300.jpeg\" alt=\"\" width=\"228\" height=\"228\" srcset=\"https:\/\/www.levriers-du-sud.org\/site\/wp-content\/uploads\/2016\/12\/kora-f9-300x300.jpeg 300w, https:\/\/www.levriers-du-sud.org\/site\/wp-content\/uploads\/2016\/12\/kora-f9-150x150.jpeg 150w, https:\/\/www.levriers-du-sud.org\/site\/wp-content\/uploads\/2016\/12\/kora-f9.jpeg 754w\" sizes=\"auto, (max-width: 228px) 100vw, 228px\" \/><\/p>\n<p><img loading=\"lazy\" decoding=\"async\" class=\"alignnone size-medium wp-image-38097\" src=\"http:\/\/www.levriers-du-sud.org\/site\/wp-content\/uploads\/2016\/12\/kora-56-300x236.jpeg\" alt=\"\" width=\"300\" height=\"236\" srcset=\"https:\/\/www.levriers-du-sud.org\/site\/wp-content\/uploads\/2016\/12\/kora-56-300x236.jpeg 300w, https:\/\/www.levriers-du-sud.org\/site\/wp-content\/uploads\/2016\/12\/kora-56-768x603.jpeg 768w, https:\/\/www.levriers-du-sud.org\/site\/wp-content\/uploads\/2016\/12\/kora-56-1024x804.jpeg 1024w, https:\/\/www.levriers-du-sud.org\/site\/wp-content\/uploads\/2016\/12\/kora-56.jpeg 1512w\" sizes=\"auto, (max-width: 300px) 100vw, 300px\" \/>\u00a0<img loading=\"lazy\" decoding=\"async\" class=\"alignnone wp-image-38095\" src=\"http:\/\/www.levriers-du-sud.org\/site\/wp-content\/uploads\/2016\/12\/kora-5-300x293.jpeg\" alt=\"\" width=\"243\" height=\"237\" srcset=\"https:\/\/www.levriers-du-sud.org\/site\/wp-content\/uploads\/2016\/12\/kora-5-300x293.jpeg 300w, https:\/\/www.levriers-du-sud.org\/site\/wp-content\/uploads\/2016\/12\/kora-5.jpeg 631w\" sizes=\"auto, (max-width: 243px) 100vw, 243px\" \/><\/p>\n<p><img loading=\"lazy\" decoding=\"async\" class=\"alignnone size-medium wp-image-37123\" src=\"http:\/\/www.levriers-du-sud.org\/site\/wp-content\/uploads\/2016\/12\/15536998_10208780990626122_549827140_o-289x300.jpg\" alt=\"15536998_10208780990626122_549827140_o\" width=\"289\" height=\"300\" srcset=\"https:\/\/www.levriers-du-sud.org\/site\/wp-content\/uploads\/2016\/12\/15536998_10208780990626122_549827140_o-289x300.jpg 289w, https:\/\/www.levriers-du-sud.org\/site\/wp-content\/uploads\/2016\/12\/15536998_10208780990626122_549827140_o.jpg 733w\" sizes=\"auto, (max-width: 289px) 100vw, 289px\" \/> <img loading=\"lazy\" decoding=\"async\" class=\"alignnone size-medium wp-image-37124\" src=\"http:\/\/www.levriers-du-sud.org\/site\/wp-content\/uploads\/2016\/12\/15540464_10208780989626097_219210121_o-169x300.jpg\" alt=\"15540464_10208780989626097_219210121_o\" width=\"169\" height=\"300\" srcset=\"https:\/\/www.levriers-du-sud.org\/site\/wp-content\/uploads\/2016\/12\/15540464_10208780989626097_219210121_o-169x300.jpg 169w, https:\/\/www.levriers-du-sud.org\/site\/wp-content\/uploads\/2016\/12\/15540464_10208780989626097_219210121_o-576x1024.jpg 576w, https:\/\/www.levriers-du-sud.org\/site\/wp-content\/uploads\/2016\/12\/15540464_10208780989626097_219210121_o.jpg 747w\" sizes=\"auto, (max-width: 169px) 100vw, 169px\" \/><!--more--><\/p>\n<p><img loading=\"lazy\" decoding=\"async\" class=\"alignnone wp-image-37125\" src=\"http:\/\/www.levriers-du-sud.org\/site\/wp-content\/uploads\/2016\/12\/15555151_10208780991386141_2015070528_o-300x291.jpg\" alt=\"15555151_10208780991386141_2015070528_o\" width=\"277\" height=\"269\" srcset=\"https:\/\/www.levriers-du-sud.org\/site\/wp-content\/uploads\/2016\/12\/15555151_10208780991386141_2015070528_o-300x291.jpg 300w, https:\/\/www.levriers-du-sud.org\/site\/wp-content\/uploads\/2016\/12\/15555151_10208780991386141_2015070528_o.jpg 738w\" sizes=\"auto, (max-width: 277px) 100vw, 277px\" \/> <img loading=\"lazy\" decoding=\"async\" class=\"alignnone wp-image-37126\" src=\"http:\/\/www.levriers-du-sud.org\/site\/wp-content\/uploads\/2016\/12\/15555421_10208780990906129_1023223547_o-267x300.jpg\" alt=\"15555421_10208780990906129_1023223547_o\" width=\"238\" height=\"267\" srcset=\"https:\/\/www.levriers-du-sud.org\/site\/wp-content\/uploads\/2016\/12\/15555421_10208780990906129_1023223547_o-267x300.jpg 267w, https:\/\/www.levriers-du-sud.org\/site\/wp-content\/uploads\/2016\/12\/15555421_10208780990906129_1023223547_o.jpg 728w\" sizes=\"auto, (max-width: 238px) 100vw, 238px\" \/><\/p>\n","protected":false},"excerpt":{"rendered":"<p>Type :\u00a0 podenco Sexe :femelle Age : 10\/2015 Sant\u00e9 : sterilisee, negative aux 3MM Situation: Revenue \u00e0 la pension.(\u00e0 notre charge) Commentaire: Voil\u00e0 des ann\u00e9es que notre pauvre Kora attend un miracle , un foyer au chaud (15\/09\/2024) Kora avait \u00e9t\u00e9 adopt\u00e9e dans les Asturies via nos amis de Acunr en octobre 2020, apr\u00e8s plus [&hellip;]<\/p>\n","protected":false},"author":1,"featured_media":0,"comment_status":"open","ping_status":"open","sticky":false,"template":"","format":"standard","meta":{"footnotes":""},"categories":[13,24,16,6,4],"tags":[],"class_list":["post-37122","post","type-post","status-publish","format-standard","hentry","category-ok-chiens","category-parrainages","category-pas-ok-chats","category-podencos","category-urgences"],"aioseo_notices":[],"_links":{"self":[{"href":"https:\/\/www.levriers-du-sud.org\/site\/wp-json\/wp\/v2\/posts\/37122","targetHints":{"allow":["GET"]}}],"collection":[{"href":"https:\/\/www.levriers-du-sud.org\/site\/wp-json\/wp\/v2\/posts"}],"about":[{"href":"https:\/\/www.levriers-du-sud.org\/site\/wp-json\/wp\/v2\/types\/post"}],"author":[{"embeddable":true,"href":"https:\/\/www.levriers-du-sud.org\/site\/wp-json\/wp\/v2\/users\/1"}],"replies":[{"embeddable":true,"href":"https:\/\/www.levriers-du-sud.org\/site\/wp-json\/wp\/v2\/comments?post=37122"}],"version-history":[{"count":27,"href":"https:\/\/www.levriers-du-sud.org\/site\/wp-json\/wp\/v2\/posts\/37122\/revisions"}],"predecessor-version":[{"id":57419,"href":"https:\/\/www.levriers-du-sud.org\/site\/wp-json\/wp\/v2\/posts\/37122\/revisions\/57419"}],"wp:attachment":[{"href":"https:\/\/www.levriers-du-sud.org\/site\/wp-json\/wp\/v2\/media?parent=37122"}],"wp:term":[{"taxonomy":"category","embeddable":true,"href":"https:\/\/www.levriers-du-sud.org\/site\/wp-json\/wp\/v2\/categories?post=37122"},{"taxonomy":"post_tag","embeddable":true,"href":"https:\/\/www.levriers-du-sud.org\/site\/wp-json\/wp\/v2\/tags?post=37122"}],"curies":[{"name":"wp","href":"https:\/\/api.w.org\/{rel}","templated":true}]}}