{"id":37480,"date":"2017-07-01T14:10:02","date_gmt":"2017-07-01T12:10:02","guid":{"rendered":"http:\/\/www.levriers-du-sud.org\/site\/?p=37480"},"modified":"2017-07-15T17:39:03","modified_gmt":"2017-07-15T15:39:03","slug":"nashi","status":"publish","type":"post","link":"https:\/\/www.levriers-du-sud.org\/site\/01\/07\/2017\/nashi\/","title":{"rendered":"Nashi nous a quitt\u00e9 &#8230;"},"content":{"rendered":"<p><strong>Nous venons d&rsquo;apprendre que Nashi a eu un accident \u00e0 la pension. elle est morte ce matin \ud83d\ude41 Elle s&rsquo;est pendue avec un filin qui retenait les stores qui font de l&rsquo;ombre dans les enclos, suite \u00e0 de fortes rafales de vent qui les avaient arrach\u00e9. Notre coeur saigne pour cette bichette qui ne connaitra pas le bonheur<\/strong><\/p>\n<p><strong>RIP Nashi, nous regrettons tellement de ne pas avoir trouv\u00e9 une famille pour toi \u00e0 temps.<\/strong> La vie est d\u00e9cidement trop injuste quelquefois<\/p>\n<p><strong>Type :<\/strong>\u00a0 \u00a0galgo<br \/>\n<strong>Sexe :<\/strong>femelle<br \/>\n<strong>Age :<\/strong> 02\/2015<br \/>\n<strong>Sant\u00e9 :<\/strong>\u00a0negative aux 3MM, st\u00e9rilis\u00e9e<br \/>\n<strong>Situation:<\/strong> en pension \u00e0 notre charge<\/p>\n<p><strong>\u00a0Commentaire :<br \/>\n<\/strong>Nashi a \u00e9t\u00e9 trouv\u00e9e au bord de la route par consuelo. Nous l&rsquo;avons remont\u00e9 \u00e0 Madrid \u00e0 la pension. <span id=\"fbPhotoSnowliftCaption\" class=\"fbPhotosPhotoCaption\" tabindex=\"0\" data-ft=\"{&quot;tn&quot;:&quot;K&quot;}\"><span class=\"hasCaption\">Nashi est timide au d\u00e9but, \u00e7a lui co\u00fbte d&rsquo; avoir confiance car elle a v\u00e9cu dans la rue, et elle a du survivre comme elle pouvait. Son corps est marqu\u00e9 par de nombreuses cicatrices qui atteste h\u00e9las de son pass\u00e9 difficile. Mais elle est tr\u00e8s gentille et affectueuse, il faut juste lui donner du temps, et elle vient demander des caresses. Avec ses compagnons canins, elle se comporte bien, elle adore jouer avec eux.\u00a0 chats : en attente de test<\/span><\/span><strong><br \/>\n<\/strong><\/p>\n<p><strong>parrain\u00e9e par Pascale F 30.00 eur (pour les frais d&rsquo;incin\u00e9ration) , merci beacuoup<\/strong><\/p>\n<p><img loading=\"lazy\" decoding=\"async\" class=\"alignnone wp-image-37819\" src=\"http:\/\/www.levriers-du-sud.org\/site\/wp-content\/uploads\/2017\/03\/nahsi-m-300x201.jpg\" alt=\"\" width=\"280\" height=\"187\" srcset=\"https:\/\/www.levriers-du-sud.org\/site\/wp-content\/uploads\/2017\/03\/nahsi-m-300x201.jpg 300w, https:\/\/www.levriers-du-sud.org\/site\/wp-content\/uploads\/2017\/03\/nahsi-m.jpg 640w\" sizes=\"auto, (max-width: 280px) 100vw, 280px\" \/> <img loading=\"lazy\" decoding=\"async\" class=\"alignnone wp-image-37820\" src=\"http:\/\/www.levriers-du-sud.org\/site\/wp-content\/uploads\/2017\/03\/nahsi-u-300x201.jpg\" alt=\"\" width=\"280\" height=\"187\" srcset=\"https:\/\/www.levriers-du-sud.org\/site\/wp-content\/uploads\/2017\/03\/nahsi-u-300x201.jpg 300w, https:\/\/www.levriers-du-sud.org\/site\/wp-content\/uploads\/2017\/03\/nahsi-u.jpg 640w\" sizes=\"auto, (max-width: 280px) 100vw, 280px\" \/><!--more--><\/p>\n<p><img loading=\"lazy\" decoding=\"async\" class=\"alignnone wp-image-37821\" src=\"http:\/\/www.levriers-du-sud.org\/site\/wp-content\/uploads\/2017\/03\/nashi-j-300x201.jpg\" alt=\"\" width=\"281\" height=\"188\" srcset=\"https:\/\/www.levriers-du-sud.org\/site\/wp-content\/uploads\/2017\/03\/nashi-j-300x201.jpg 300w, https:\/\/www.levriers-du-sud.org\/site\/wp-content\/uploads\/2017\/03\/nashi-j.jpg 640w\" sizes=\"auto, (max-width: 281px) 100vw, 281px\" \/> <img loading=\"lazy\" decoding=\"async\" class=\"alignnone wp-image-37822\" src=\"http:\/\/www.levriers-du-sud.org\/site\/wp-content\/uploads\/2017\/03\/nashi-k-300x201.jpg\" alt=\"\" width=\"279\" height=\"187\" srcset=\"https:\/\/www.levriers-du-sud.org\/site\/wp-content\/uploads\/2017\/03\/nashi-k-300x201.jpg 300w, https:\/\/www.levriers-du-sud.org\/site\/wp-content\/uploads\/2017\/03\/nashi-k.jpg 640w\" sizes=\"auto, (max-width: 279px) 100vw, 279px\" \/><\/p>\n<p><img loading=\"lazy\" decoding=\"async\" class=\"alignnone wp-image-37823 size-medium\" src=\"http:\/\/www.levriers-du-sud.org\/site\/wp-content\/uploads\/2017\/03\/nashi-1-e1491725410448-201x300.jpg\" alt=\"\" width=\"201\" height=\"300\" srcset=\"https:\/\/www.levriers-du-sud.org\/site\/wp-content\/uploads\/2017\/03\/nashi-1-e1491725410448-201x300.jpg 201w, https:\/\/www.levriers-du-sud.org\/site\/wp-content\/uploads\/2017\/03\/nashi-1-e1491725410448.jpg 428w\" sizes=\"auto, (max-width: 201px) 100vw, 201px\" \/> <img loading=\"lazy\" decoding=\"async\" class=\"alignnone size-medium wp-image-37732\" src=\"http:\/\/www.levriers-du-sud.org\/site\/wp-content\/uploads\/2017\/03\/IMG-20170221-WA0008-300x225.jpg\" alt=\"\" width=\"300\" height=\"225\" srcset=\"https:\/\/www.levriers-du-sud.org\/site\/wp-content\/uploads\/2017\/03\/IMG-20170221-WA0008-300x225.jpg 300w, https:\/\/www.levriers-du-sud.org\/site\/wp-content\/uploads\/2017\/03\/IMG-20170221-WA0008.jpg 720w\" sizes=\"auto, (max-width: 300px) 100vw, 300px\" \/><\/p>\n<p><img loading=\"lazy\" decoding=\"async\" class=\"alignnone wp-image-37481\" src=\"http:\/\/www.levriers-du-sud.org\/site\/wp-content\/uploads\/2017\/03\/IMG-20170211-WA0007-239x300.jpg\" alt=\"\" width=\"271\" height=\"341\" srcset=\"https:\/\/www.levriers-du-sud.org\/site\/wp-content\/uploads\/2017\/03\/IMG-20170211-WA0007-239x300.jpg 239w, https:\/\/www.levriers-du-sud.org\/site\/wp-content\/uploads\/2017\/03\/IMG-20170211-WA0007-768x963.jpg 768w, https:\/\/www.levriers-du-sud.org\/site\/wp-content\/uploads\/2017\/03\/IMG-20170211-WA0007-817x1024.jpg 817w, https:\/\/www.levriers-du-sud.org\/site\/wp-content\/uploads\/2017\/03\/IMG-20170211-WA0007.jpg 1276w\" sizes=\"auto, (max-width: 271px) 100vw, 271px\" \/> <img loading=\"lazy\" decoding=\"async\" class=\"alignnone wp-image-37482\" src=\"http:\/\/www.levriers-du-sud.org\/site\/wp-content\/uploads\/2017\/03\/nashi-208x300.jpg\" alt=\"\" width=\"233\" height=\"336\" srcset=\"https:\/\/www.levriers-du-sud.org\/site\/wp-content\/uploads\/2017\/03\/nashi-208x300.jpg 208w, https:\/\/www.levriers-du-sud.org\/site\/wp-content\/uploads\/2017\/03\/nashi.jpg 665w\" sizes=\"auto, (max-width: 233px) 100vw, 233px\" \/><!--more--><\/p>\n<p><img loading=\"lazy\" decoding=\"async\" class=\"alignnone wp-image-37484\" src=\"http:\/\/www.levriers-du-sud.org\/site\/wp-content\/uploads\/2017\/03\/nashi3-243x300.jpg\" alt=\"\" width=\"229\" height=\"283\" srcset=\"https:\/\/www.levriers-du-sud.org\/site\/wp-content\/uploads\/2017\/03\/nashi3-243x300.jpg 243w, https:\/\/www.levriers-du-sud.org\/site\/wp-content\/uploads\/2017\/03\/nashi3-768x948.jpg 768w, https:\/\/www.levriers-du-sud.org\/site\/wp-content\/uploads\/2017\/03\/nashi3.jpg 778w\" sizes=\"auto, (max-width: 229px) 100vw, 229px\" \/> <img loading=\"lazy\" decoding=\"async\" class=\"alignnone wp-image-37485\" src=\"http:\/\/www.levriers-du-sud.org\/site\/wp-content\/uploads\/2017\/03\/nashi4-300x298.jpg\" alt=\"\" width=\"280\" height=\"278\" srcset=\"https:\/\/www.levriers-du-sud.org\/site\/wp-content\/uploads\/2017\/03\/nashi4-300x298.jpg 300w, https:\/\/www.levriers-du-sud.org\/site\/wp-content\/uploads\/2017\/03\/nashi4-150x150.jpg 150w, https:\/\/www.levriers-du-sud.org\/site\/wp-content\/uploads\/2017\/03\/nashi4-768x762.jpg 768w, https:\/\/www.levriers-du-sud.org\/site\/wp-content\/uploads\/2017\/03\/nashi4.jpg 960w\" sizes=\"auto, (max-width: 280px) 100vw, 280px\" \/><\/p>\n<p><img loading=\"lazy\" decoding=\"async\" class=\"alignnone size-medium wp-image-37487\" src=\"http:\/\/www.levriers-du-sud.org\/site\/wp-content\/uploads\/2017\/03\/nashi6-272x300.jpg\" alt=\"\" width=\"272\" height=\"300\" srcset=\"https:\/\/www.levriers-du-sud.org\/site\/wp-content\/uploads\/2017\/03\/nashi6-272x300.jpg 272w, https:\/\/www.levriers-du-sud.org\/site\/wp-content\/uploads\/2017\/03\/nashi6-768x848.jpg 768w, https:\/\/www.levriers-du-sud.org\/site\/wp-content\/uploads\/2017\/03\/nashi6.jpg 869w\" sizes=\"auto, (max-width: 272px) 100vw, 272px\" \/> <img loading=\"lazy\" decoding=\"async\" class=\"alignnone size-medium wp-image-37488\" src=\"http:\/\/www.levriers-du-sud.org\/site\/wp-content\/uploads\/2017\/03\/nashi7-199x300.jpg\" alt=\"\" width=\"199\" height=\"300\" srcset=\"https:\/\/www.levriers-du-sud.org\/site\/wp-content\/uploads\/2017\/03\/nashi7-199x300.jpg 199w, https:\/\/www.levriers-du-sud.org\/site\/wp-content\/uploads\/2017\/03\/nashi7.jpg 637w\" sizes=\"auto, (max-width: 199px) 100vw, 199px\" \/><\/p>\n<p><img loading=\"lazy\" decoding=\"async\" class=\"alignnone wp-image-37486\" src=\"http:\/\/www.levriers-du-sud.org\/site\/wp-content\/uploads\/2017\/03\/nashi5-300x218.jpg\" alt=\"\" width=\"279\" height=\"203\" srcset=\"https:\/\/www.levriers-du-sud.org\/site\/wp-content\/uploads\/2017\/03\/nashi5-300x218.jpg 300w, https:\/\/www.levriers-du-sud.org\/site\/wp-content\/uploads\/2017\/03\/nashi5-768x557.jpg 768w, https:\/\/www.levriers-du-sud.org\/site\/wp-content\/uploads\/2017\/03\/nashi5-1024x743.jpg 1024w, https:\/\/www.levriers-du-sud.org\/site\/wp-content\/uploads\/2017\/03\/nashi5.jpg 1108w\" sizes=\"auto, (max-width: 279px) 100vw, 279px\" \/> <img loading=\"lazy\" decoding=\"async\" class=\"alignnone wp-image-37483\" src=\"http:\/\/www.levriers-du-sud.org\/site\/wp-content\/uploads\/2017\/03\/nashi2-300x216.jpg\" alt=\"\" width=\"279\" height=\"201\" srcset=\"https:\/\/www.levriers-du-sud.org\/site\/wp-content\/uploads\/2017\/03\/nashi2-300x216.jpg 300w, https:\/\/www.levriers-du-sud.org\/site\/wp-content\/uploads\/2017\/03\/nashi2-768x552.jpg 768w, https:\/\/www.levriers-du-sud.org\/site\/wp-content\/uploads\/2017\/03\/nashi2-1024x737.jpg 1024w, https:\/\/www.levriers-du-sud.org\/site\/wp-content\/uploads\/2017\/03\/nashi2.jpg 1126w\" sizes=\"auto, (max-width: 279px) 100vw, 279px\" \/><\/p>\n","protected":false},"excerpt":{"rendered":"<p>Nous venons d&rsquo;apprendre que Nashi a eu un accident \u00e0 la pension. elle est morte ce matin \ud83d\ude41 Elle s&rsquo;est pendue avec un filin qui retenait les stores qui font de l&rsquo;ombre dans les enclos, suite \u00e0 de fortes rafales de vent qui les avaient arrach\u00e9. Notre coeur saigne pour cette bichette qui ne connaitra [&hellip;]<\/p>\n","protected":false},"author":1,"featured_media":0,"comment_status":"open","ping_status":"open","sticky":false,"template":"","format":"standard","meta":{"footnotes":""},"categories":[9],"tags":[],"class_list":["post-37480","post","type-post","status-publish","format-standard","hentry","category-album"],"aioseo_notices":[],"_links":{"self":[{"href":"https:\/\/www.levriers-du-sud.org\/site\/wp-json\/wp\/v2\/posts\/37480","targetHints":{"allow":["GET"]}}],"collection":[{"href":"https:\/\/www.levriers-du-sud.org\/site\/wp-json\/wp\/v2\/posts"}],"about":[{"href":"https:\/\/www.levriers-du-sud.org\/site\/wp-json\/wp\/v2\/types\/post"}],"author":[{"embeddable":true,"href":"https:\/\/www.levriers-du-sud.org\/site\/wp-json\/wp\/v2\/users\/1"}],"replies":[{"embeddable":true,"href":"https:\/\/www.levriers-du-sud.org\/site\/wp-json\/wp\/v2\/comments?post=37480"}],"version-history":[{"count":5,"href":"https:\/\/www.levriers-du-sud.org\/site\/wp-json\/wp\/v2\/posts\/37480\/revisions"}],"predecessor-version":[{"id":38488,"href":"https:\/\/www.levriers-du-sud.org\/site\/wp-json\/wp\/v2\/posts\/37480\/revisions\/38488"}],"wp:attachment":[{"href":"https:\/\/www.levriers-du-sud.org\/site\/wp-json\/wp\/v2\/media?parent=37480"}],"wp:term":[{"taxonomy":"category","embeddable":true,"href":"https:\/\/www.levriers-du-sud.org\/site\/wp-json\/wp\/v2\/categories?post=37480"},{"taxonomy":"post_tag","embeddable":true,"href":"https:\/\/www.levriers-du-sud.org\/site\/wp-json\/wp\/v2\/tags?post=37480"}],"curies":[{"name":"wp","href":"https:\/\/api.w.org\/{rel}","templated":true}]}}