{"id":38743,"date":"2017-08-20T09:56:46","date_gmt":"2017-08-20T07:56:46","guid":{"rendered":"http:\/\/www.levriers-du-sud.org\/site\/?p=38743"},"modified":"2019-08-05T17:02:25","modified_gmt":"2019-08-05T15:02:25","slug":"yumi-et-bahia-deux-bebes-en-urgence","status":"publish","type":"post","link":"https:\/\/www.levriers-du-sud.org\/site\/20\/08\/2017\/yumi-et-bahia-deux-bebes-en-urgence\/","title":{"rendered":"Yumi et Bahia, deux b\u00e9b\u00e9s en urgence"},"content":{"rendered":"<p>Nous avons re\u00e7u un appel de d\u00e9tresse de Mari Carmen, une personne que nous avons d\u00e9j\u00e0 aid\u00e9 pour Agata, Neo et Cali. Elle a trouv\u00e9 deux b\u00e9b\u00e9s podencas de 2 mois 1\/2. Elles sont apparemment recherch\u00e9es par une personne qui veut les prendre pour une rehala. Elle les a mis en s\u00e9curit\u00e9 et nous a contact\u00e9.\u00a0 Nous allons les remonter sur Madrid au plus vite, d\u00e8s que nous aurons trouv\u00e9 un accueil pour les prendre.<br \/>\nNous les avons appel\u00e9 Yumi et Bahia, ce sont deux petites puces qui auront peut \u00eatre enfin une chance de survie gr\u00e2ce \u00e0 Mari Carmen. Il est difficile de les diff\u00e9rencier, Yumi est celle avec la tache rose sur le nez \ud83d\ude42<\/p>\n<p>Yumi et Bahia sont arriv\u00e9es \u00e0 Madrid<\/p>\n<p>VOIR LEUR POST INDIVIDUEL<\/p>\n<p><strong>YUMI<\/strong><\/p>\n<p><img loading=\"lazy\" decoding=\"async\" class=\"alignnone size-medium wp-image-38751\" src=\"http:\/\/www.levriers-du-sud.org\/site\/wp-content\/uploads\/2017\/08\/IMG-20170819-WA0015-225x300.jpg\" alt=\"\" width=\"225\" height=\"300\" srcset=\"https:\/\/www.levriers-du-sud.org\/site\/wp-content\/uploads\/2017\/08\/IMG-20170819-WA0015-225x300.jpg 225w, https:\/\/www.levriers-du-sud.org\/site\/wp-content\/uploads\/2017\/08\/IMG-20170819-WA0015-768x1024.jpg 768w, https:\/\/www.levriers-du-sud.org\/site\/wp-content\/uploads\/2017\/08\/IMG-20170819-WA0015.jpg 1200w\" sizes=\"auto, (max-width: 225px) 100vw, 225px\" \/> <img loading=\"lazy\" decoding=\"async\" class=\"alignnone size-medium wp-image-38750\" src=\"http:\/\/www.levriers-du-sud.org\/site\/wp-content\/uploads\/2017\/08\/IMG-20170819-WA0013-225x300.jpg\" alt=\"\" width=\"225\" height=\"300\" srcset=\"https:\/\/www.levriers-du-sud.org\/site\/wp-content\/uploads\/2017\/08\/IMG-20170819-WA0013-225x300.jpg 225w, https:\/\/www.levriers-du-sud.org\/site\/wp-content\/uploads\/2017\/08\/IMG-20170819-WA0013-768x1024.jpg 768w, https:\/\/www.levriers-du-sud.org\/site\/wp-content\/uploads\/2017\/08\/IMG-20170819-WA0013.jpg 1200w\" sizes=\"auto, (max-width: 225px) 100vw, 225px\" \/><!--more--><\/p>\n<p><img loading=\"lazy\" decoding=\"async\" class=\"alignnone size-medium wp-image-38749\" src=\"http:\/\/www.levriers-du-sud.org\/site\/wp-content\/uploads\/2017\/08\/IMG-20170819-WA0012-300x225.jpg\" alt=\"\" width=\"300\" height=\"225\" srcset=\"https:\/\/www.levriers-du-sud.org\/site\/wp-content\/uploads\/2017\/08\/IMG-20170819-WA0012-300x225.jpg 300w, https:\/\/www.levriers-du-sud.org\/site\/wp-content\/uploads\/2017\/08\/IMG-20170819-WA0012-768x576.jpg 768w, https:\/\/www.levriers-du-sud.org\/site\/wp-content\/uploads\/2017\/08\/IMG-20170819-WA0012-1024x768.jpg 1024w, https:\/\/www.levriers-du-sud.org\/site\/wp-content\/uploads\/2017\/08\/IMG-20170819-WA0012.jpg 1600w\" sizes=\"auto, (max-width: 300px) 100vw, 300px\" \/><img loading=\"lazy\" decoding=\"async\" class=\"alignnone wp-image-38746\" src=\"http:\/\/www.levriers-du-sud.org\/site\/wp-content\/uploads\/2017\/08\/IMG-20170819-WA0008-225x300.jpg\" alt=\"\" width=\"188\" height=\"251\" srcset=\"https:\/\/www.levriers-du-sud.org\/site\/wp-content\/uploads\/2017\/08\/IMG-20170819-WA0008-225x300.jpg 225w, https:\/\/www.levriers-du-sud.org\/site\/wp-content\/uploads\/2017\/08\/IMG-20170819-WA0008-768x1024.jpg 768w, https:\/\/www.levriers-du-sud.org\/site\/wp-content\/uploads\/2017\/08\/IMG-20170819-WA0008.jpg 1200w\" sizes=\"auto, (max-width: 188px) 100vw, 188px\" \/><\/p>\n<p><strong>BAHIA<\/strong><\/p>\n<p><img loading=\"lazy\" decoding=\"async\" class=\"alignnone size-medium wp-image-38747\" src=\"http:\/\/www.levriers-du-sud.org\/site\/wp-content\/uploads\/2017\/08\/IMG-20170819-WA0009-225x300.jpg\" alt=\"\" width=\"225\" height=\"300\" srcset=\"https:\/\/www.levriers-du-sud.org\/site\/wp-content\/uploads\/2017\/08\/IMG-20170819-WA0009-225x300.jpg 225w, https:\/\/www.levriers-du-sud.org\/site\/wp-content\/uploads\/2017\/08\/IMG-20170819-WA0009-768x1024.jpg 768w, https:\/\/www.levriers-du-sud.org\/site\/wp-content\/uploads\/2017\/08\/IMG-20170819-WA0009.jpg 1200w\" sizes=\"auto, (max-width: 225px) 100vw, 225px\" \/> <img loading=\"lazy\" decoding=\"async\" class=\"alignnone size-medium wp-image-38744\" src=\"http:\/\/www.levriers-du-sud.org\/site\/wp-content\/uploads\/2017\/08\/IMG-20170819-WA0006-225x300.jpg\" alt=\"\" width=\"225\" height=\"300\" srcset=\"https:\/\/www.levriers-du-sud.org\/site\/wp-content\/uploads\/2017\/08\/IMG-20170819-WA0006-225x300.jpg 225w, https:\/\/www.levriers-du-sud.org\/site\/wp-content\/uploads\/2017\/08\/IMG-20170819-WA0006-768x1024.jpg 768w, https:\/\/www.levriers-du-sud.org\/site\/wp-content\/uploads\/2017\/08\/IMG-20170819-WA0006.jpg 1200w\" sizes=\"auto, (max-width: 225px) 100vw, 225px\" \/><\/p>\n<p><img loading=\"lazy\" decoding=\"async\" class=\"alignnone size-medium wp-image-38748\" src=\"http:\/\/www.levriers-du-sud.org\/site\/wp-content\/uploads\/2017\/08\/IMG-20170819-WA0010-300x225.jpg\" alt=\"\" width=\"300\" height=\"225\" srcset=\"https:\/\/www.levriers-du-sud.org\/site\/wp-content\/uploads\/2017\/08\/IMG-20170819-WA0010-300x225.jpg 300w, https:\/\/www.levriers-du-sud.org\/site\/wp-content\/uploads\/2017\/08\/IMG-20170819-WA0010-768x576.jpg 768w, https:\/\/www.levriers-du-sud.org\/site\/wp-content\/uploads\/2017\/08\/IMG-20170819-WA0010-1024x768.jpg 1024w, https:\/\/www.levriers-du-sud.org\/site\/wp-content\/uploads\/2017\/08\/IMG-20170819-WA0010.jpg 1600w\" sizes=\"auto, (max-width: 300px) 100vw, 300px\" \/> <img loading=\"lazy\" decoding=\"async\" class=\"alignnone wp-image-38745\" src=\"http:\/\/www.levriers-du-sud.org\/site\/wp-content\/uploads\/2017\/08\/IMG-20170819-WA0007-225x300.jpg\" alt=\"\" width=\"187\" height=\"249\" srcset=\"https:\/\/www.levriers-du-sud.org\/site\/wp-content\/uploads\/2017\/08\/IMG-20170819-WA0007-225x300.jpg 225w, https:\/\/www.levriers-du-sud.org\/site\/wp-content\/uploads\/2017\/08\/IMG-20170819-WA0007-768x1024.jpg 768w, https:\/\/www.levriers-du-sud.org\/site\/wp-content\/uploads\/2017\/08\/IMG-20170819-WA0007.jpg 1200w\" sizes=\"auto, (max-width: 187px) 100vw, 187px\" \/><\/p>\n<p>&nbsp;<\/p>\n","protected":false},"excerpt":{"rendered":"<p>Nous avons re\u00e7u un appel de d\u00e9tresse de Mari Carmen, une personne que nous avons d\u00e9j\u00e0 aid\u00e9 pour Agata, Neo et Cali. Elle a trouv\u00e9 deux b\u00e9b\u00e9s podencas de 2 mois 1\/2. Elles sont apparemment recherch\u00e9es par une personne qui veut les prendre pour une rehala. Elle les a mis en s\u00e9curit\u00e9 et nous a [&hellip;]<\/p>\n","protected":false},"author":1,"featured_media":0,"comment_status":"open","ping_status":"open","sticky":false,"template":"","format":"standard","meta":{"footnotes":""},"categories":[9],"tags":[],"class_list":["post-38743","post","type-post","status-publish","format-standard","hentry","category-album"],"aioseo_notices":[],"_links":{"self":[{"href":"https:\/\/www.levriers-du-sud.org\/site\/wp-json\/wp\/v2\/posts\/38743","targetHints":{"allow":["GET"]}}],"collection":[{"href":"https:\/\/www.levriers-du-sud.org\/site\/wp-json\/wp\/v2\/posts"}],"about":[{"href":"https:\/\/www.levriers-du-sud.org\/site\/wp-json\/wp\/v2\/types\/post"}],"author":[{"embeddable":true,"href":"https:\/\/www.levriers-du-sud.org\/site\/wp-json\/wp\/v2\/users\/1"}],"replies":[{"embeddable":true,"href":"https:\/\/www.levriers-du-sud.org\/site\/wp-json\/wp\/v2\/comments?post=38743"}],"version-history":[{"count":5,"href":"https:\/\/www.levriers-du-sud.org\/site\/wp-json\/wp\/v2\/posts\/38743\/revisions"}],"predecessor-version":[{"id":38911,"href":"https:\/\/www.levriers-du-sud.org\/site\/wp-json\/wp\/v2\/posts\/38743\/revisions\/38911"}],"wp:attachment":[{"href":"https:\/\/www.levriers-du-sud.org\/site\/wp-json\/wp\/v2\/media?parent=38743"}],"wp:term":[{"taxonomy":"category","embeddable":true,"href":"https:\/\/www.levriers-du-sud.org\/site\/wp-json\/wp\/v2\/categories?post=38743"},{"taxonomy":"post_tag","embeddable":true,"href":"https:\/\/www.levriers-du-sud.org\/site\/wp-json\/wp\/v2\/tags?post=38743"}],"curies":[{"name":"wp","href":"https:\/\/api.w.org\/{rel}","templated":true}]}}