{"id":39323,"date":"2017-11-23T18:07:28","date_gmt":"2017-11-23T17:07:28","guid":{"rendered":"http:\/\/www.levriers-du-sud.org\/site\/?p=39323"},"modified":"2018-01-24T22:15:11","modified_gmt":"2018-01-24T21:15:11","slug":"pepon","status":"publish","type":"post","link":"https:\/\/www.levriers-du-sud.org\/site\/23\/11\/2017\/pepon\/","title":{"rendered":"Pepon nous a quitt\u00e9"},"content":{"rendered":"<p>Ce 23 novembre est un jour bien triste pour moi&#8230; Cette nuit, Pepon a \u00e9t\u00e9 hospitalis\u00e9 car il avait de la fievre et des vomissements mais il semblait aller mieux ce soir.<\/p>\n<p>Je viens d&rsquo;avoir un message.. Pepon nous a quitt\u00e9 \ud83d\ude41<\/p>\n<p>Pourquoi la vie est elle aussi injuste avec ces petites \u00eatres.. je l&rsquo;ai tenu dans mes bras il y a quelques jours et aujourd&rsquo;hui il n&rsquo;est plus l\u00e0..<\/p>\n<p>Je suis d\u00e9sol\u00e9e Pepon, d\u00e9sol\u00e9e Consuelo&#8230; je n&rsquo;ai pas de mots ce soir, juste des larmes<\/p>\n<p><strong>*************<\/strong><\/p>\n<p><strong>Type :<\/strong>podenco<br \/>\n<strong>Sexe :<\/strong> Male<br \/>\n<strong>Age <\/strong>: 08\/2017<br \/>\n<strong>Sant\u00e9 :<\/strong>premieres vaccinations<br \/>\n<strong>Situation:<\/strong> en pension \u00e0 notre charge<\/p>\n<p><strong>\u00a0Commentaire :<br \/>\n<\/strong>Pepon est un b\u00e9b\u00e9 podenco trouv\u00e9 par consuelo. Lorsque nous sommes pass\u00e9s au refuge, nous avons craqu\u00e9 sur ce petit bouchon qui ne pouvait pas rester au froid. Nous l&rsquo;avons remont\u00e9 \u00e0 madrid en famille d&rsquo;accueil<strong>. <\/strong>Il sera de taille moyenne adulte.<strong><br \/>\n<\/strong><\/p>\n<p><img loading=\"lazy\" decoding=\"async\" class=\"alignnone wp-image-39333\" src=\"http:\/\/www.levriers-du-sud.org\/site\/wp-content\/uploads\/2017\/11\/P1050531-300x225.jpg\" alt=\"\" width=\"280\" height=\"210\" srcset=\"https:\/\/www.levriers-du-sud.org\/site\/wp-content\/uploads\/2017\/11\/P1050531-300x225.jpg 300w, https:\/\/www.levriers-du-sud.org\/site\/wp-content\/uploads\/2017\/11\/P1050531-768x576.jpg 768w, https:\/\/www.levriers-du-sud.org\/site\/wp-content\/uploads\/2017\/11\/P1050531-1024x768.jpg 1024w\" sizes=\"auto, (max-width: 280px) 100vw, 280px\" \/> <img loading=\"lazy\" decoding=\"async\" class=\"alignnone wp-image-39332\" src=\"http:\/\/www.levriers-du-sud.org\/site\/wp-content\/uploads\/2017\/11\/P1050530-300x225.jpg\" alt=\"\" width=\"280\" height=\"210\" srcset=\"https:\/\/www.levriers-du-sud.org\/site\/wp-content\/uploads\/2017\/11\/P1050530-300x225.jpg 300w, https:\/\/www.levriers-du-sud.org\/site\/wp-content\/uploads\/2017\/11\/P1050530-768x576.jpg 768w, https:\/\/www.levriers-du-sud.org\/site\/wp-content\/uploads\/2017\/11\/P1050530-1024x768.jpg 1024w\" sizes=\"auto, (max-width: 280px) 100vw, 280px\" \/><!--more--><\/p>\n<p><img loading=\"lazy\" decoding=\"async\" class=\"alignnone wp-image-39329\" src=\"http:\/\/www.levriers-du-sud.org\/site\/wp-content\/uploads\/2017\/11\/P1050519-300x287.jpg\" alt=\"\" width=\"280\" height=\"268\" srcset=\"https:\/\/www.levriers-du-sud.org\/site\/wp-content\/uploads\/2017\/11\/P1050519-300x287.jpg 300w, https:\/\/www.levriers-du-sud.org\/site\/wp-content\/uploads\/2017\/11\/P1050519-768x735.jpg 768w, https:\/\/www.levriers-du-sud.org\/site\/wp-content\/uploads\/2017\/11\/P1050519-1024x980.jpg 1024w, https:\/\/www.levriers-du-sud.org\/site\/wp-content\/uploads\/2017\/11\/P1050519.jpg 2018w\" sizes=\"auto, (max-width: 280px) 100vw, 280px\" \/> <img loading=\"lazy\" decoding=\"async\" class=\"alignnone wp-image-39328\" src=\"http:\/\/www.levriers-du-sud.org\/site\/wp-content\/uploads\/2017\/11\/P1050516-294x300.jpg\" alt=\"\" width=\"275\" height=\"281\" srcset=\"https:\/\/www.levriers-du-sud.org\/site\/wp-content\/uploads\/2017\/11\/P1050516-294x300.jpg 294w, https:\/\/www.levriers-du-sud.org\/site\/wp-content\/uploads\/2017\/11\/P1050516-768x784.jpg 768w, https:\/\/www.levriers-du-sud.org\/site\/wp-content\/uploads\/2017\/11\/P1050516-1003x1024.jpg 1003w, https:\/\/www.levriers-du-sud.org\/site\/wp-content\/uploads\/2017\/11\/P1050516.jpg 1753w\" sizes=\"auto, (max-width: 275px) 100vw, 275px\" \/><\/p>\n<p><img loading=\"lazy\" decoding=\"async\" class=\"alignnone wp-image-39327\" src=\"http:\/\/www.levriers-du-sud.org\/site\/wp-content\/uploads\/2017\/11\/P1050513-300x276.jpg\" alt=\"\" width=\"276\" height=\"254\" srcset=\"https:\/\/www.levriers-du-sud.org\/site\/wp-content\/uploads\/2017\/11\/P1050513-300x276.jpg 300w, https:\/\/www.levriers-du-sud.org\/site\/wp-content\/uploads\/2017\/11\/P1050513-768x707.jpg 768w, https:\/\/www.levriers-du-sud.org\/site\/wp-content\/uploads\/2017\/11\/P1050513-1024x942.jpg 1024w\" sizes=\"auto, (max-width: 276px) 100vw, 276px\" \/> <img loading=\"lazy\" decoding=\"async\" class=\"alignnone wp-image-39326\" src=\"http:\/\/www.levriers-du-sud.org\/site\/wp-content\/uploads\/2017\/11\/P1050511-300x278.jpg\" alt=\"\" width=\"275\" height=\"255\" srcset=\"https:\/\/www.levriers-du-sud.org\/site\/wp-content\/uploads\/2017\/11\/P1050511-300x278.jpg 300w, https:\/\/www.levriers-du-sud.org\/site\/wp-content\/uploads\/2017\/11\/P1050511-768x711.jpg 768w, https:\/\/www.levriers-du-sud.org\/site\/wp-content\/uploads\/2017\/11\/P1050511-1024x948.jpg 1024w\" sizes=\"auto, (max-width: 275px) 100vw, 275px\" \/><\/p>\n<p><img loading=\"lazy\" decoding=\"async\" class=\"alignnone wp-image-39331\" src=\"http:\/\/www.levriers-du-sud.org\/site\/wp-content\/uploads\/2017\/11\/P1050525-300x225.jpg\" alt=\"\" width=\"271\" height=\"203\" srcset=\"https:\/\/www.levriers-du-sud.org\/site\/wp-content\/uploads\/2017\/11\/P1050525-300x225.jpg 300w, https:\/\/www.levriers-du-sud.org\/site\/wp-content\/uploads\/2017\/11\/P1050525-768x576.jpg 768w, https:\/\/www.levriers-du-sud.org\/site\/wp-content\/uploads\/2017\/11\/P1050525-1024x768.jpg 1024w\" sizes=\"auto, (max-width: 271px) 100vw, 271px\" \/> <img loading=\"lazy\" decoding=\"async\" class=\"alignnone wp-image-39330\" src=\"http:\/\/www.levriers-du-sud.org\/site\/wp-content\/uploads\/2017\/11\/P1050523-300x225.jpg\" alt=\"\" width=\"277\" height=\"208\" srcset=\"https:\/\/www.levriers-du-sud.org\/site\/wp-content\/uploads\/2017\/11\/P1050523-300x225.jpg 300w, https:\/\/www.levriers-du-sud.org\/site\/wp-content\/uploads\/2017\/11\/P1050523-768x576.jpg 768w, https:\/\/www.levriers-du-sud.org\/site\/wp-content\/uploads\/2017\/11\/P1050523-1024x768.jpg 1024w\" sizes=\"auto, (max-width: 277px) 100vw, 277px\" \/><\/p>\n<p><img loading=\"lazy\" decoding=\"async\" class=\"alignnone wp-image-39324\" src=\"http:\/\/www.levriers-du-sud.org\/site\/wp-content\/uploads\/2017\/11\/IMG_1667-300x225.jpg\" alt=\"\" width=\"269\" height=\"202\" srcset=\"https:\/\/www.levriers-du-sud.org\/site\/wp-content\/uploads\/2017\/11\/IMG_1667-300x225.jpg 300w, https:\/\/www.levriers-du-sud.org\/site\/wp-content\/uploads\/2017\/11\/IMG_1667-768x576.jpg 768w, https:\/\/www.levriers-du-sud.org\/site\/wp-content\/uploads\/2017\/11\/IMG_1667-1024x768.jpg 1024w\" sizes=\"auto, (max-width: 269px) 100vw, 269px\" \/> <img loading=\"lazy\" decoding=\"async\" class=\"alignnone wp-image-39325\" src=\"http:\/\/www.levriers-du-sud.org\/site\/wp-content\/uploads\/2017\/11\/IMG_1668-300x225.jpg\" alt=\"\" width=\"271\" height=\"203\" srcset=\"https:\/\/www.levriers-du-sud.org\/site\/wp-content\/uploads\/2017\/11\/IMG_1668-300x225.jpg 300w, https:\/\/www.levriers-du-sud.org\/site\/wp-content\/uploads\/2017\/11\/IMG_1668-768x576.jpg 768w, https:\/\/www.levriers-du-sud.org\/site\/wp-content\/uploads\/2017\/11\/IMG_1668-1024x768.jpg 1024w\" sizes=\"auto, (max-width: 271px) 100vw, 271px\" \/><\/p>\n<p>&nbsp;<\/p>\n<p>&nbsp;<\/p>\n","protected":false},"excerpt":{"rendered":"<p>Ce 23 novembre est un jour bien triste pour moi&#8230; Cette nuit, Pepon a \u00e9t\u00e9 hospitalis\u00e9 car il avait de la fievre et des vomissements mais il semblait aller mieux ce soir. Je viens d&rsquo;avoir un message.. Pepon nous a quitt\u00e9 \ud83d\ude41 Pourquoi la vie est elle aussi injuste avec ces petites \u00eatres.. je l&rsquo;ai [&hellip;]<\/p>\n","protected":false},"author":1,"featured_media":0,"comment_status":"open","ping_status":"open","sticky":false,"template":"","format":"standard","meta":{"footnotes":""},"categories":[9],"tags":[],"class_list":["post-39323","post","type-post","status-publish","format-standard","hentry","category-album"],"aioseo_notices":[],"_links":{"self":[{"href":"https:\/\/www.levriers-du-sud.org\/site\/wp-json\/wp\/v2\/posts\/39323","targetHints":{"allow":["GET"]}}],"collection":[{"href":"https:\/\/www.levriers-du-sud.org\/site\/wp-json\/wp\/v2\/posts"}],"about":[{"href":"https:\/\/www.levriers-du-sud.org\/site\/wp-json\/wp\/v2\/types\/post"}],"author":[{"embeddable":true,"href":"https:\/\/www.levriers-du-sud.org\/site\/wp-json\/wp\/v2\/users\/1"}],"replies":[{"embeddable":true,"href":"https:\/\/www.levriers-du-sud.org\/site\/wp-json\/wp\/v2\/comments?post=39323"}],"version-history":[{"count":3,"href":"https:\/\/www.levriers-du-sud.org\/site\/wp-json\/wp\/v2\/posts\/39323\/revisions"}],"predecessor-version":[{"id":39470,"href":"https:\/\/www.levriers-du-sud.org\/site\/wp-json\/wp\/v2\/posts\/39323\/revisions\/39470"}],"wp:attachment":[{"href":"https:\/\/www.levriers-du-sud.org\/site\/wp-json\/wp\/v2\/media?parent=39323"}],"wp:term":[{"taxonomy":"category","embeddable":true,"href":"https:\/\/www.levriers-du-sud.org\/site\/wp-json\/wp\/v2\/categories?post=39323"},{"taxonomy":"post_tag","embeddable":true,"href":"https:\/\/www.levriers-du-sud.org\/site\/wp-json\/wp\/v2\/tags?post=39323"}],"curies":[{"name":"wp","href":"https:\/\/api.w.org\/{rel}","templated":true}]}}