{"id":39673,"date":"2017-12-17T14:53:56","date_gmt":"2017-12-17T12:53:56","guid":{"rendered":"http:\/\/www.levriers-du-sud.org\/site\/?p=39673"},"modified":"2019-12-15T10:00:01","modified_gmt":"2019-12-15T09:00:01","slug":"patty-et-moon-ont-besoin-daide","status":"publish","type":"post","link":"https:\/\/www.levriers-du-sud.org\/site\/17\/12\/2017\/patty-et-moon-ont-besoin-daide\/","title":{"rendered":"Patty et Moon ont besoin d&rsquo;aide"},"content":{"rendered":"<p>Nous avons du r\u00e9cup\u00e9rer MOON (10\/2010) et PATTY (07\/2008), deux galgas adopt\u00e9es en 2013, car leur propri\u00e9taire est tr\u00e8s malade et ne peut plus s&rsquo;en occuper. C&rsquo;est avec une grande peine qu&rsquo;il nous a laiss\u00e9 les prendre aujoud&rsquo;hui (17\/12). Son \u00e9tat de sant\u00e9 ne permettra pas h\u00e9las qu&rsquo;il puisse les reprendre et nous recherchons donc pour elles de nouvelles familles.<br \/>\nBien \u00e9videment nous aimerions ne pas les s\u00e9parer, mais cela risque d&rsquo;\u00eatre difficile.<br \/>\nMerci \u00e0 Odile B qui s&rsquo;est propos\u00e9e pour les accueillir en urgence le temps que nous puissions trouver des solutions.<\/p>\n<p>Si vous pouvez nous aider pour ces deux galgas, merci contacter Jean Francois ou Maryline.<\/p>\n<p><img loading=\"lazy\" decoding=\"async\" class=\"alignnone wp-image-39676\" src=\"http:\/\/www.levriers-du-sud.org\/site\/wp-content\/uploads\/2017\/12\/paris-et-moon-300x225.jpg\" alt=\"\" width=\"280\" height=\"210\" srcset=\"https:\/\/www.levriers-du-sud.org\/site\/wp-content\/uploads\/2017\/12\/paris-et-moon-300x225.jpg 300w, https:\/\/www.levriers-du-sud.org\/site\/wp-content\/uploads\/2017\/12\/paris-et-moon-768x576.jpg 768w, https:\/\/www.levriers-du-sud.org\/site\/wp-content\/uploads\/2017\/12\/paris-et-moon-1024x768.jpg 1024w, https:\/\/www.levriers-du-sud.org\/site\/wp-content\/uploads\/2017\/12\/paris-et-moon.jpg 1280w\" sizes=\"auto, (max-width: 280px) 100vw, 280px\" \/> <img loading=\"lazy\" decoding=\"async\" class=\"alignnone wp-image-39682\" src=\"http:\/\/www.levriers-du-sud.org\/site\/wp-content\/uploads\/2017\/12\/patty-et-moo--300x225.jpg\" alt=\"\" width=\"279\" height=\"209\" srcset=\"https:\/\/www.levriers-du-sud.org\/site\/wp-content\/uploads\/2017\/12\/patty-et-moo--300x225.jpg 300w, https:\/\/www.levriers-du-sud.org\/site\/wp-content\/uploads\/2017\/12\/patty-et-moo--768x576.jpg 768w, https:\/\/www.levriers-du-sud.org\/site\/wp-content\/uploads\/2017\/12\/patty-et-moo--1024x768.jpg 1024w, https:\/\/www.levriers-du-sud.org\/site\/wp-content\/uploads\/2017\/12\/patty-et-moo-.jpg 1600w\" sizes=\"auto, (max-width: 279px) 100vw, 279px\" \/><!--more--><\/p>\n<p>PATTY<\/p>\n<p><img loading=\"lazy\" decoding=\"async\" class=\"alignnone size-medium wp-image-39681\" src=\"http:\/\/www.levriers-du-sud.org\/site\/wp-content\/uploads\/2017\/12\/patty-df-300x225.jpg\" alt=\"\" width=\"300\" height=\"225\" srcset=\"https:\/\/www.levriers-du-sud.org\/site\/wp-content\/uploads\/2017\/12\/patty-df-300x225.jpg 300w, https:\/\/www.levriers-du-sud.org\/site\/wp-content\/uploads\/2017\/12\/patty-df-768x576.jpg 768w, https:\/\/www.levriers-du-sud.org\/site\/wp-content\/uploads\/2017\/12\/patty-df-1024x768.jpg 1024w, https:\/\/www.levriers-du-sud.org\/site\/wp-content\/uploads\/2017\/12\/patty-df.jpg 1600w\" sizes=\"auto, (max-width: 300px) 100vw, 300px\" \/> <img loading=\"lazy\" decoding=\"async\" class=\"alignnone wp-image-39679\" src=\"http:\/\/www.levriers-du-sud.org\/site\/wp-content\/uploads\/2017\/12\/patty-h-2-300x269.jpg\" alt=\"\" width=\"254\" height=\"228\" srcset=\"https:\/\/www.levriers-du-sud.org\/site\/wp-content\/uploads\/2017\/12\/patty-h-2-300x269.jpg 300w, https:\/\/www.levriers-du-sud.org\/site\/wp-content\/uploads\/2017\/12\/patty-h-2.jpg 640w\" sizes=\"auto, (max-width: 254px) 100vw, 254px\" \/><\/p>\n<p>MOON<\/p>\n<p><img loading=\"lazy\" decoding=\"async\" class=\"alignnone wp-image-39677\" src=\"http:\/\/www.levriers-du-sud.org\/site\/wp-content\/uploads\/2017\/12\/moon-d-300x225.jpg\" alt=\"\" width=\"279\" height=\"209\" srcset=\"https:\/\/www.levriers-du-sud.org\/site\/wp-content\/uploads\/2017\/12\/moon-d-300x225.jpg 300w, https:\/\/www.levriers-du-sud.org\/site\/wp-content\/uploads\/2017\/12\/moon-d-768x576.jpg 768w, https:\/\/www.levriers-du-sud.org\/site\/wp-content\/uploads\/2017\/12\/moon-d-1024x768.jpg 1024w, https:\/\/www.levriers-du-sud.org\/site\/wp-content\/uploads\/2017\/12\/moon-d.jpg 1280w\" sizes=\"auto, (max-width: 279px) 100vw, 279px\" \/> <img loading=\"lazy\" decoding=\"async\" class=\"alignnone wp-image-39678\" src=\"http:\/\/www.levriers-du-sud.org\/site\/wp-content\/uploads\/2017\/12\/moon-2-300x225.jpg\" alt=\"\" width=\"277\" height=\"208\" srcset=\"https:\/\/www.levriers-du-sud.org\/site\/wp-content\/uploads\/2017\/12\/moon-2-300x225.jpg 300w, https:\/\/www.levriers-du-sud.org\/site\/wp-content\/uploads\/2017\/12\/moon-2-768x576.jpg 768w, https:\/\/www.levriers-du-sud.org\/site\/wp-content\/uploads\/2017\/12\/moon-2-1024x768.jpg 1024w, https:\/\/www.levriers-du-sud.org\/site\/wp-content\/uploads\/2017\/12\/moon-2.jpg 1280w\" sizes=\"auto, (max-width: 277px) 100vw, 277px\" \/><\/p>\n","protected":false},"excerpt":{"rendered":"<p>Nous avons du r\u00e9cup\u00e9rer MOON (10\/2010) et PATTY (07\/2008), deux galgas adopt\u00e9es en 2013, car leur propri\u00e9taire est tr\u00e8s malade et ne peut plus s&rsquo;en occuper. C&rsquo;est avec une grande peine qu&rsquo;il nous a laiss\u00e9 les prendre aujoud&rsquo;hui (17\/12). Son \u00e9tat de sant\u00e9 ne permettra pas h\u00e9las qu&rsquo;il puisse les reprendre et nous recherchons donc [&hellip;]<\/p>\n","protected":false},"author":1,"featured_media":0,"comment_status":"open","ping_status":"open","sticky":false,"template":"","format":"standard","meta":{"footnotes":""},"categories":[9],"tags":[],"class_list":["post-39673","post","type-post","status-publish","format-standard","hentry","category-album"],"aioseo_notices":[],"_links":{"self":[{"href":"https:\/\/www.levriers-du-sud.org\/site\/wp-json\/wp\/v2\/posts\/39673","targetHints":{"allow":["GET"]}}],"collection":[{"href":"https:\/\/www.levriers-du-sud.org\/site\/wp-json\/wp\/v2\/posts"}],"about":[{"href":"https:\/\/www.levriers-du-sud.org\/site\/wp-json\/wp\/v2\/types\/post"}],"author":[{"embeddable":true,"href":"https:\/\/www.levriers-du-sud.org\/site\/wp-json\/wp\/v2\/users\/1"}],"replies":[{"embeddable":true,"href":"https:\/\/www.levriers-du-sud.org\/site\/wp-json\/wp\/v2\/comments?post=39673"}],"version-history":[{"count":1,"href":"https:\/\/www.levriers-du-sud.org\/site\/wp-json\/wp\/v2\/posts\/39673\/revisions"}],"predecessor-version":[{"id":39683,"href":"https:\/\/www.levriers-du-sud.org\/site\/wp-json\/wp\/v2\/posts\/39673\/revisions\/39683"}],"wp:attachment":[{"href":"https:\/\/www.levriers-du-sud.org\/site\/wp-json\/wp\/v2\/media?parent=39673"}],"wp:term":[{"taxonomy":"category","embeddable":true,"href":"https:\/\/www.levriers-du-sud.org\/site\/wp-json\/wp\/v2\/categories?post=39673"},{"taxonomy":"post_tag","embeddable":true,"href":"https:\/\/www.levriers-du-sud.org\/site\/wp-json\/wp\/v2\/tags?post=39673"}],"curies":[{"name":"wp","href":"https:\/\/api.w.org\/{rel}","templated":true}]}}