{"id":43824,"date":"2023-08-30T08:25:10","date_gmt":"2023-08-30T06:25:10","guid":{"rendered":"http:\/\/www.levriers-du-sud.org\/site\/?p=43824"},"modified":"2023-08-30T08:37:18","modified_gmt":"2023-08-30T06:37:18","slug":"manzana","status":"publish","type":"post","link":"https:\/\/www.levriers-du-sud.org\/site\/30\/08\/2023\/manzana\/","title":{"rendered":"Manzana nous a quitt\u00e9"},"content":{"rendered":"<div dir=\"auto\">C&rsquo;est avec une \u00e9norme tristesse que nous avons appris que Manzana nous a quitt\u00e9e le 29 aout. Elle se battait avec un cancer et ses adoptants Aurora et William sont effondr\u00e9s, elle avait \u00e9t\u00e9 adopt\u00e9e il y a 4 ans.<\/div>\n<div dir=\"auto\">De plus ils ont perdu une petite crois\u00e9e Wendy il y a un mois de vieillesse, il a fallu dire au-revoir \u00e0 Manzana , tr\u00e8s dur \u00e0 accepter pour eux ainsi que leur autre galga Palma qui se retrouve seule maintenant.<\/div>\n<div dir=\"auto\">Manzana tu sera toujours dans nos <span class=\"x3nfvp2 x1j61x8r x1fcty0u xdj266r xhhsvwb xat24cr xgzva0m xxymvpz xlup9mm x1kky2od\"><img loading=\"lazy\" decoding=\"async\" src=\"https:\/\/static.xx.fbcdn.net\/images\/emoji.php\/v9\/tac\/1\/16\/2665.png\" alt=\"&#x2665;&#xfe0f;\" width=\"16\" height=\"16\" \/><\/span><\/div>\n<div dir=\"auto\">Nous t&rsquo;oublierons jamais <span class=\"x3nfvp2 x1j61x8r x1fcty0u xdj266r xhhsvwb xat24cr xgzva0m xxymvpz xlup9mm x1kky2od\"><img loading=\"lazy\" decoding=\"async\" src=\"https:\/\/static.xx.fbcdn.net\/images\/emoji.php\/v9\/t71\/1\/16\/1f339.png\" alt=\"&#x1f339;\" width=\"16\" height=\"16\" \/><\/span><\/div>\n<div dir=\"auto\">L\u00e9vriers du Sud (chantal)<\/div>\n<p><img loading=\"lazy\" decoding=\"async\" class=\"alignnone size-medium wp-image-55054\" src=\"https:\/\/www.levriers-du-sud.org\/site\/wp-content\/uploads\/2019\/05\/manzana-dcd-300x225.jpg\" alt=\"\" width=\"300\" height=\"225\" srcset=\"https:\/\/www.levriers-du-sud.org\/site\/wp-content\/uploads\/2019\/05\/manzana-dcd-300x225.jpg 300w, https:\/\/www.levriers-du-sud.org\/site\/wp-content\/uploads\/2019\/05\/manzana-dcd-1024x768.jpg 1024w, https:\/\/www.levriers-du-sud.org\/site\/wp-content\/uploads\/2019\/05\/manzana-dcd-768x576.jpg 768w, https:\/\/www.levriers-du-sud.org\/site\/wp-content\/uploads\/2019\/05\/manzana-dcd-1536x1152.jpg 1536w, https:\/\/www.levriers-du-sud.org\/site\/wp-content\/uploads\/2019\/05\/manzana-dcd.jpg 1600w\" sizes=\"auto, (max-width: 300px) 100vw, 300px\" \/><!--more--><\/p>\n<p>&nbsp;<\/p>\n<p><strong>Type :<\/strong>\u00a0 galgo<br \/>\n<strong>Sexe :<\/strong>femelle<br \/>\n<strong>Age :<\/strong>2015<br \/>\n<strong>Sant\u00e9 :<\/strong> en cours<br \/>\n<strong>Situation:<\/strong> en refuge<\/p>\n<p><strong>\u00a0Commentair<\/strong>e:<br \/>\nManzana a \u00e9t\u00e9 attrap\u00e9e avec une cage trappe dans une banlieue de madrid tr\u00e8s mal fr\u00e9quent\u00e9e&#8230; c&rsquo;est un lieu horrible pour les chiens. Elle est dans un petit refuge qui a souvent des chiens vol\u00e9s et qui nous demande en urgence de l&rsquo;aide pour cette chienne. Elle est craintive, sa vie a du \u00eatre tr\u00e8s difficile, mais si elle a confiance elle se laisse facilement caresser. Elle est douce et tranquille.<\/p>\n<p><img loading=\"lazy\" decoding=\"async\" class=\"alignnone wp-image-43825\" src=\"http:\/\/www.levriers-du-sud.org\/site\/wp-content\/uploads\/2019\/05\/MANZANA1-201x300.jpg\" alt=\"\" width=\"186\" height=\"278\" srcset=\"https:\/\/www.levriers-du-sud.org\/site\/wp-content\/uploads\/2019\/05\/MANZANA1-201x300.jpg 201w, https:\/\/www.levriers-du-sud.org\/site\/wp-content\/uploads\/2019\/05\/MANZANA1-768x1147.jpg 768w, https:\/\/www.levriers-du-sud.org\/site\/wp-content\/uploads\/2019\/05\/MANZANA1-686x1024.jpg 686w, https:\/\/www.levriers-du-sud.org\/site\/wp-content\/uploads\/2019\/05\/MANZANA1.jpg 1673w\" sizes=\"auto, (max-width: 186px) 100vw, 186px\" \/> <img loading=\"lazy\" decoding=\"async\" class=\"alignnone wp-image-43827\" src=\"http:\/\/www.levriers-du-sud.org\/site\/wp-content\/uploads\/2019\/05\/MANZANA3-201x300.jpg\" alt=\"\" width=\"185\" height=\"276\" srcset=\"https:\/\/www.levriers-du-sud.org\/site\/wp-content\/uploads\/2019\/05\/MANZANA3-201x300.jpg 201w, https:\/\/www.levriers-du-sud.org\/site\/wp-content\/uploads\/2019\/05\/MANZANA3-768x1147.jpg 768w, https:\/\/www.levriers-du-sud.org\/site\/wp-content\/uploads\/2019\/05\/MANZANA3-686x1024.jpg 686w, https:\/\/www.levriers-du-sud.org\/site\/wp-content\/uploads\/2019\/05\/MANZANA3.jpg 1871w\" sizes=\"auto, (max-width: 185px) 100vw, 185px\" \/> <img loading=\"lazy\" decoding=\"async\" class=\"alignnone wp-image-43828\" src=\"http:\/\/www.levriers-du-sud.org\/site\/wp-content\/uploads\/2019\/05\/MANZANA4-201x300.jpg\" alt=\"\" width=\"185\" height=\"276\" srcset=\"https:\/\/www.levriers-du-sud.org\/site\/wp-content\/uploads\/2019\/05\/MANZANA4-201x300.jpg 201w, https:\/\/www.levriers-du-sud.org\/site\/wp-content\/uploads\/2019\/05\/MANZANA4-768x1147.jpg 768w, https:\/\/www.levriers-du-sud.org\/site\/wp-content\/uploads\/2019\/05\/MANZANA4-686x1024.jpg 686w, https:\/\/www.levriers-du-sud.org\/site\/wp-content\/uploads\/2019\/05\/MANZANA4.jpg 1777w\" sizes=\"auto, (max-width: 185px) 100vw, 185px\" \/><!--more--><\/p>\n<p><img loading=\"lazy\" decoding=\"async\" class=\"alignnone size-medium wp-image-43829\" src=\"http:\/\/www.levriers-du-sud.org\/site\/wp-content\/uploads\/2019\/05\/MANZANA5-201x300.jpg\" alt=\"\" width=\"201\" height=\"300\" srcset=\"https:\/\/www.levriers-du-sud.org\/site\/wp-content\/uploads\/2019\/05\/MANZANA5-201x300.jpg 201w, https:\/\/www.levriers-du-sud.org\/site\/wp-content\/uploads\/2019\/05\/MANZANA5-768x1147.jpg 768w, https:\/\/www.levriers-du-sud.org\/site\/wp-content\/uploads\/2019\/05\/MANZANA5-686x1024.jpg 686w, https:\/\/www.levriers-du-sud.org\/site\/wp-content\/uploads\/2019\/05\/MANZANA5.jpg 1657w\" sizes=\"auto, (max-width: 201px) 100vw, 201px\" \/> <img loading=\"lazy\" decoding=\"async\" class=\"alignnone size-medium wp-image-43830\" src=\"http:\/\/www.levriers-du-sud.org\/site\/wp-content\/uploads\/2019\/05\/MANZANA6-201x300.jpg\" alt=\"\" width=\"201\" height=\"300\" srcset=\"https:\/\/www.levriers-du-sud.org\/site\/wp-content\/uploads\/2019\/05\/MANZANA6-201x300.jpg 201w, https:\/\/www.levriers-du-sud.org\/site\/wp-content\/uploads\/2019\/05\/MANZANA6-768x1147.jpg 768w, https:\/\/www.levriers-du-sud.org\/site\/wp-content\/uploads\/2019\/05\/MANZANA6-686x1024.jpg 686w, https:\/\/www.levriers-du-sud.org\/site\/wp-content\/uploads\/2019\/05\/MANZANA6.jpg 1871w\" sizes=\"auto, (max-width: 201px) 100vw, 201px\" \/><\/p>\n<p><img loading=\"lazy\" decoding=\"async\" class=\"alignnone wp-image-43831\" src=\"http:\/\/www.levriers-du-sud.org\/site\/wp-content\/uploads\/2019\/05\/MANZANA7-300x201.jpg\" alt=\"\" width=\"279\" height=\"187\" srcset=\"https:\/\/www.levriers-du-sud.org\/site\/wp-content\/uploads\/2019\/05\/MANZANA7-300x201.jpg 300w, https:\/\/www.levriers-du-sud.org\/site\/wp-content\/uploads\/2019\/05\/MANZANA7-768x514.jpg 768w, https:\/\/www.levriers-du-sud.org\/site\/wp-content\/uploads\/2019\/05\/MANZANA7-1024x686.jpg 1024w\" sizes=\"auto, (max-width: 279px) 100vw, 279px\" \/> <img loading=\"lazy\" decoding=\"async\" class=\"alignnone wp-image-43826\" src=\"http:\/\/www.levriers-du-sud.org\/site\/wp-content\/uploads\/2019\/05\/MANZANA2-300x201.jpg\" alt=\"\" width=\"278\" height=\"186\" srcset=\"https:\/\/www.levriers-du-sud.org\/site\/wp-content\/uploads\/2019\/05\/MANZANA2-300x201.jpg 300w, https:\/\/www.levriers-du-sud.org\/site\/wp-content\/uploads\/2019\/05\/MANZANA2-768x514.jpg 768w, https:\/\/www.levriers-du-sud.org\/site\/wp-content\/uploads\/2019\/05\/MANZANA2-1024x686.jpg 1024w\" sizes=\"auto, (max-width: 278px) 100vw, 278px\" \/><\/p>\n","protected":false},"excerpt":{"rendered":"<p>C&rsquo;est avec une \u00e9norme tristesse que nous avons appris que Manzana nous a quitt\u00e9e le 29 aout. Elle se battait avec un cancer et ses adoptants Aurora et William sont effondr\u00e9s, elle avait \u00e9t\u00e9 adopt\u00e9e il y a 4 ans. De plus ils ont perdu une petite crois\u00e9e Wendy il y a un mois de [&hellip;]<\/p>\n","protected":false},"author":1,"featured_media":0,"comment_status":"open","ping_status":"open","sticky":false,"template":"","format":"standard","meta":{"footnotes":""},"categories":[19,13],"tags":[],"class_list":["post-43824","post","type-post","status-publish","format-standard","hentry","category-galgos-adoptes","category-ok-chiens"],"aioseo_notices":[],"_links":{"self":[{"href":"https:\/\/www.levriers-du-sud.org\/site\/wp-json\/wp\/v2\/posts\/43824","targetHints":{"allow":["GET"]}}],"collection":[{"href":"https:\/\/www.levriers-du-sud.org\/site\/wp-json\/wp\/v2\/posts"}],"about":[{"href":"https:\/\/www.levriers-du-sud.org\/site\/wp-json\/wp\/v2\/types\/post"}],"author":[{"embeddable":true,"href":"https:\/\/www.levriers-du-sud.org\/site\/wp-json\/wp\/v2\/users\/1"}],"replies":[{"embeddable":true,"href":"https:\/\/www.levriers-du-sud.org\/site\/wp-json\/wp\/v2\/comments?post=43824"}],"version-history":[{"count":6,"href":"https:\/\/www.levriers-du-sud.org\/site\/wp-json\/wp\/v2\/posts\/43824\/revisions"}],"predecessor-version":[{"id":55055,"href":"https:\/\/www.levriers-du-sud.org\/site\/wp-json\/wp\/v2\/posts\/43824\/revisions\/55055"}],"wp:attachment":[{"href":"https:\/\/www.levriers-du-sud.org\/site\/wp-json\/wp\/v2\/media?parent=43824"}],"wp:term":[{"taxonomy":"category","embeddable":true,"href":"https:\/\/www.levriers-du-sud.org\/site\/wp-json\/wp\/v2\/categories?post=43824"},{"taxonomy":"post_tag","embeddable":true,"href":"https:\/\/www.levriers-du-sud.org\/site\/wp-json\/wp\/v2\/tags?post=43824"}],"curies":[{"name":"wp","href":"https:\/\/api.w.org\/{rel}","templated":true}]}}