{"id":50600,"date":"2021-11-05T16:47:56","date_gmt":"2021-11-05T15:47:56","guid":{"rendered":"https:\/\/www.levriers-du-sud.org\/site\/?p=50600"},"modified":"2022-01-15T20:56:24","modified_gmt":"2022-01-15T19:56:24","slug":"carla","status":"publish","type":"post","link":"https:\/\/www.levriers-du-sud.org\/site\/05\/11\/2021\/carla\/","title":{"rendered":"Carla&#8230;adopt\u00e9e a MAdrid avec Acurn"},"content":{"rendered":"<p><strong>Type :<\/strong> podenco<br \/>\n<strong>Sexe :<\/strong> femelle<br \/>\n<strong>Age : <\/strong>11\/2019<br \/>\n<strong>Sant\u00e9 :<\/strong> st\u00e9rilis\u00e9e, n\u00e9gative aux 3mm<strong><br \/>\nSituation: <\/strong>en pension \u00e0 notre charge<strong><br \/>\n<\/strong><\/p>\n<p><strong>Commentaire :<br \/>\n<\/strong>Nous avons r\u00e9pondu \u00e0 un sos pour des chiens sur Badajoz abandonn\u00e9 sur un terrain suite au d\u00e9c\u00e8s de leur maitre. Carla est une podenca de 10kg, elle a du faire des port\u00e9es toute sa vie attach\u00e9e \u00e0 une corde. Elle avait du mettre bas r\u00e9cemment mais les b\u00e9n\u00e9voles n ont pas trouv\u00e9 les chiots &#8230; elle commence \u00e0 se d\u00e9tendre \u00e0 la pension, et elle est tr\u00e8s caline.<br \/>\nNous avons rapatri\u00e9 Carla \u00e0 la pension \u00e0 MAdrid. C est une chienne tr\u00e8s caline et douce, elle s&rsquo;entend bien avec tout le monde et elle recherche vraiment le contact humain<\/p>\n<p><strong>parrain\u00e9e par Pascale F 20.00 eur<\/strong><\/p>\n<p><img loading=\"lazy\" decoding=\"async\" class=\"alignnone  wp-image-50841\" src=\"https:\/\/www.levriers-du-sud.org\/site\/wp-content\/uploads\/2021\/11\/carla-g-300x200.jpg\" alt=\"\" width=\"279\" height=\"186\" srcset=\"https:\/\/www.levriers-du-sud.org\/site\/wp-content\/uploads\/2021\/11\/carla-g-300x200.jpg 300w, https:\/\/www.levriers-du-sud.org\/site\/wp-content\/uploads\/2021\/11\/carla-g-1024x682.jpg 1024w, https:\/\/www.levriers-du-sud.org\/site\/wp-content\/uploads\/2021\/11\/carla-g-768x512.jpg 768w, https:\/\/www.levriers-du-sud.org\/site\/wp-content\/uploads\/2021\/11\/carla-g-1536x1024.jpg 1536w, https:\/\/www.levriers-du-sud.org\/site\/wp-content\/uploads\/2021\/11\/carla-g.jpg 1571w\" sizes=\"auto, (max-width: 279px) 100vw, 279px\" \/>\u00a0<img loading=\"lazy\" decoding=\"async\" class=\"alignnone  wp-image-50840\" src=\"https:\/\/www.levriers-du-sud.org\/site\/wp-content\/uploads\/2021\/11\/carla-m-300x200.jpg\" alt=\"\" width=\"279\" height=\"186\" srcset=\"https:\/\/www.levriers-du-sud.org\/site\/wp-content\/uploads\/2021\/11\/carla-m-300x200.jpg 300w, https:\/\/www.levriers-du-sud.org\/site\/wp-content\/uploads\/2021\/11\/carla-m-1024x682.jpg 1024w, https:\/\/www.levriers-du-sud.org\/site\/wp-content\/uploads\/2021\/11\/carla-m-768x512.jpg 768w, https:\/\/www.levriers-du-sud.org\/site\/wp-content\/uploads\/2021\/11\/carla-m-1536x1024.jpg 1536w, https:\/\/www.levriers-du-sud.org\/site\/wp-content\/uploads\/2021\/11\/carla-m.jpg 1571w\" sizes=\"auto, (max-width: 279px) 100vw, 279px\" \/><!--more--><\/p>\n<p><img loading=\"lazy\" decoding=\"async\" class=\"alignnone size-medium wp-image-50835\" src=\"https:\/\/www.levriers-du-sud.org\/site\/wp-content\/uploads\/2021\/11\/arla-o-225x300.jpg\" alt=\"\" width=\"225\" height=\"300\" srcset=\"https:\/\/www.levriers-du-sud.org\/site\/wp-content\/uploads\/2021\/11\/arla-o-225x300.jpg 225w, https:\/\/www.levriers-du-sud.org\/site\/wp-content\/uploads\/2021\/11\/arla-o-768x1024.jpg 768w, https:\/\/www.levriers-du-sud.org\/site\/wp-content\/uploads\/2021\/11\/arla-o-1152x1536.jpg 1152w, https:\/\/www.levriers-du-sud.org\/site\/wp-content\/uploads\/2021\/11\/arla-o.jpg 1287w\" sizes=\"auto, (max-width: 225px) 100vw, 225px\" \/> <img loading=\"lazy\" decoding=\"async\" class=\"alignnone size-medium wp-image-50836\" src=\"https:\/\/www.levriers-du-sud.org\/site\/wp-content\/uploads\/2021\/11\/carla-mf-225x300.jpg\" alt=\"\" width=\"225\" height=\"300\" srcset=\"https:\/\/www.levriers-du-sud.org\/site\/wp-content\/uploads\/2021\/11\/carla-mf-225x300.jpg 225w, https:\/\/www.levriers-du-sud.org\/site\/wp-content\/uploads\/2021\/11\/carla-mf-768x1024.jpg 768w, https:\/\/www.levriers-du-sud.org\/site\/wp-content\/uploads\/2021\/11\/carla-mf-1152x1536.jpg 1152w, https:\/\/www.levriers-du-sud.org\/site\/wp-content\/uploads\/2021\/11\/carla-mf.jpg 1287w\" sizes=\"auto, (max-width: 225px) 100vw, 225px\" \/><\/p>\n<p><img loading=\"lazy\" decoding=\"async\" class=\"alignnone size-medium wp-image-50837\" src=\"https:\/\/www.levriers-du-sud.org\/site\/wp-content\/uploads\/2021\/11\/carla-v-200x300.jpg\" alt=\"\" width=\"200\" height=\"300\" srcset=\"https:\/\/www.levriers-du-sud.org\/site\/wp-content\/uploads\/2021\/11\/carla-v-200x300.jpg 200w, https:\/\/www.levriers-du-sud.org\/site\/wp-content\/uploads\/2021\/11\/carla-v-683x1024.jpg 683w, https:\/\/www.levriers-du-sud.org\/site\/wp-content\/uploads\/2021\/11\/carla-v-768x1151.jpg 768w, https:\/\/www.levriers-du-sud.org\/site\/wp-content\/uploads\/2021\/11\/carla-v-1025x1536.jpg 1025w, https:\/\/www.levriers-du-sud.org\/site\/wp-content\/uploads\/2021\/11\/carla-v.jpg 1061w\" sizes=\"auto, (max-width: 200px) 100vw, 200px\" \/> <img loading=\"lazy\" decoding=\"async\" class=\"alignnone size-medium wp-image-50838\" src=\"https:\/\/www.levriers-du-sud.org\/site\/wp-content\/uploads\/2021\/11\/arla-v-200x300.jpg\" alt=\"\" width=\"200\" height=\"300\" srcset=\"https:\/\/www.levriers-du-sud.org\/site\/wp-content\/uploads\/2021\/11\/arla-v-200x300.jpg 200w, https:\/\/www.levriers-du-sud.org\/site\/wp-content\/uploads\/2021\/11\/arla-v-683x1024.jpg 683w, https:\/\/www.levriers-du-sud.org\/site\/wp-content\/uploads\/2021\/11\/arla-v-768x1151.jpg 768w, https:\/\/www.levriers-du-sud.org\/site\/wp-content\/uploads\/2021\/11\/arla-v-1025x1536.jpg 1025w, https:\/\/www.levriers-du-sud.org\/site\/wp-content\/uploads\/2021\/11\/arla-v.jpg 1061w\" sizes=\"auto, (max-width: 200px) 100vw, 200px\" \/><\/p>\n<p><img loading=\"lazy\" decoding=\"async\" class=\"alignnone size-medium wp-image-50834\" src=\"https:\/\/www.levriers-du-sud.org\/site\/wp-content\/uploads\/2021\/11\/carla-b-300x225.jpg\" alt=\"\" width=\"300\" height=\"225\" srcset=\"https:\/\/www.levriers-du-sud.org\/site\/wp-content\/uploads\/2021\/11\/carla-b-300x225.jpg 300w, https:\/\/www.levriers-du-sud.org\/site\/wp-content\/uploads\/2021\/11\/carla-b-1024x768.jpg 1024w, https:\/\/www.levriers-du-sud.org\/site\/wp-content\/uploads\/2021\/11\/carla-b-768x576.jpg 768w, https:\/\/www.levriers-du-sud.org\/site\/wp-content\/uploads\/2021\/11\/carla-b-1536x1152.jpg 1536w, https:\/\/www.levriers-du-sud.org\/site\/wp-content\/uploads\/2021\/11\/carla-b.jpg 1677w\" sizes=\"auto, (max-width: 300px) 100vw, 300px\" \/><\/p>\n<p>&nbsp;<\/p>\n<p><img loading=\"lazy\" decoding=\"async\" class=\"alignnone wp-image-50601\" src=\"https:\/\/www.levriers-du-sud.org\/site\/wp-content\/uploads\/2021\/11\/246925621_407103420827824_2290051117392535028_n-300x225.jpg\" alt=\"\" width=\"280\" height=\"210\" srcset=\"https:\/\/www.levriers-du-sud.org\/site\/wp-content\/uploads\/2021\/11\/246925621_407103420827824_2290051117392535028_n-300x225.jpg 300w, https:\/\/www.levriers-du-sud.org\/site\/wp-content\/uploads\/2021\/11\/246925621_407103420827824_2290051117392535028_n-1024x768.jpg 1024w, https:\/\/www.levriers-du-sud.org\/site\/wp-content\/uploads\/2021\/11\/246925621_407103420827824_2290051117392535028_n-768x576.jpg 768w, https:\/\/www.levriers-du-sud.org\/site\/wp-content\/uploads\/2021\/11\/246925621_407103420827824_2290051117392535028_n-1536x1152.jpg 1536w, https:\/\/www.levriers-du-sud.org\/site\/wp-content\/uploads\/2021\/11\/246925621_407103420827824_2290051117392535028_n.jpg 2048w\" sizes=\"auto, (max-width: 280px) 100vw, 280px\" \/> <img loading=\"lazy\" decoding=\"async\" class=\"alignnone wp-image-50602\" src=\"https:\/\/www.levriers-du-sud.org\/site\/wp-content\/uploads\/2021\/11\/247392641_404994227903625_8736310745270499154_n-300x225.jpg\" alt=\"\" width=\"277\" height=\"208\" srcset=\"https:\/\/www.levriers-du-sud.org\/site\/wp-content\/uploads\/2021\/11\/247392641_404994227903625_8736310745270499154_n-300x225.jpg 300w, https:\/\/www.levriers-du-sud.org\/site\/wp-content\/uploads\/2021\/11\/247392641_404994227903625_8736310745270499154_n-1024x768.jpg 1024w, https:\/\/www.levriers-du-sud.org\/site\/wp-content\/uploads\/2021\/11\/247392641_404994227903625_8736310745270499154_n-768x576.jpg 768w, https:\/\/www.levriers-du-sud.org\/site\/wp-content\/uploads\/2021\/11\/247392641_404994227903625_8736310745270499154_n-1536x1152.jpg 1536w, https:\/\/www.levriers-du-sud.org\/site\/wp-content\/uploads\/2021\/11\/247392641_404994227903625_8736310745270499154_n.jpg 2048w\" sizes=\"auto, (max-width: 277px) 100vw, 277px\" \/><!--more--><\/p>\n<p><img loading=\"lazy\" decoding=\"async\" class=\"alignnone size-medium wp-image-50603\" src=\"https:\/\/www.levriers-du-sud.org\/site\/wp-content\/uploads\/2021\/11\/249196520_579173216529316_2399768707435351660_n-300x169.jpg\" alt=\"\" width=\"300\" height=\"169\" srcset=\"https:\/\/www.levriers-du-sud.org\/site\/wp-content\/uploads\/2021\/11\/249196520_579173216529316_2399768707435351660_n-300x169.jpg 300w, https:\/\/www.levriers-du-sud.org\/site\/wp-content\/uploads\/2021\/11\/249196520_579173216529316_2399768707435351660_n-1024x576.jpg 1024w, https:\/\/www.levriers-du-sud.org\/site\/wp-content\/uploads\/2021\/11\/249196520_579173216529316_2399768707435351660_n-768x432.jpg 768w, https:\/\/www.levriers-du-sud.org\/site\/wp-content\/uploads\/2021\/11\/249196520_579173216529316_2399768707435351660_n-1536x864.jpg 1536w, https:\/\/www.levriers-du-sud.org\/site\/wp-content\/uploads\/2021\/11\/249196520_579173216529316_2399768707435351660_n.jpg 1599w\" sizes=\"auto, (max-width: 300px) 100vw, 300px\" \/> <img loading=\"lazy\" decoding=\"async\" class=\"alignnone wp-image-50604\" src=\"https:\/\/www.levriers-du-sud.org\/site\/wp-content\/uploads\/2021\/11\/249963235_588482182499608_7216826234922107124_n-300x223.jpg\" alt=\"\" width=\"265\" height=\"197\" srcset=\"https:\/\/www.levriers-du-sud.org\/site\/wp-content\/uploads\/2021\/11\/249963235_588482182499608_7216826234922107124_n-300x223.jpg 300w, https:\/\/www.levriers-du-sud.org\/site\/wp-content\/uploads\/2021\/11\/249963235_588482182499608_7216826234922107124_n-1024x760.jpg 1024w, https:\/\/www.levriers-du-sud.org\/site\/wp-content\/uploads\/2021\/11\/249963235_588482182499608_7216826234922107124_n-768x570.jpg 768w, https:\/\/www.levriers-du-sud.org\/site\/wp-content\/uploads\/2021\/11\/249963235_588482182499608_7216826234922107124_n-1536x1140.jpg 1536w, https:\/\/www.levriers-du-sud.org\/site\/wp-content\/uploads\/2021\/11\/249963235_588482182499608_7216826234922107124_n.jpg 1600w\" sizes=\"auto, (max-width: 265px) 100vw, 265px\" \/><\/p>\n","protected":false},"excerpt":{"rendered":"<p>Type : podenco Sexe : femelle Age : 11\/2019 Sant\u00e9 : st\u00e9rilis\u00e9e, n\u00e9gative aux 3mm Situation: en pension \u00e0 notre charge Commentaire : Nous avons r\u00e9pondu \u00e0 un sos pour des chiens sur Badajoz abandonn\u00e9 sur un terrain suite au d\u00e9c\u00e8s de leur maitre. Carla est une podenca de 10kg, elle a du faire des [&hellip;]<\/p>\n","protected":false},"author":1,"featured_media":0,"comment_status":"open","ping_status":"open","sticky":false,"template":"","format":"standard","meta":{"footnotes":""},"categories":[13,24,20],"tags":[],"class_list":["post-50600","post","type-post","status-publish","format-standard","hentry","category-ok-chiens","category-parrainages","category-podencos-adoptes"],"aioseo_notices":[],"_links":{"self":[{"href":"https:\/\/www.levriers-du-sud.org\/site\/wp-json\/wp\/v2\/posts\/50600","targetHints":{"allow":["GET"]}}],"collection":[{"href":"https:\/\/www.levriers-du-sud.org\/site\/wp-json\/wp\/v2\/posts"}],"about":[{"href":"https:\/\/www.levriers-du-sud.org\/site\/wp-json\/wp\/v2\/types\/post"}],"author":[{"embeddable":true,"href":"https:\/\/www.levriers-du-sud.org\/site\/wp-json\/wp\/v2\/users\/1"}],"replies":[{"embeddable":true,"href":"https:\/\/www.levriers-du-sud.org\/site\/wp-json\/wp\/v2\/comments?post=50600"}],"version-history":[{"count":5,"href":"https:\/\/www.levriers-du-sud.org\/site\/wp-json\/wp\/v2\/posts\/50600\/revisions"}],"predecessor-version":[{"id":51185,"href":"https:\/\/www.levriers-du-sud.org\/site\/wp-json\/wp\/v2\/posts\/50600\/revisions\/51185"}],"wp:attachment":[{"href":"https:\/\/www.levriers-du-sud.org\/site\/wp-json\/wp\/v2\/media?parent=50600"}],"wp:term":[{"taxonomy":"category","embeddable":true,"href":"https:\/\/www.levriers-du-sud.org\/site\/wp-json\/wp\/v2\/categories?post=50600"},{"taxonomy":"post_tag","embeddable":true,"href":"https:\/\/www.levriers-du-sud.org\/site\/wp-json\/wp\/v2\/tags?post=50600"}],"curies":[{"name":"wp","href":"https:\/\/api.w.org\/{rel}","templated":true}]}}