{"id":50794,"date":"2021-11-29T16:06:29","date_gmt":"2021-11-29T15:06:29","guid":{"rendered":"https:\/\/www.levriers-du-sud.org\/site\/?p=50794"},"modified":"2021-12-10T17:36:57","modified_gmt":"2021-12-10T16:36:57","slug":"thor","status":"publish","type":"post","link":"https:\/\/www.levriers-du-sud.org\/site\/29\/11\/2021\/thor\/","title":{"rendered":"Thor&#8230;adopt\u00e9"},"content":{"rendered":"<p><strong>Type :<\/strong> mastin<br \/>\n<strong>Sexe :<\/strong> male<br \/>\n<strong>Age : <\/strong>9\/2021<br \/>\n<strong>Sant\u00e9 : <\/strong>primo vaccins<strong><br \/>\nSituation: <\/strong>en refuge (magina animal)<strong><br \/>\n<\/strong><\/p>\n<p><strong>Commentaire :<br \/>\n<\/strong>Thor a \u00e9t\u00e9 trouv\u00e9 avec son frere alors qu&rsquo;ils avaient \u00e9t\u00e9 jet\u00e9s dans un container quand ils avaient une dizaine de jours&#8230;. Consuelo les a \u00e9lev\u00e9 au biberon et a pri\u00e9 pour qu&rsquo;ils survivent. Ils ont maintenant assez grandi pour qu&rsquo;elle puisse les mettre \u00e0 l&rsquo;adoption. Ils pourront voyager \u00e0 partir du 10 janvier. Actuellement 38cm \u00e0 2 mois,\u00a0 ce sera de grands nounours<\/p>\n<p><img loading=\"lazy\" decoding=\"async\" class=\"alignnone  wp-image-50799\" src=\"https:\/\/www.levriers-du-sud.org\/site\/wp-content\/uploads\/2021\/11\/20211117_133553-300x300.jpg\" alt=\"\" width=\"279\" height=\"279\" srcset=\"https:\/\/www.levriers-du-sud.org\/site\/wp-content\/uploads\/2021\/11\/20211117_133553-300x300.jpg 300w, https:\/\/www.levriers-du-sud.org\/site\/wp-content\/uploads\/2021\/11\/20211117_133553-1024x1024.jpg 1024w, https:\/\/www.levriers-du-sud.org\/site\/wp-content\/uploads\/2021\/11\/20211117_133553-150x150.jpg 150w, https:\/\/www.levriers-du-sud.org\/site\/wp-content\/uploads\/2021\/11\/20211117_133553-768x768.jpg 768w, https:\/\/www.levriers-du-sud.org\/site\/wp-content\/uploads\/2021\/11\/20211117_133553-1536x1536.jpg 1536w, https:\/\/www.levriers-du-sud.org\/site\/wp-content\/uploads\/2021\/11\/20211117_133553.jpg 1928w\" sizes=\"auto, (max-width: 279px) 100vw, 279px\" \/> <img loading=\"lazy\" decoding=\"async\" class=\"alignnone  wp-image-50800\" src=\"https:\/\/www.levriers-du-sud.org\/site\/wp-content\/uploads\/2021\/11\/20211117_133554-300x300.jpg\" alt=\"\" width=\"280\" height=\"280\" srcset=\"https:\/\/www.levriers-du-sud.org\/site\/wp-content\/uploads\/2021\/11\/20211117_133554-300x300.jpg 300w, https:\/\/www.levriers-du-sud.org\/site\/wp-content\/uploads\/2021\/11\/20211117_133554-1024x1024.jpg 1024w, https:\/\/www.levriers-du-sud.org\/site\/wp-content\/uploads\/2021\/11\/20211117_133554-150x150.jpg 150w, https:\/\/www.levriers-du-sud.org\/site\/wp-content\/uploads\/2021\/11\/20211117_133554-768x768.jpg 768w, https:\/\/www.levriers-du-sud.org\/site\/wp-content\/uploads\/2021\/11\/20211117_133554-1536x1536.jpg 1536w, https:\/\/www.levriers-du-sud.org\/site\/wp-content\/uploads\/2021\/11\/20211117_133554.jpg 1782w\" sizes=\"auto, (max-width: 280px) 100vw, 280px\" \/><!--more--><\/p>\n<p><img loading=\"lazy\" decoding=\"async\" class=\"alignnone  wp-image-50796\" src=\"https:\/\/www.levriers-du-sud.org\/site\/wp-content\/uploads\/2021\/11\/20211117_133443-300x300.jpg\" alt=\"\" width=\"280\" height=\"280\" srcset=\"https:\/\/www.levriers-du-sud.org\/site\/wp-content\/uploads\/2021\/11\/20211117_133443-300x300.jpg 300w, https:\/\/www.levriers-du-sud.org\/site\/wp-content\/uploads\/2021\/11\/20211117_133443-1024x1024.jpg 1024w, https:\/\/www.levriers-du-sud.org\/site\/wp-content\/uploads\/2021\/11\/20211117_133443-150x150.jpg 150w, https:\/\/www.levriers-du-sud.org\/site\/wp-content\/uploads\/2021\/11\/20211117_133443-768x768.jpg 768w, https:\/\/www.levriers-du-sud.org\/site\/wp-content\/uploads\/2021\/11\/20211117_133443-1536x1536.jpg 1536w, https:\/\/www.levriers-du-sud.org\/site\/wp-content\/uploads\/2021\/11\/20211117_133443.jpg 1735w\" sizes=\"auto, (max-width: 280px) 100vw, 280px\" \/> <img loading=\"lazy\" decoding=\"async\" class=\"alignnone  wp-image-50797\" src=\"https:\/\/www.levriers-du-sud.org\/site\/wp-content\/uploads\/2021\/11\/20211117_133504-300x300.jpg\" alt=\"\" width=\"279\" height=\"279\" srcset=\"https:\/\/www.levriers-du-sud.org\/site\/wp-content\/uploads\/2021\/11\/20211117_133504-300x300.jpg 300w, https:\/\/www.levriers-du-sud.org\/site\/wp-content\/uploads\/2021\/11\/20211117_133504-1024x1024.jpg 1024w, https:\/\/www.levriers-du-sud.org\/site\/wp-content\/uploads\/2021\/11\/20211117_133504-150x150.jpg 150w, https:\/\/www.levriers-du-sud.org\/site\/wp-content\/uploads\/2021\/11\/20211117_133504-768x768.jpg 768w, https:\/\/www.levriers-du-sud.org\/site\/wp-content\/uploads\/2021\/11\/20211117_133504.jpg 1199w\" sizes=\"auto, (max-width: 279px) 100vw, 279px\" \/><\/p>\n<p><img loading=\"lazy\" decoding=\"async\" class=\"alignnone  wp-image-50798\" src=\"https:\/\/www.levriers-du-sud.org\/site\/wp-content\/uploads\/2021\/11\/20211117_133550-300x300.jpg\" alt=\"\" width=\"280\" height=\"280\" srcset=\"https:\/\/www.levriers-du-sud.org\/site\/wp-content\/uploads\/2021\/11\/20211117_133550-300x300.jpg 300w, https:\/\/www.levriers-du-sud.org\/site\/wp-content\/uploads\/2021\/11\/20211117_133550-1024x1024.jpg 1024w, https:\/\/www.levriers-du-sud.org\/site\/wp-content\/uploads\/2021\/11\/20211117_133550-150x150.jpg 150w, https:\/\/www.levriers-du-sud.org\/site\/wp-content\/uploads\/2021\/11\/20211117_133550-768x768.jpg 768w, https:\/\/www.levriers-du-sud.org\/site\/wp-content\/uploads\/2021\/11\/20211117_133550-1536x1536.jpg 1536w, https:\/\/www.levriers-du-sud.org\/site\/wp-content\/uploads\/2021\/11\/20211117_133550.jpg 1822w\" sizes=\"auto, (max-width: 280px) 100vw, 280px\" \/> <img loading=\"lazy\" decoding=\"async\" class=\"alignnone  wp-image-50799\" src=\"https:\/\/www.levriers-du-sud.org\/site\/wp-content\/uploads\/2021\/11\/20211117_133553-300x300.jpg\" alt=\"\" width=\"281\" height=\"281\" srcset=\"https:\/\/www.levriers-du-sud.org\/site\/wp-content\/uploads\/2021\/11\/20211117_133553-300x300.jpg 300w, https:\/\/www.levriers-du-sud.org\/site\/wp-content\/uploads\/2021\/11\/20211117_133553-1024x1024.jpg 1024w, https:\/\/www.levriers-du-sud.org\/site\/wp-content\/uploads\/2021\/11\/20211117_133553-150x150.jpg 150w, https:\/\/www.levriers-du-sud.org\/site\/wp-content\/uploads\/2021\/11\/20211117_133553-768x768.jpg 768w, https:\/\/www.levriers-du-sud.org\/site\/wp-content\/uploads\/2021\/11\/20211117_133553-1536x1536.jpg 1536w, https:\/\/www.levriers-du-sud.org\/site\/wp-content\/uploads\/2021\/11\/20211117_133553.jpg 1928w\" sizes=\"auto, (max-width: 281px) 100vw, 281px\" \/><\/p>\n<p>&nbsp;<\/p>\n","protected":false},"excerpt":{"rendered":"<p>Type : mastin Sexe : male Age : 9\/2021 Sant\u00e9 : primo vaccins Situation: en refuge (magina animal) Commentaire : Thor a \u00e9t\u00e9 trouv\u00e9 avec son frere alors qu&rsquo;ils avaient \u00e9t\u00e9 jet\u00e9s dans un container quand ils avaient une dizaine de jours&#8230;. Consuelo les a \u00e9lev\u00e9 au biberon et a pri\u00e9 pour qu&rsquo;ils survivent. Ils [&hellip;]<\/p>\n","protected":false},"author":1,"featured_media":0,"comment_status":"open","ping_status":"open","sticky":false,"template":"","format":"standard","meta":{"footnotes":""},"categories":[21,13,24,4],"tags":[],"class_list":["post-50794","post","type-post","status-publish","format-standard","hentry","category-chiots-adoptes","category-ok-chiens","category-parrainages","category-urgences"],"aioseo_notices":[],"_links":{"self":[{"href":"https:\/\/www.levriers-du-sud.org\/site\/wp-json\/wp\/v2\/posts\/50794","targetHints":{"allow":["GET"]}}],"collection":[{"href":"https:\/\/www.levriers-du-sud.org\/site\/wp-json\/wp\/v2\/posts"}],"about":[{"href":"https:\/\/www.levriers-du-sud.org\/site\/wp-json\/wp\/v2\/types\/post"}],"author":[{"embeddable":true,"href":"https:\/\/www.levriers-du-sud.org\/site\/wp-json\/wp\/v2\/users\/1"}],"replies":[{"embeddable":true,"href":"https:\/\/www.levriers-du-sud.org\/site\/wp-json\/wp\/v2\/comments?post=50794"}],"version-history":[{"count":2,"href":"https:\/\/www.levriers-du-sud.org\/site\/wp-json\/wp\/v2\/posts\/50794\/revisions"}],"predecessor-version":[{"id":50962,"href":"https:\/\/www.levriers-du-sud.org\/site\/wp-json\/wp\/v2\/posts\/50794\/revisions\/50962"}],"wp:attachment":[{"href":"https:\/\/www.levriers-du-sud.org\/site\/wp-json\/wp\/v2\/media?parent=50794"}],"wp:term":[{"taxonomy":"category","embeddable":true,"href":"https:\/\/www.levriers-du-sud.org\/site\/wp-json\/wp\/v2\/categories?post=50794"},{"taxonomy":"post_tag","embeddable":true,"href":"https:\/\/www.levriers-du-sud.org\/site\/wp-json\/wp\/v2\/tags?post=50794"}],"curies":[{"name":"wp","href":"https:\/\/api.w.org\/{rel}","templated":true}]}}