{"id":50802,"date":"2021-11-29T16:12:16","date_gmt":"2021-11-29T15:12:16","guid":{"rendered":"https:\/\/www.levriers-du-sud.org\/site\/?p=50802"},"modified":"2021-12-10T17:36:43","modified_gmt":"2021-12-10T16:36:43","slug":"volti","status":"publish","type":"post","link":"https:\/\/www.levriers-du-sud.org\/site\/29\/11\/2021\/volti\/","title":{"rendered":"Volti&#8230;adopt\u00e9"},"content":{"rendered":"<p><strong>Type :<\/strong> mastin<br \/>\n<strong>Sexe :<\/strong> male<br \/>\n<strong>Age : <\/strong>9\/2021<br \/>\n<strong>Sant\u00e9 : <\/strong>primo vaccins<strong><br \/>\nSituation: <\/strong>en refuge (magina animal)<strong><br \/>\n<\/strong><\/p>\n<p><strong>Commentaire :<br \/>\n<\/strong>Volti a \u00e9t\u00e9 trouv\u00e9 avec son frere alors qu&rsquo;ils avaient \u00e9t\u00e9 jet\u00e9s dans un container quand ils avaient une dizaine de jours&#8230;. Consuelo les a \u00e9lev\u00e9 au biberon et a pri\u00e9 pour qu&rsquo;ils survivent. Ils ont maintenant assez grandi pour qu&rsquo;elle puisse les mettre \u00e0 l&rsquo;adoption. Ils pourront voyager \u00e0 partir du 10 janvier. Actuellement 39cm \u00e0 2 mois,\u00a0 ce sera de grands nounours<\/p>\n<p><img loading=\"lazy\" decoding=\"async\" class=\"alignnone  wp-image-50809\" src=\"https:\/\/www.levriers-du-sud.org\/site\/wp-content\/uploads\/2021\/11\/20211117_133535-300x300.jpg\" alt=\"\" width=\"280\" height=\"280\" srcset=\"https:\/\/www.levriers-du-sud.org\/site\/wp-content\/uploads\/2021\/11\/20211117_133535-300x300.jpg 300w, https:\/\/www.levriers-du-sud.org\/site\/wp-content\/uploads\/2021\/11\/20211117_133535-1024x1024.jpg 1024w, https:\/\/www.levriers-du-sud.org\/site\/wp-content\/uploads\/2021\/11\/20211117_133535-150x150.jpg 150w, https:\/\/www.levriers-du-sud.org\/site\/wp-content\/uploads\/2021\/11\/20211117_133535-768x768.jpg 768w, https:\/\/www.levriers-du-sud.org\/site\/wp-content\/uploads\/2021\/11\/20211117_133535.jpg 1111w\" sizes=\"auto, (max-width: 280px) 100vw, 280px\" \/>\u00a0<img loading=\"lazy\" decoding=\"async\" class=\"alignnone  wp-image-50806\" src=\"https:\/\/www.levriers-du-sud.org\/site\/wp-content\/uploads\/2021\/11\/20211117_133446-300x300.jpg\" alt=\"\" width=\"278\" height=\"278\" srcset=\"https:\/\/www.levriers-du-sud.org\/site\/wp-content\/uploads\/2021\/11\/20211117_133446-300x300.jpg 300w, https:\/\/www.levriers-du-sud.org\/site\/wp-content\/uploads\/2021\/11\/20211117_133446-1024x1024.jpg 1024w, https:\/\/www.levriers-du-sud.org\/site\/wp-content\/uploads\/2021\/11\/20211117_133446-150x150.jpg 150w, https:\/\/www.levriers-du-sud.org\/site\/wp-content\/uploads\/2021\/11\/20211117_133446-768x768.jpg 768w, https:\/\/www.levriers-du-sud.org\/site\/wp-content\/uploads\/2021\/11\/20211117_133446.jpg 1498w\" sizes=\"auto, (max-width: 278px) 100vw, 278px\" \/><\/p>\n<p><!--more--><img loading=\"lazy\" decoding=\"async\" class=\"alignnone  wp-image-50803\" src=\"https:\/\/www.levriers-du-sud.org\/site\/wp-content\/uploads\/2021\/11\/20211117_133024-300x300.jpg\" alt=\"\" width=\"281\" height=\"281\" srcset=\"https:\/\/www.levriers-du-sud.org\/site\/wp-content\/uploads\/2021\/11\/20211117_133024-300x300.jpg 300w, https:\/\/www.levriers-du-sud.org\/site\/wp-content\/uploads\/2021\/11\/20211117_133024-1024x1024.jpg 1024w, https:\/\/www.levriers-du-sud.org\/site\/wp-content\/uploads\/2021\/11\/20211117_133024-150x150.jpg 150w, https:\/\/www.levriers-du-sud.org\/site\/wp-content\/uploads\/2021\/11\/20211117_133024-768x768.jpg 768w, https:\/\/www.levriers-du-sud.org\/site\/wp-content\/uploads\/2021\/11\/20211117_133024-1536x1536.jpg 1536w, https:\/\/www.levriers-du-sud.org\/site\/wp-content\/uploads\/2021\/11\/20211117_133024-2048x2048.jpg 2048w\" sizes=\"auto, (max-width: 281px) 100vw, 281px\" \/> <img loading=\"lazy\" decoding=\"async\" class=\"alignnone  wp-image-50804\" src=\"https:\/\/www.levriers-du-sud.org\/site\/wp-content\/uploads\/2021\/11\/20211117_133046-300x300.jpg\" alt=\"\" width=\"279\" height=\"279\" srcset=\"https:\/\/www.levriers-du-sud.org\/site\/wp-content\/uploads\/2021\/11\/20211117_133046-300x300.jpg 300w, https:\/\/www.levriers-du-sud.org\/site\/wp-content\/uploads\/2021\/11\/20211117_133046-1024x1024.jpg 1024w, https:\/\/www.levriers-du-sud.org\/site\/wp-content\/uploads\/2021\/11\/20211117_133046-150x150.jpg 150w, https:\/\/www.levriers-du-sud.org\/site\/wp-content\/uploads\/2021\/11\/20211117_133046-768x768.jpg 768w, https:\/\/www.levriers-du-sud.org\/site\/wp-content\/uploads\/2021\/11\/20211117_133046.jpg 1525w\" sizes=\"auto, (max-width: 279px) 100vw, 279px\" \/><\/p>\n<p><img loading=\"lazy\" decoding=\"async\" class=\"alignnone  wp-image-50805\" src=\"https:\/\/www.levriers-du-sud.org\/site\/wp-content\/uploads\/2021\/11\/20211117_1334460-300x300.jpg\" alt=\"\" width=\"279\" height=\"279\" srcset=\"https:\/\/www.levriers-du-sud.org\/site\/wp-content\/uploads\/2021\/11\/20211117_1334460-300x300.jpg 300w, https:\/\/www.levriers-du-sud.org\/site\/wp-content\/uploads\/2021\/11\/20211117_1334460-1024x1024.jpg 1024w, https:\/\/www.levriers-du-sud.org\/site\/wp-content\/uploads\/2021\/11\/20211117_1334460-150x150.jpg 150w, https:\/\/www.levriers-du-sud.org\/site\/wp-content\/uploads\/2021\/11\/20211117_1334460-768x768.jpg 768w, https:\/\/www.levriers-du-sud.org\/site\/wp-content\/uploads\/2021\/11\/20211117_1334460.jpg 1513w\" sizes=\"auto, (max-width: 279px) 100vw, 279px\" \/> <img loading=\"lazy\" decoding=\"async\" class=\"alignnone  wp-image-50806\" src=\"https:\/\/www.levriers-du-sud.org\/site\/wp-content\/uploads\/2021\/11\/20211117_133446-300x300.jpg\" alt=\"\" width=\"279\" height=\"279\" srcset=\"https:\/\/www.levriers-du-sud.org\/site\/wp-content\/uploads\/2021\/11\/20211117_133446-300x300.jpg 300w, https:\/\/www.levriers-du-sud.org\/site\/wp-content\/uploads\/2021\/11\/20211117_133446-1024x1024.jpg 1024w, https:\/\/www.levriers-du-sud.org\/site\/wp-content\/uploads\/2021\/11\/20211117_133446-150x150.jpg 150w, https:\/\/www.levriers-du-sud.org\/site\/wp-content\/uploads\/2021\/11\/20211117_133446-768x768.jpg 768w, https:\/\/www.levriers-du-sud.org\/site\/wp-content\/uploads\/2021\/11\/20211117_133446.jpg 1498w\" sizes=\"auto, (max-width: 279px) 100vw, 279px\" \/><\/p>\n<p><img loading=\"lazy\" decoding=\"async\" class=\"alignnone  wp-image-50808\" src=\"https:\/\/www.levriers-du-sud.org\/site\/wp-content\/uploads\/2021\/11\/20211117_133449-300x300.jpg\" alt=\"\" width=\"278\" height=\"278\" srcset=\"https:\/\/www.levriers-du-sud.org\/site\/wp-content\/uploads\/2021\/11\/20211117_133449-300x300.jpg 300w, https:\/\/www.levriers-du-sud.org\/site\/wp-content\/uploads\/2021\/11\/20211117_133449-1024x1024.jpg 1024w, https:\/\/www.levriers-du-sud.org\/site\/wp-content\/uploads\/2021\/11\/20211117_133449-150x150.jpg 150w, https:\/\/www.levriers-du-sud.org\/site\/wp-content\/uploads\/2021\/11\/20211117_133449-768x768.jpg 768w, https:\/\/www.levriers-du-sud.org\/site\/wp-content\/uploads\/2021\/11\/20211117_133449.jpg 1504w\" sizes=\"auto, (max-width: 278px) 100vw, 278px\" \/><\/p>\n","protected":false},"excerpt":{"rendered":"<p>Type : mastin Sexe : male Age : 9\/2021 Sant\u00e9 : primo vaccins Situation: en refuge (magina animal) Commentaire : Volti a \u00e9t\u00e9 trouv\u00e9 avec son frere alors qu&rsquo;ils avaient \u00e9t\u00e9 jet\u00e9s dans un container quand ils avaient une dizaine de jours&#8230;. Consuelo les a \u00e9lev\u00e9 au biberon et a pri\u00e9 pour qu&rsquo;ils survivent. Ils [&hellip;]<\/p>\n","protected":false},"author":1,"featured_media":0,"comment_status":"open","ping_status":"open","sticky":false,"template":"","format":"standard","meta":{"footnotes":""},"categories":[21,13,4],"tags":[],"class_list":["post-50802","post","type-post","status-publish","format-standard","hentry","category-chiots-adoptes","category-ok-chiens","category-urgences"],"aioseo_notices":[],"_links":{"self":[{"href":"https:\/\/www.levriers-du-sud.org\/site\/wp-json\/wp\/v2\/posts\/50802","targetHints":{"allow":["GET"]}}],"collection":[{"href":"https:\/\/www.levriers-du-sud.org\/site\/wp-json\/wp\/v2\/posts"}],"about":[{"href":"https:\/\/www.levriers-du-sud.org\/site\/wp-json\/wp\/v2\/types\/post"}],"author":[{"embeddable":true,"href":"https:\/\/www.levriers-du-sud.org\/site\/wp-json\/wp\/v2\/users\/1"}],"replies":[{"embeddable":true,"href":"https:\/\/www.levriers-du-sud.org\/site\/wp-json\/wp\/v2\/comments?post=50802"}],"version-history":[{"count":2,"href":"https:\/\/www.levriers-du-sud.org\/site\/wp-json\/wp\/v2\/posts\/50802\/revisions"}],"predecessor-version":[{"id":50961,"href":"https:\/\/www.levriers-du-sud.org\/site\/wp-json\/wp\/v2\/posts\/50802\/revisions\/50961"}],"wp:attachment":[{"href":"https:\/\/www.levriers-du-sud.org\/site\/wp-json\/wp\/v2\/media?parent=50802"}],"wp:term":[{"taxonomy":"category","embeddable":true,"href":"https:\/\/www.levriers-du-sud.org\/site\/wp-json\/wp\/v2\/categories?post=50802"},{"taxonomy":"post_tag","embeddable":true,"href":"https:\/\/www.levriers-du-sud.org\/site\/wp-json\/wp\/v2\/tags?post=50802"}],"curies":[{"name":"wp","href":"https:\/\/api.w.org\/{rel}","templated":true}]}}