{"id":51962,"date":"2022-04-18T16:50:23","date_gmt":"2022-04-18T14:50:23","guid":{"rendered":"https:\/\/www.levriers-du-sud.org\/site\/?p=51962"},"modified":"2022-08-17T17:16:33","modified_gmt":"2022-08-17T15:16:33","slug":"valentina-2","status":"publish","type":"post","link":"https:\/\/www.levriers-du-sud.org\/site\/18\/04\/2022\/valentina-2\/","title":{"rendered":"Valentina&#8230;adoptee"},"content":{"rendered":"<p><strong>Type :<\/strong> bodeguero crois\u00e9e podenco<br \/>\n<strong>Sexe :<\/strong> femelle<br \/>\n<strong>Age : <\/strong>01\/2021<br \/>\n<strong>Sant\u00e9 :<\/strong> negative aux 3MM, st\u00e9rilis\u00e9e, 40cm 9 kgs<strong><br \/>\nSituation: <\/strong>en refuge (Magina Animal)<strong><br \/>\n<\/strong><\/p>\n<p><strong>Commentaire :<br \/>\n<\/strong>Valentina a \u00e9t\u00e9 trouv\u00e9e dans un champ par Consuelo, affam\u00e9e. Elle est au refuge de Consuelo et elle va bien. C&rsquo;est une jeune chienne bien dans ses pattes et qui s&rsquo;entend bien avec tous les autres chiens. Elle est anoure (sans queue de naissance comme beaucoup de bodeguero)<\/p>\n<p><img loading=\"lazy\" decoding=\"async\" class=\"alignnone  wp-image-51963\" src=\"https:\/\/www.levriers-du-sud.org\/site\/wp-content\/uploads\/2022\/04\/20220413_122808-300x300.jpg\" alt=\"\" width=\"280\" height=\"280\" srcset=\"https:\/\/www.levriers-du-sud.org\/site\/wp-content\/uploads\/2022\/04\/20220413_122808-300x300.jpg 300w, https:\/\/www.levriers-du-sud.org\/site\/wp-content\/uploads\/2022\/04\/20220413_122808-1024x1024.jpg 1024w, https:\/\/www.levriers-du-sud.org\/site\/wp-content\/uploads\/2022\/04\/20220413_122808-150x150.jpg 150w, https:\/\/www.levriers-du-sud.org\/site\/wp-content\/uploads\/2022\/04\/20220413_122808-768x768.jpg 768w, https:\/\/www.levriers-du-sud.org\/site\/wp-content\/uploads\/2022\/04\/20220413_122808.jpg 1526w\" sizes=\"auto, (max-width: 280px) 100vw, 280px\" \/> <img loading=\"lazy\" decoding=\"async\" class=\"alignnone  wp-image-51964\" src=\"https:\/\/www.levriers-du-sud.org\/site\/wp-content\/uploads\/2022\/04\/20220413_122809-300x300.jpg\" alt=\"\" width=\"279\" height=\"279\" srcset=\"https:\/\/www.levriers-du-sud.org\/site\/wp-content\/uploads\/2022\/04\/20220413_122809-300x300.jpg 300w, https:\/\/www.levriers-du-sud.org\/site\/wp-content\/uploads\/2022\/04\/20220413_122809-1024x1024.jpg 1024w, https:\/\/www.levriers-du-sud.org\/site\/wp-content\/uploads\/2022\/04\/20220413_122809-150x150.jpg 150w, https:\/\/www.levriers-du-sud.org\/site\/wp-content\/uploads\/2022\/04\/20220413_122809-768x768.jpg 768w, https:\/\/www.levriers-du-sud.org\/site\/wp-content\/uploads\/2022\/04\/20220413_122809.jpg 1378w\" sizes=\"auto, (max-width: 279px) 100vw, 279px\" \/><!--more--><\/p>\n<p><img loading=\"lazy\" decoding=\"async\" class=\"alignnone  wp-image-51965\" src=\"https:\/\/www.levriers-du-sud.org\/site\/wp-content\/uploads\/2022\/04\/20220413_122901-300x300.jpg\" alt=\"\" width=\"280\" height=\"280\" srcset=\"https:\/\/www.levriers-du-sud.org\/site\/wp-content\/uploads\/2022\/04\/20220413_122901-300x300.jpg 300w, https:\/\/www.levriers-du-sud.org\/site\/wp-content\/uploads\/2022\/04\/20220413_122901-150x150.jpg 150w, https:\/\/www.levriers-du-sud.org\/site\/wp-content\/uploads\/2022\/04\/20220413_122901.jpg 522w\" sizes=\"auto, (max-width: 280px) 100vw, 280px\" \/> <img loading=\"lazy\" decoding=\"async\" class=\"alignnone  wp-image-51966\" src=\"https:\/\/www.levriers-du-sud.org\/site\/wp-content\/uploads\/2022\/04\/20220413_123033-300x300.jpg\" alt=\"\" width=\"281\" height=\"281\" srcset=\"https:\/\/www.levriers-du-sud.org\/site\/wp-content\/uploads\/2022\/04\/20220413_123033-300x300.jpg 300w, https:\/\/www.levriers-du-sud.org\/site\/wp-content\/uploads\/2022\/04\/20220413_123033-1024x1024.jpg 1024w, https:\/\/www.levriers-du-sud.org\/site\/wp-content\/uploads\/2022\/04\/20220413_123033-150x150.jpg 150w, https:\/\/www.levriers-du-sud.org\/site\/wp-content\/uploads\/2022\/04\/20220413_123033-768x768.jpg 768w, https:\/\/www.levriers-du-sud.org\/site\/wp-content\/uploads\/2022\/04\/20220413_123033-1536x1536.jpg 1536w, https:\/\/www.levriers-du-sud.org\/site\/wp-content\/uploads\/2022\/04\/20220413_123033-2048x2048.jpg 2048w\" sizes=\"auto, (max-width: 281px) 100vw, 281px\" \/><\/p>\n<p><img loading=\"lazy\" decoding=\"async\" class=\"alignnone  wp-image-51967\" src=\"https:\/\/www.levriers-du-sud.org\/site\/wp-content\/uploads\/2022\/04\/20220413_123035-300x300.jpg\" alt=\"\" width=\"279\" height=\"279\" srcset=\"https:\/\/www.levriers-du-sud.org\/site\/wp-content\/uploads\/2022\/04\/20220413_123035-300x300.jpg 300w, https:\/\/www.levriers-du-sud.org\/site\/wp-content\/uploads\/2022\/04\/20220413_123035-1024x1024.jpg 1024w, https:\/\/www.levriers-du-sud.org\/site\/wp-content\/uploads\/2022\/04\/20220413_123035-150x150.jpg 150w, https:\/\/www.levriers-du-sud.org\/site\/wp-content\/uploads\/2022\/04\/20220413_123035-768x768.jpg 768w, https:\/\/www.levriers-du-sud.org\/site\/wp-content\/uploads\/2022\/04\/20220413_123035.jpg 1520w\" sizes=\"auto, (max-width: 279px) 100vw, 279px\" \/> <img loading=\"lazy\" decoding=\"async\" class=\"alignnone  wp-image-51968\" src=\"https:\/\/www.levriers-du-sud.org\/site\/wp-content\/uploads\/2022\/04\/20220413_123037-300x300.jpg\" alt=\"\" width=\"278\" height=\"278\" srcset=\"https:\/\/www.levriers-du-sud.org\/site\/wp-content\/uploads\/2022\/04\/20220413_123037-300x300.jpg 300w, https:\/\/www.levriers-du-sud.org\/site\/wp-content\/uploads\/2022\/04\/20220413_123037-1024x1024.jpg 1024w, https:\/\/www.levriers-du-sud.org\/site\/wp-content\/uploads\/2022\/04\/20220413_123037-150x150.jpg 150w, https:\/\/www.levriers-du-sud.org\/site\/wp-content\/uploads\/2022\/04\/20220413_123037-768x768.jpg 768w, https:\/\/www.levriers-du-sud.org\/site\/wp-content\/uploads\/2022\/04\/20220413_123037.jpg 1516w\" sizes=\"auto, (max-width: 278px) 100vw, 278px\" \/><\/p>\n<p><img loading=\"lazy\" decoding=\"async\" class=\"alignnone  wp-image-51969\" src=\"https:\/\/www.levriers-du-sud.org\/site\/wp-content\/uploads\/2022\/04\/20220413_123039-300x300.jpg\" alt=\"\" width=\"281\" height=\"281\" srcset=\"https:\/\/www.levriers-du-sud.org\/site\/wp-content\/uploads\/2022\/04\/20220413_123039-300x300.jpg 300w, https:\/\/www.levriers-du-sud.org\/site\/wp-content\/uploads\/2022\/04\/20220413_123039-1024x1024.jpg 1024w, https:\/\/www.levriers-du-sud.org\/site\/wp-content\/uploads\/2022\/04\/20220413_123039-150x150.jpg 150w, https:\/\/www.levriers-du-sud.org\/site\/wp-content\/uploads\/2022\/04\/20220413_123039-768x768.jpg 768w, https:\/\/www.levriers-du-sud.org\/site\/wp-content\/uploads\/2022\/04\/20220413_123039.jpg 1391w\" sizes=\"auto, (max-width: 281px) 100vw, 281px\" \/> <img loading=\"lazy\" decoding=\"async\" class=\"alignnone  wp-image-51970\" src=\"https:\/\/www.levriers-du-sud.org\/site\/wp-content\/uploads\/2022\/04\/20220413_123040-300x300.jpg\" alt=\"\" width=\"276\" height=\"276\" srcset=\"https:\/\/www.levriers-du-sud.org\/site\/wp-content\/uploads\/2022\/04\/20220413_123040-300x300.jpg 300w, https:\/\/www.levriers-du-sud.org\/site\/wp-content\/uploads\/2022\/04\/20220413_123040-1024x1024.jpg 1024w, https:\/\/www.levriers-du-sud.org\/site\/wp-content\/uploads\/2022\/04\/20220413_123040-150x150.jpg 150w, https:\/\/www.levriers-du-sud.org\/site\/wp-content\/uploads\/2022\/04\/20220413_123040-768x768.jpg 768w, https:\/\/www.levriers-du-sud.org\/site\/wp-content\/uploads\/2022\/04\/20220413_123040.jpg 1520w\" sizes=\"auto, (max-width: 276px) 100vw, 276px\" \/><\/p>\n","protected":false},"excerpt":{"rendered":"<p>Type : bodeguero crois\u00e9e podenco Sexe : femelle Age : 01\/2021 Sant\u00e9 : negative aux 3MM, st\u00e9rilis\u00e9e, 40cm 9 kgs Situation: en refuge (Magina Animal) Commentaire : Valentina a \u00e9t\u00e9 trouv\u00e9e dans un champ par Consuelo, affam\u00e9e. Elle est au refuge de Consuelo et elle va bien. C&rsquo;est une jeune chienne bien dans ses pattes [&hellip;]<\/p>\n","protected":false},"author":1,"featured_media":0,"comment_status":"open","ping_status":"open","sticky":false,"template":"","format":"standard","meta":{"footnotes":""},"categories":[27,13],"tags":[],"class_list":["post-51962","post","type-post","status-publish","format-standard","hentry","category-coup-de-pouce-adoptes","category-ok-chiens"],"aioseo_notices":[],"_links":{"self":[{"href":"https:\/\/www.levriers-du-sud.org\/site\/wp-json\/wp\/v2\/posts\/51962","targetHints":{"allow":["GET"]}}],"collection":[{"href":"https:\/\/www.levriers-du-sud.org\/site\/wp-json\/wp\/v2\/posts"}],"about":[{"href":"https:\/\/www.levriers-du-sud.org\/site\/wp-json\/wp\/v2\/types\/post"}],"author":[{"embeddable":true,"href":"https:\/\/www.levriers-du-sud.org\/site\/wp-json\/wp\/v2\/users\/1"}],"replies":[{"embeddable":true,"href":"https:\/\/www.levriers-du-sud.org\/site\/wp-json\/wp\/v2\/comments?post=51962"}],"version-history":[{"count":2,"href":"https:\/\/www.levriers-du-sud.org\/site\/wp-json\/wp\/v2\/posts\/51962\/revisions"}],"predecessor-version":[{"id":52554,"href":"https:\/\/www.levriers-du-sud.org\/site\/wp-json\/wp\/v2\/posts\/51962\/revisions\/52554"}],"wp:attachment":[{"href":"https:\/\/www.levriers-du-sud.org\/site\/wp-json\/wp\/v2\/media?parent=51962"}],"wp:term":[{"taxonomy":"category","embeddable":true,"href":"https:\/\/www.levriers-du-sud.org\/site\/wp-json\/wp\/v2\/categories?post=51962"},{"taxonomy":"post_tag","embeddable":true,"href":"https:\/\/www.levriers-du-sud.org\/site\/wp-json\/wp\/v2\/tags?post=51962"}],"curies":[{"name":"wp","href":"https:\/\/api.w.org\/{rel}","templated":true}]}}