{"id":54784,"date":"2023-07-22T11:48:49","date_gmt":"2023-07-22T09:48:49","guid":{"rendered":"https:\/\/www.levriers-du-sud.org\/site\/?p=54784"},"modified":"2023-12-03T18:01:28","modified_gmt":"2023-12-03T16:01:28","slug":"edu-senior","status":"publish","type":"post","link":"https:\/\/www.levriers-du-sud.org\/site\/22\/07\/2023\/edu-senior\/","title":{"rendered":"Edu&#8230;senior"},"content":{"rendered":"<p><strong>Type :<\/strong> galgo<br \/>\n<strong>Sexe :<\/strong> male<br \/>\n<strong>Age : <\/strong>07\/2016<br \/>\n<strong>Sant\u00e9 : <\/strong>sterilis\u00e9 , negatif aux 3MM<strong><br \/>\nSituation: <\/strong>en refuge (ACUNR)<strong><br \/>\n<\/strong><\/p>\n<p><strong>Commentaire :<br \/>\n<\/strong>Edu a \u00e9t\u00e9 abandonn\u00e9 au refuge \u00e0 cause de son age. C&rsquo; est un amour ; amical et affectueux. Il vient de d\u00e9couvrir ce que c&rsquo;est que de recevoir l&rsquo;affection des gens et la petite libert\u00e9 que lui donne sa nouvelle vie au refuge et le pauvre est heureux. Il entretient de tr\u00e8s bonnes relations avec les autres chiens.<br \/>\nEdu est venu chez nous dans un \u00e9tat d&rsquo;abandon total apr\u00e8s avoir v\u00e9cu attach\u00e9 \u00e0 une cha\u00eene.Sur une de ses jambes, il a une cicatrice d&rsquo;une blessure qui s&rsquo;est referm\u00e9e d&rsquo;elle-m\u00eame, mais cette jambe le d\u00e9range de temps en temps, il a donc besoin d&rsquo;une maison urgente o\u00f9 il peut se reposer.<\/p>\n<p><img loading=\"lazy\" decoding=\"async\" class=\"alignnone  wp-image-54791\" src=\"https:\/\/www.levriers-du-sud.org\/site\/wp-content\/uploads\/2023\/07\/edu-300x252.jpg\" alt=\"\" width=\"280\" height=\"235\" srcset=\"https:\/\/www.levriers-du-sud.org\/site\/wp-content\/uploads\/2023\/07\/edu-300x252.jpg 300w, https:\/\/www.levriers-du-sud.org\/site\/wp-content\/uploads\/2023\/07\/edu-1024x860.jpg 1024w, https:\/\/www.levriers-du-sud.org\/site\/wp-content\/uploads\/2023\/07\/edu-768x645.jpg 768w, https:\/\/www.levriers-du-sud.org\/site\/wp-content\/uploads\/2023\/07\/edu-1536x1290.jpg 1536w, https:\/\/www.levriers-du-sud.org\/site\/wp-content\/uploads\/2023\/07\/edu.jpg 2048w\" sizes=\"auto, (max-width: 280px) 100vw, 280px\" \/>\u00a0<img loading=\"lazy\" decoding=\"async\" class=\"alignnone  wp-image-54790\" src=\"https:\/\/www.levriers-du-sud.org\/site\/wp-content\/uploads\/2023\/07\/edu1-300x223.jpg\" alt=\"\" width=\"280\" height=\"208\" srcset=\"https:\/\/www.levriers-du-sud.org\/site\/wp-content\/uploads\/2023\/07\/edu1-300x223.jpg 300w, https:\/\/www.levriers-du-sud.org\/site\/wp-content\/uploads\/2023\/07\/edu1-1024x761.jpg 1024w, https:\/\/www.levriers-du-sud.org\/site\/wp-content\/uploads\/2023\/07\/edu1-768x570.jpg 768w, https:\/\/www.levriers-du-sud.org\/site\/wp-content\/uploads\/2023\/07\/edu1-1536x1141.jpg 1536w, https:\/\/www.levriers-du-sud.org\/site\/wp-content\/uploads\/2023\/07\/edu1.jpg 2048w\" sizes=\"auto, (max-width: 280px) 100vw, 280px\" \/><\/p>\n<p><!--more--><\/p>\n<p><img loading=\"lazy\" decoding=\"async\" class=\"alignnone  wp-image-54788\" src=\"https:\/\/www.levriers-du-sud.org\/site\/wp-content\/uploads\/2023\/07\/edu3-300x206.jpg\" alt=\"\" width=\"278\" height=\"191\" srcset=\"https:\/\/www.levriers-du-sud.org\/site\/wp-content\/uploads\/2023\/07\/edu3-300x206.jpg 300w, https:\/\/www.levriers-du-sud.org\/site\/wp-content\/uploads\/2023\/07\/edu3-1024x703.jpg 1024w, https:\/\/www.levriers-du-sud.org\/site\/wp-content\/uploads\/2023\/07\/edu3-768x527.jpg 768w, https:\/\/www.levriers-du-sud.org\/site\/wp-content\/uploads\/2023\/07\/edu3-1536x1055.jpg 1536w, https:\/\/www.levriers-du-sud.org\/site\/wp-content\/uploads\/2023\/07\/edu3.jpg 2048w\" sizes=\"auto, (max-width: 278px) 100vw, 278px\" \/> <img loading=\"lazy\" decoding=\"async\" class=\"alignnone  wp-image-54789\" src=\"https:\/\/www.levriers-du-sud.org\/site\/wp-content\/uploads\/2023\/07\/edu2-300x210.jpg\" alt=\"\" width=\"276\" height=\"193\" srcset=\"https:\/\/www.levriers-du-sud.org\/site\/wp-content\/uploads\/2023\/07\/edu2-300x210.jpg 300w, https:\/\/www.levriers-du-sud.org\/site\/wp-content\/uploads\/2023\/07\/edu2-1024x718.jpg 1024w, https:\/\/www.levriers-du-sud.org\/site\/wp-content\/uploads\/2023\/07\/edu2-768x539.jpg 768w, https:\/\/www.levriers-du-sud.org\/site\/wp-content\/uploads\/2023\/07\/edu2-1536x1077.jpg 1536w, https:\/\/www.levriers-du-sud.org\/site\/wp-content\/uploads\/2023\/07\/edu2.jpg 2048w\" sizes=\"auto, (max-width: 276px) 100vw, 276px\" \/><\/p>\n<p><img loading=\"lazy\" decoding=\"async\" class=\"alignnone  wp-image-54785\" src=\"https:\/\/www.levriers-du-sud.org\/site\/wp-content\/uploads\/2023\/07\/edu6-300x293.jpg\" alt=\"\" width=\"280\" height=\"273\" srcset=\"https:\/\/www.levriers-du-sud.org\/site\/wp-content\/uploads\/2023\/07\/edu6-300x293.jpg 300w, https:\/\/www.levriers-du-sud.org\/site\/wp-content\/uploads\/2023\/07\/edu6-1024x1000.jpg 1024w, https:\/\/www.levriers-du-sud.org\/site\/wp-content\/uploads\/2023\/07\/edu6-768x750.jpg 768w, https:\/\/www.levriers-du-sud.org\/site\/wp-content\/uploads\/2023\/07\/edu6.jpg 1511w\" sizes=\"auto, (max-width: 280px) 100vw, 280px\" \/> <img loading=\"lazy\" decoding=\"async\" class=\"alignnone  wp-image-54786\" src=\"https:\/\/www.levriers-du-sud.org\/site\/wp-content\/uploads\/2023\/07\/edu5-266x300.jpg\" alt=\"\" width=\"240\" height=\"271\" srcset=\"https:\/\/www.levriers-du-sud.org\/site\/wp-content\/uploads\/2023\/07\/edu5-266x300.jpg 266w, https:\/\/www.levriers-du-sud.org\/site\/wp-content\/uploads\/2023\/07\/edu5-907x1024.jpg 907w, https:\/\/www.levriers-du-sud.org\/site\/wp-content\/uploads\/2023\/07\/edu5-768x868.jpg 768w, https:\/\/www.levriers-du-sud.org\/site\/wp-content\/uploads\/2023\/07\/edu5-1360x1536.jpg 1360w, https:\/\/www.levriers-du-sud.org\/site\/wp-content\/uploads\/2023\/07\/edu5.jpg 1528w\" sizes=\"auto, (max-width: 240px) 100vw, 240px\" \/><\/p>\n<p>&nbsp;<\/p>\n","protected":false},"excerpt":{"rendered":"<p>Type : galgo Sexe : male Age : 07\/2016 Sant\u00e9 : sterilis\u00e9 , negatif aux 3MM Situation: en refuge (ACUNR) Commentaire : Edu a \u00e9t\u00e9 abandonn\u00e9 au refuge \u00e0 cause de son age. C&rsquo; est un amour ; amical et affectueux. Il vient de d\u00e9couvrir ce que c&rsquo;est que de recevoir l&rsquo;affection des gens et [&hellip;]<\/p>\n","protected":false},"author":1,"featured_media":0,"comment_status":"open","ping_status":"open","sticky":false,"template":"","format":"standard","meta":{"footnotes":""},"categories":[5,13,16],"tags":[],"class_list":["post-54784","post","type-post","status-publish","format-standard","hentry","category-galgos","category-ok-chiens","category-pas-ok-chats"],"aioseo_notices":[],"_links":{"self":[{"href":"https:\/\/www.levriers-du-sud.org\/site\/wp-json\/wp\/v2\/posts\/54784","targetHints":{"allow":["GET"]}}],"collection":[{"href":"https:\/\/www.levriers-du-sud.org\/site\/wp-json\/wp\/v2\/posts"}],"about":[{"href":"https:\/\/www.levriers-du-sud.org\/site\/wp-json\/wp\/v2\/types\/post"}],"author":[{"embeddable":true,"href":"https:\/\/www.levriers-du-sud.org\/site\/wp-json\/wp\/v2\/users\/1"}],"replies":[{"embeddable":true,"href":"https:\/\/www.levriers-du-sud.org\/site\/wp-json\/wp\/v2\/comments?post=54784"}],"version-history":[{"count":1,"href":"https:\/\/www.levriers-du-sud.org\/site\/wp-json\/wp\/v2\/posts\/54784\/revisions"}],"predecessor-version":[{"id":54792,"href":"https:\/\/www.levriers-du-sud.org\/site\/wp-json\/wp\/v2\/posts\/54784\/revisions\/54792"}],"wp:attachment":[{"href":"https:\/\/www.levriers-du-sud.org\/site\/wp-json\/wp\/v2\/media?parent=54784"}],"wp:term":[{"taxonomy":"category","embeddable":true,"href":"https:\/\/www.levriers-du-sud.org\/site\/wp-json\/wp\/v2\/categories?post=54784"},{"taxonomy":"post_tag","embeddable":true,"href":"https:\/\/www.levriers-du-sud.org\/site\/wp-json\/wp\/v2\/tags?post=54784"}],"curies":[{"name":"wp","href":"https:\/\/api.w.org\/{rel}","templated":true}]}}