{"id":54866,"date":"2023-08-20T11:18:15","date_gmt":"2023-08-20T09:18:15","guid":{"rendered":"https:\/\/www.levriers-du-sud.org\/site\/?p=54866"},"modified":"2024-02-11T09:34:25","modified_gmt":"2024-02-11T08:34:25","slug":"dust","status":"publish","type":"post","link":"https:\/\/www.levriers-du-sud.org\/site\/20\/08\/2023\/dust\/","title":{"rendered":"Dust Adopt\u00e9"},"content":{"rendered":"<p><strong>Type :<\/strong> galgo<br \/>\n<strong>Sexe :<\/strong> male<br \/>\n<strong>Age : <\/strong>07\/2018<br \/>\n<strong>Sant\u00e9 : <\/strong>sterilis\u00e9 , negatif aux 3MM<strong><br \/>\nSituation: <\/strong>en refuge (ACUNR)<strong><br \/>\n<\/strong><\/p>\n<p><strong>Commentaire :<br \/>\n<\/strong>Dust a \u00e9t\u00e9 abandonn\u00e9 au refuge par son ancien propri\u00e9taire. C&rsquo;est un chien tranquille et doux. Il adore avoir de la compagnie, les promenades et recevoir des calins.<\/p>\n<p><img loading=\"lazy\" decoding=\"async\" class=\"alignnone wp-image-54867\" src=\"https:\/\/www.levriers-du-sud.org\/site\/wp-content\/uploads\/2023\/08\/dust-6f-211x300.jpg\" alt=\"\" width=\"205\" height=\"292\" srcset=\"https:\/\/www.levriers-du-sud.org\/site\/wp-content\/uploads\/2023\/08\/dust-6f-211x300.jpg 211w, https:\/\/www.levriers-du-sud.org\/site\/wp-content\/uploads\/2023\/08\/dust-6f-721x1024.jpg 721w, https:\/\/www.levriers-du-sud.org\/site\/wp-content\/uploads\/2023\/08\/dust-6f-768x1091.jpg 768w, https:\/\/www.levriers-du-sud.org\/site\/wp-content\/uploads\/2023\/08\/dust-6f.jpg 900w\" sizes=\"auto, (max-width: 205px) 100vw, 205px\" \/> <img loading=\"lazy\" decoding=\"async\" class=\"alignnone size-medium wp-image-54868\" src=\"https:\/\/www.levriers-du-sud.org\/site\/wp-content\/uploads\/2023\/08\/dust-6-300x295.jpg\" alt=\"\" width=\"300\" height=\"295\" srcset=\"https:\/\/www.levriers-du-sud.org\/site\/wp-content\/uploads\/2023\/08\/dust-6-300x295.jpg 300w, https:\/\/www.levriers-du-sud.org\/site\/wp-content\/uploads\/2023\/08\/dust-6-1024x1008.jpg 1024w, https:\/\/www.levriers-du-sud.org\/site\/wp-content\/uploads\/2023\/08\/dust-6-768x756.jpg 768w, https:\/\/www.levriers-du-sud.org\/site\/wp-content\/uploads\/2023\/08\/dust-6-1536x1511.jpg 1536w, https:\/\/www.levriers-du-sud.org\/site\/wp-content\/uploads\/2023\/08\/dust-6.jpg 2048w\" sizes=\"auto, (max-width: 300px) 100vw, 300px\" \/><!--more--><\/p>\n<p><img loading=\"lazy\" decoding=\"async\" class=\"alignnone size-medium wp-image-54869\" src=\"https:\/\/www.levriers-du-sud.org\/site\/wp-content\/uploads\/2023\/08\/dist-f-235x300.jpg\" alt=\"\" width=\"235\" height=\"300\" srcset=\"https:\/\/www.levriers-du-sud.org\/site\/wp-content\/uploads\/2023\/08\/dist-f-235x300.jpg 235w, https:\/\/www.levriers-du-sud.org\/site\/wp-content\/uploads\/2023\/08\/dist-f-802x1024.jpg 802w, https:\/\/www.levriers-du-sud.org\/site\/wp-content\/uploads\/2023\/08\/dist-f-768x980.jpg 768w, https:\/\/www.levriers-du-sud.org\/site\/wp-content\/uploads\/2023\/08\/dist-f.jpg 900w\" sizes=\"auto, (max-width: 235px) 100vw, 235px\" \/> <img loading=\"lazy\" decoding=\"async\" class=\"alignnone size-medium wp-image-54870\" src=\"https:\/\/www.levriers-du-sud.org\/site\/wp-content\/uploads\/2023\/08\/dist-gf-197x300.jpg\" alt=\"\" width=\"197\" height=\"300\" srcset=\"https:\/\/www.levriers-du-sud.org\/site\/wp-content\/uploads\/2023\/08\/dist-gf-197x300.jpg 197w, https:\/\/www.levriers-du-sud.org\/site\/wp-content\/uploads\/2023\/08\/dist-gf-672x1024.jpg 672w, https:\/\/www.levriers-du-sud.org\/site\/wp-content\/uploads\/2023\/08\/dist-gf-768x1170.jpg 768w, https:\/\/www.levriers-du-sud.org\/site\/wp-content\/uploads\/2023\/08\/dist-gf.jpg 899w\" sizes=\"auto, (max-width: 197px) 100vw, 197px\" \/><\/p>\n<p><img loading=\"lazy\" decoding=\"async\" class=\"alignnone wp-image-54871\" src=\"https:\/\/www.levriers-du-sud.org\/site\/wp-content\/uploads\/2023\/08\/dust3f-300x215.jpg\" alt=\"\" width=\"261\" height=\"187\" srcset=\"https:\/\/www.levriers-du-sud.org\/site\/wp-content\/uploads\/2023\/08\/dust3f-300x215.jpg 300w, https:\/\/www.levriers-du-sud.org\/site\/wp-content\/uploads\/2023\/08\/dust3f-1024x735.jpg 1024w, https:\/\/www.levriers-du-sud.org\/site\/wp-content\/uploads\/2023\/08\/dust3f-768x551.jpg 768w, https:\/\/www.levriers-du-sud.org\/site\/wp-content\/uploads\/2023\/08\/dust3f-1536x1102.jpg 1536w, https:\/\/www.levriers-du-sud.org\/site\/wp-content\/uploads\/2023\/08\/dust3f.jpg 2048w\" sizes=\"auto, (max-width: 261px) 100vw, 261px\" \/> <img loading=\"lazy\" decoding=\"async\" class=\"alignnone wp-image-54872\" src=\"https:\/\/www.levriers-du-sud.org\/site\/wp-content\/uploads\/2023\/08\/dust9-300x200.jpg\" alt=\"\" width=\"288\" height=\"192\" srcset=\"https:\/\/www.levriers-du-sud.org\/site\/wp-content\/uploads\/2023\/08\/dust9-300x200.jpg 300w, https:\/\/www.levriers-du-sud.org\/site\/wp-content\/uploads\/2023\/08\/dust9-1024x681.jpg 1024w, https:\/\/www.levriers-du-sud.org\/site\/wp-content\/uploads\/2023\/08\/dust9-768x511.jpg 768w, https:\/\/www.levriers-du-sud.org\/site\/wp-content\/uploads\/2023\/08\/dust9-1536x1022.jpg 1536w, https:\/\/www.levriers-du-sud.org\/site\/wp-content\/uploads\/2023\/08\/dust9.jpg 2048w\" sizes=\"auto, (max-width: 288px) 100vw, 288px\" \/><\/p>\n<p><img loading=\"lazy\" decoding=\"async\" class=\"alignnone wp-image-54873\" src=\"https:\/\/www.levriers-du-sud.org\/site\/wp-content\/uploads\/2023\/08\/dust4-300x287.jpg\" alt=\"\" width=\"270\" height=\"258\" srcset=\"https:\/\/www.levriers-du-sud.org\/site\/wp-content\/uploads\/2023\/08\/dust4-300x287.jpg 300w, https:\/\/www.levriers-du-sud.org\/site\/wp-content\/uploads\/2023\/08\/dust4-768x735.jpg 768w, https:\/\/www.levriers-du-sud.org\/site\/wp-content\/uploads\/2023\/08\/dust4.jpg 878w\" sizes=\"auto, (max-width: 270px) 100vw, 270px\" \/> <img loading=\"lazy\" decoding=\"async\" class=\"alignnone wp-image-54874\" src=\"https:\/\/www.levriers-du-sud.org\/site\/wp-content\/uploads\/2023\/08\/dut3-252x300.jpg\" alt=\"\" width=\"216\" height=\"257\" srcset=\"https:\/\/www.levriers-du-sud.org\/site\/wp-content\/uploads\/2023\/08\/dut3-252x300.jpg 252w, https:\/\/www.levriers-du-sud.org\/site\/wp-content\/uploads\/2023\/08\/dut3.jpg 711w\" sizes=\"auto, (max-width: 216px) 100vw, 216px\" \/><\/p>\n<p><img loading=\"lazy\" decoding=\"async\" class=\"alignnone wp-image-54876\" src=\"https:\/\/www.levriers-du-sud.org\/site\/wp-content\/uploads\/2023\/08\/dust1-300x209.jpg\" alt=\"\" width=\"280\" height=\"195\" srcset=\"https:\/\/www.levriers-du-sud.org\/site\/wp-content\/uploads\/2023\/08\/dust1-300x209.jpg 300w, https:\/\/www.levriers-du-sud.org\/site\/wp-content\/uploads\/2023\/08\/dust1-1024x712.jpg 1024w, https:\/\/www.levriers-du-sud.org\/site\/wp-content\/uploads\/2023\/08\/dust1-768x534.jpg 768w, https:\/\/www.levriers-du-sud.org\/site\/wp-content\/uploads\/2023\/08\/dust1-1536x1068.jpg 1536w, https:\/\/www.levriers-du-sud.org\/site\/wp-content\/uploads\/2023\/08\/dust1.jpg 2048w\" sizes=\"auto, (max-width: 280px) 100vw, 280px\" \/> <img loading=\"lazy\" decoding=\"async\" class=\"alignnone wp-image-54877\" src=\"https:\/\/www.levriers-du-sud.org\/site\/wp-content\/uploads\/2023\/08\/dust-300x212.jpg\" alt=\"\" width=\"276\" height=\"195\" srcset=\"https:\/\/www.levriers-du-sud.org\/site\/wp-content\/uploads\/2023\/08\/dust-300x212.jpg 300w, https:\/\/www.levriers-du-sud.org\/site\/wp-content\/uploads\/2023\/08\/dust-1024x725.jpg 1024w, https:\/\/www.levriers-du-sud.org\/site\/wp-content\/uploads\/2023\/08\/dust-768x543.jpg 768w, https:\/\/www.levriers-du-sud.org\/site\/wp-content\/uploads\/2023\/08\/dust-1536x1087.jpg 1536w, https:\/\/www.levriers-du-sud.org\/site\/wp-content\/uploads\/2023\/08\/dust.jpg 2048w\" sizes=\"auto, (max-width: 276px) 100vw, 276px\" \/><\/p>\n<p><img loading=\"lazy\" decoding=\"async\" class=\"alignnone wp-image-54875 \" src=\"https:\/\/www.levriers-du-sud.org\/site\/wp-content\/uploads\/2023\/08\/dust2-880x1024.jpg\" alt=\"\" width=\"356\" height=\"414\" srcset=\"https:\/\/www.levriers-du-sud.org\/site\/wp-content\/uploads\/2023\/08\/dust2-880x1024.jpg 880w, https:\/\/www.levriers-du-sud.org\/site\/wp-content\/uploads\/2023\/08\/dust2-258x300.jpg 258w, https:\/\/www.levriers-du-sud.org\/site\/wp-content\/uploads\/2023\/08\/dust2-768x894.jpg 768w, https:\/\/www.levriers-du-sud.org\/site\/wp-content\/uploads\/2023\/08\/dust2-1320x1536.jpg 1320w, https:\/\/www.levriers-du-sud.org\/site\/wp-content\/uploads\/2023\/08\/dust2.jpg 1760w\" sizes=\"auto, (max-width: 356px) 100vw, 356px\" \/><\/p>\n<p>&nbsp;<\/p>\n<p>&nbsp;<\/p>\n","protected":false},"excerpt":{"rendered":"<p>Type : galgo Sexe : male Age : 07\/2018 Sant\u00e9 : sterilis\u00e9 , negatif aux 3MM Situation: en refuge (ACUNR) Commentaire : Dust a \u00e9t\u00e9 abandonn\u00e9 au refuge par son ancien propri\u00e9taire. C&rsquo;est un chien tranquille et doux. Il adore avoir de la compagnie, les promenades et recevoir des calins.<\/p>\n","protected":false},"author":1,"featured_media":0,"comment_status":"open","ping_status":"open","sticky":false,"template":"","format":"standard","meta":{"footnotes":""},"categories":[5,19,13],"tags":[],"class_list":["post-54866","post","type-post","status-publish","format-standard","hentry","category-galgos","category-galgos-adoptes","category-ok-chiens"],"aioseo_notices":[],"_links":{"self":[{"href":"https:\/\/www.levriers-du-sud.org\/site\/wp-json\/wp\/v2\/posts\/54866","targetHints":{"allow":["GET"]}}],"collection":[{"href":"https:\/\/www.levriers-du-sud.org\/site\/wp-json\/wp\/v2\/posts"}],"about":[{"href":"https:\/\/www.levriers-du-sud.org\/site\/wp-json\/wp\/v2\/types\/post"}],"author":[{"embeddable":true,"href":"https:\/\/www.levriers-du-sud.org\/site\/wp-json\/wp\/v2\/users\/1"}],"replies":[{"embeddable":true,"href":"https:\/\/www.levriers-du-sud.org\/site\/wp-json\/wp\/v2\/comments?post=54866"}],"version-history":[{"count":1,"href":"https:\/\/www.levriers-du-sud.org\/site\/wp-json\/wp\/v2\/posts\/54866\/revisions"}],"predecessor-version":[{"id":54878,"href":"https:\/\/www.levriers-du-sud.org\/site\/wp-json\/wp\/v2\/posts\/54866\/revisions\/54878"}],"wp:attachment":[{"href":"https:\/\/www.levriers-du-sud.org\/site\/wp-json\/wp\/v2\/media?parent=54866"}],"wp:term":[{"taxonomy":"category","embeddable":true,"href":"https:\/\/www.levriers-du-sud.org\/site\/wp-json\/wp\/v2\/categories?post=54866"},{"taxonomy":"post_tag","embeddable":true,"href":"https:\/\/www.levriers-du-sud.org\/site\/wp-json\/wp\/v2\/tags?post=54866"}],"curies":[{"name":"wp","href":"https:\/\/api.w.org\/{rel}","templated":true}]}}