{"id":55122,"date":"2023-09-14T21:08:10","date_gmt":"2023-09-14T19:08:10","guid":{"rendered":"https:\/\/www.levriers-du-sud.org\/site\/?p=55122"},"modified":"2024-03-07T23:27:56","modified_gmt":"2024-03-07T22:27:56","slug":"rosa-3","status":"publish","type":"post","link":"https:\/\/www.levriers-du-sud.org\/site\/14\/09\/2023\/rosa-3\/","title":{"rendered":"Rosa adopt\u00e9e"},"content":{"rendered":"<p><strong>Type :<\/strong> galgo<br \/>\n<strong>Sexe :<\/strong> femelle<br \/>\n<strong>Age : <\/strong>02\/2022<br \/>\n<strong>Sant\u00e9 : s<\/strong>t\u00e9rilis\u00e9e, negative aux 3MM, 63cms, 21kgs<strong><br \/>\nSituation: <\/strong>en refuge (los jinetes)<strong><br \/>\n<\/strong><\/p>\n<p><strong>Commentaire :<br \/>\n<\/strong><span class=\"Y2IQFc\" lang=\"fr\">Rosa a \u00e9t\u00e9 sauv\u00e9e dans un champs, c&rsquo;\u00e9tait difficile pour elle de nous faire confiance, mais maintenant elle est tout amour. C&rsquo;est une chienne tr\u00e8s sociable avec les autres chiens et avec les humains, elle adore jouer avec ses compagnons, elle est joyeuse, amicale et affectueuse. Elle a 1 an et demi et veut vraiment vivre la vie, nous avons juste besoin de quelqu&rsquo;un qui tombe amoureux d&rsquo;elle et qui veuille lui offrir mille aventures \u00e0 vivre et une famille qui l&rsquo;aimera pour toujours.<\/span><\/p>\n<p><img loading=\"lazy\" decoding=\"async\" class=\"alignnone wp-image-55124\" src=\"https:\/\/www.levriers-du-sud.org\/site\/wp-content\/uploads\/2023\/09\/rosa4-300x300.jpg\" alt=\"\" width=\"280\" height=\"280\" srcset=\"https:\/\/www.levriers-du-sud.org\/site\/wp-content\/uploads\/2023\/09\/rosa4-300x300.jpg 300w, https:\/\/www.levriers-du-sud.org\/site\/wp-content\/uploads\/2023\/09\/rosa4-1024x1024.jpg 1024w, https:\/\/www.levriers-du-sud.org\/site\/wp-content\/uploads\/2023\/09\/rosa4-150x150.jpg 150w, https:\/\/www.levriers-du-sud.org\/site\/wp-content\/uploads\/2023\/09\/rosa4-768x768.jpg 768w, https:\/\/www.levriers-du-sud.org\/site\/wp-content\/uploads\/2023\/09\/rosa4.jpg 1440w\" sizes=\"auto, (max-width: 280px) 100vw, 280px\" \/> <img loading=\"lazy\" decoding=\"async\" class=\"alignnone wp-image-55125\" src=\"https:\/\/www.levriers-du-sud.org\/site\/wp-content\/uploads\/2023\/09\/roda3-300x300.jpg\" alt=\"\" width=\"280\" height=\"280\" srcset=\"https:\/\/www.levriers-du-sud.org\/site\/wp-content\/uploads\/2023\/09\/roda3-300x300.jpg 300w, https:\/\/www.levriers-du-sud.org\/site\/wp-content\/uploads\/2023\/09\/roda3-1024x1024.jpg 1024w, https:\/\/www.levriers-du-sud.org\/site\/wp-content\/uploads\/2023\/09\/roda3-150x150.jpg 150w, https:\/\/www.levriers-du-sud.org\/site\/wp-content\/uploads\/2023\/09\/roda3-768x768.jpg 768w, https:\/\/www.levriers-du-sud.org\/site\/wp-content\/uploads\/2023\/09\/roda3.jpg 1440w\" sizes=\"auto, (max-width: 280px) 100vw, 280px\" \/><!--more--><\/p>\n<p><img loading=\"lazy\" decoding=\"async\" class=\"alignnone wp-image-55126\" src=\"https:\/\/www.levriers-du-sud.org\/site\/wp-content\/uploads\/2023\/09\/rosa2-300x300.jpg\" alt=\"\" width=\"279\" height=\"279\" srcset=\"https:\/\/www.levriers-du-sud.org\/site\/wp-content\/uploads\/2023\/09\/rosa2-300x300.jpg 300w, https:\/\/www.levriers-du-sud.org\/site\/wp-content\/uploads\/2023\/09\/rosa2-1024x1024.jpg 1024w, https:\/\/www.levriers-du-sud.org\/site\/wp-content\/uploads\/2023\/09\/rosa2-150x150.jpg 150w, https:\/\/www.levriers-du-sud.org\/site\/wp-content\/uploads\/2023\/09\/rosa2-768x768.jpg 768w, https:\/\/www.levriers-du-sud.org\/site\/wp-content\/uploads\/2023\/09\/rosa2.jpg 1440w\" sizes=\"auto, (max-width: 279px) 100vw, 279px\" \/> <img loading=\"lazy\" decoding=\"async\" class=\"alignnone wp-image-55127\" src=\"https:\/\/www.levriers-du-sud.org\/site\/wp-content\/uploads\/2023\/09\/378707438_735384265268304_3185841658193532843_n-300x300.jpg\" alt=\"\" width=\"282\" height=\"282\" srcset=\"https:\/\/www.levriers-du-sud.org\/site\/wp-content\/uploads\/2023\/09\/378707438_735384265268304_3185841658193532843_n-300x300.jpg 300w, https:\/\/www.levriers-du-sud.org\/site\/wp-content\/uploads\/2023\/09\/378707438_735384265268304_3185841658193532843_n-1024x1024.jpg 1024w, https:\/\/www.levriers-du-sud.org\/site\/wp-content\/uploads\/2023\/09\/378707438_735384265268304_3185841658193532843_n-150x150.jpg 150w, https:\/\/www.levriers-du-sud.org\/site\/wp-content\/uploads\/2023\/09\/378707438_735384265268304_3185841658193532843_n-768x768.jpg 768w, https:\/\/www.levriers-du-sud.org\/site\/wp-content\/uploads\/2023\/09\/378707438_735384265268304_3185841658193532843_n.jpg 1440w\" sizes=\"auto, (max-width: 282px) 100vw, 282px\" \/><\/p>\n<p><img loading=\"lazy\" decoding=\"async\" class=\"alignnone size-medium wp-image-55123\" src=\"https:\/\/www.levriers-du-sud.org\/site\/wp-content\/uploads\/2023\/09\/rosa5-300x300.jpg\" alt=\"\" width=\"300\" height=\"300\" srcset=\"https:\/\/www.levriers-du-sud.org\/site\/wp-content\/uploads\/2023\/09\/rosa5-300x300.jpg 300w, https:\/\/www.levriers-du-sud.org\/site\/wp-content\/uploads\/2023\/09\/rosa5-1024x1024.jpg 1024w, https:\/\/www.levriers-du-sud.org\/site\/wp-content\/uploads\/2023\/09\/rosa5-150x150.jpg 150w, https:\/\/www.levriers-du-sud.org\/site\/wp-content\/uploads\/2023\/09\/rosa5-768x768.jpg 768w, https:\/\/www.levriers-du-sud.org\/site\/wp-content\/uploads\/2023\/09\/rosa5.jpg 1440w\" sizes=\"auto, (max-width: 300px) 100vw, 300px\" \/><\/p>\n<p><strong>\u00a0<\/strong><\/p>\n","protected":false},"excerpt":{"rendered":"<p>Type : galgo Sexe : femelle Age : 02\/2022 Sant\u00e9 : st\u00e9rilis\u00e9e, negative aux 3MM, 63cms, 21kgs Situation: en refuge (los jinetes) Commentaire : Rosa a \u00e9t\u00e9 sauv\u00e9e dans un champs, c&rsquo;\u00e9tait difficile pour elle de nous faire confiance, mais maintenant elle est tout amour. C&rsquo;est une chienne tr\u00e8s sociable avec les autres chiens et [&hellip;]<\/p>\n","protected":false},"author":1,"featured_media":0,"comment_status":"open","ping_status":"open","sticky":false,"template":"","format":"standard","meta":{"footnotes":""},"categories":[5,13],"tags":[],"class_list":["post-55122","post","type-post","status-publish","format-standard","hentry","category-galgos","category-ok-chiens"],"aioseo_notices":[],"_links":{"self":[{"href":"https:\/\/www.levriers-du-sud.org\/site\/wp-json\/wp\/v2\/posts\/55122","targetHints":{"allow":["GET"]}}],"collection":[{"href":"https:\/\/www.levriers-du-sud.org\/site\/wp-json\/wp\/v2\/posts"}],"about":[{"href":"https:\/\/www.levriers-du-sud.org\/site\/wp-json\/wp\/v2\/types\/post"}],"author":[{"embeddable":true,"href":"https:\/\/www.levriers-du-sud.org\/site\/wp-json\/wp\/v2\/users\/1"}],"replies":[{"embeddable":true,"href":"https:\/\/www.levriers-du-sud.org\/site\/wp-json\/wp\/v2\/comments?post=55122"}],"version-history":[{"count":1,"href":"https:\/\/www.levriers-du-sud.org\/site\/wp-json\/wp\/v2\/posts\/55122\/revisions"}],"predecessor-version":[{"id":55128,"href":"https:\/\/www.levriers-du-sud.org\/site\/wp-json\/wp\/v2\/posts\/55122\/revisions\/55128"}],"wp:attachment":[{"href":"https:\/\/www.levriers-du-sud.org\/site\/wp-json\/wp\/v2\/media?parent=55122"}],"wp:term":[{"taxonomy":"category","embeddable":true,"href":"https:\/\/www.levriers-du-sud.org\/site\/wp-json\/wp\/v2\/categories?post=55122"},{"taxonomy":"post_tag","embeddable":true,"href":"https:\/\/www.levriers-du-sud.org\/site\/wp-json\/wp\/v2\/tags?post=55122"}],"curies":[{"name":"wp","href":"https:\/\/api.w.org\/{rel}","templated":true}]}}