{"id":55162,"date":"2023-09-21T22:35:54","date_gmt":"2023-09-21T20:35:54","guid":{"rendered":"https:\/\/www.levriers-du-sud.org\/site\/?p=55162"},"modified":"2023-10-11T17:56:14","modified_gmt":"2023-10-11T15:56:14","slug":"juanita-2","status":"publish","type":"post","link":"https:\/\/www.levriers-du-sud.org\/site\/21\/09\/2023\/juanita-2\/","title":{"rendered":"Juanita&#8230;adoptee chez acunr"},"content":{"rendered":"<p><strong>Type :<\/strong> galgo<br \/>\n<strong>Sexe :<\/strong>femelle<br \/>\n<strong>Age : <\/strong>08\/2022<br \/>\n<strong>Sant\u00e9 : <\/strong>sterilis\u00e9e\u00a0 , negative aux 3MM\u00a0 \u00a0<strong><br \/>\nSituation: <\/strong>en refuge (acunr)<strong><br \/>\n<\/strong><\/p>\n<p><strong>Commentaire :<br \/>\n<\/strong>Juanita vivait <span class=\"Y2IQFc\" lang=\"fr\">parmi les d\u00e9combres dans une zone marginale de Madrid et de l\u00e0 elle a \u00e9t\u00e9 sauv\u00e9e par ERA\u00a0 (\u00e9quipe de sauvetage).\u00a0 Juanita d\u00e9gage la tendresse qui unit sa peur et le d\u00e9sir d&rsquo;\u00eatre aim\u00e9e&#8230; Le la pauvre r\u00e9tr\u00e9cit quand on l&rsquo;approche mais d\u00e8s qu&rsquo;elle d\u00e9couvre que c&rsquo;est pour lui donner de l&rsquo;amour et des soins, elle se d\u00e9tend et finit par le demander&#8230; C&rsquo;est une chienne adorable qui entretient de tr\u00e8s bonnes relations avec ses compagnons canins.<\/span><\/p>\n<p><img loading=\"lazy\" decoding=\"async\" class=\"alignnone size-medium wp-image-55167\" src=\"https:\/\/www.levriers-du-sud.org\/site\/wp-content\/uploads\/2023\/09\/anita1-e1695328372664-300x283.jpg\" alt=\"\" width=\"300\" height=\"283\" srcset=\"https:\/\/www.levriers-du-sud.org\/site\/wp-content\/uploads\/2023\/09\/anita1-e1695328372664-300x283.jpg 300w, https:\/\/www.levriers-du-sud.org\/site\/wp-content\/uploads\/2023\/09\/anita1-e1695328372664-1024x966.jpg 1024w, https:\/\/www.levriers-du-sud.org\/site\/wp-content\/uploads\/2023\/09\/anita1-e1695328372664-768x724.jpg 768w, https:\/\/www.levriers-du-sud.org\/site\/wp-content\/uploads\/2023\/09\/anita1-e1695328372664.jpg 1324w\" sizes=\"auto, (max-width: 300px) 100vw, 300px\" \/>\u00a0<img loading=\"lazy\" decoding=\"async\" class=\"alignnone  wp-image-55166\" src=\"https:\/\/www.levriers-du-sud.org\/site\/wp-content\/uploads\/2023\/09\/juanita-3-e1695328392361-261x300.jpg\" alt=\"\" width=\"249\" height=\"286\" srcset=\"https:\/\/www.levriers-du-sud.org\/site\/wp-content\/uploads\/2023\/09\/juanita-3-e1695328392361-261x300.jpg 261w, https:\/\/www.levriers-du-sud.org\/site\/wp-content\/uploads\/2023\/09\/juanita-3-e1695328392361-891x1024.jpg 891w, https:\/\/www.levriers-du-sud.org\/site\/wp-content\/uploads\/2023\/09\/juanita-3-e1695328392361-768x882.jpg 768w, https:\/\/www.levriers-du-sud.org\/site\/wp-content\/uploads\/2023\/09\/juanita-3-e1695328392361.jpg 1054w\" sizes=\"auto, (max-width: 249px) 100vw, 249px\" \/><!--more--><\/p>\n<p><img loading=\"lazy\" decoding=\"async\" class=\"alignnone  wp-image-55168\" src=\"https:\/\/www.levriers-du-sud.org\/site\/wp-content\/uploads\/2023\/09\/juanita-e1695328435845-300x238.jpg\" alt=\"\" width=\"280\" height=\"222\" srcset=\"https:\/\/www.levriers-du-sud.org\/site\/wp-content\/uploads\/2023\/09\/juanita-e1695328435845-300x238.jpg 300w, https:\/\/www.levriers-du-sud.org\/site\/wp-content\/uploads\/2023\/09\/juanita-e1695328435845-1024x811.jpg 1024w, https:\/\/www.levriers-du-sud.org\/site\/wp-content\/uploads\/2023\/09\/juanita-e1695328435845-768x608.jpg 768w, https:\/\/www.levriers-du-sud.org\/site\/wp-content\/uploads\/2023\/09\/juanita-e1695328435845-1536x1217.jpg 1536w, https:\/\/www.levriers-du-sud.org\/site\/wp-content\/uploads\/2023\/09\/juanita-e1695328435845.jpg 1611w\" sizes=\"auto, (max-width: 280px) 100vw, 280px\" \/>\u00a0<img loading=\"lazy\" decoding=\"async\" class=\"alignnone  wp-image-55164\" src=\"https:\/\/www.levriers-du-sud.org\/site\/wp-content\/uploads\/2023\/09\/juantia5-e1695328422156-300x260.jpg\" alt=\"\" width=\"266\" height=\"231\" srcset=\"https:\/\/www.levriers-du-sud.org\/site\/wp-content\/uploads\/2023\/09\/juantia5-e1695328422156-300x260.jpg 300w, https:\/\/www.levriers-du-sud.org\/site\/wp-content\/uploads\/2023\/09\/juantia5-e1695328422156-1024x889.jpg 1024w, https:\/\/www.levriers-du-sud.org\/site\/wp-content\/uploads\/2023\/09\/juantia5-e1695328422156-768x666.jpg 768w, https:\/\/www.levriers-du-sud.org\/site\/wp-content\/uploads\/2023\/09\/juantia5-e1695328422156.jpg 1392w\" sizes=\"auto, (max-width: 266px) 100vw, 266px\" \/><\/p>\n<p><img loading=\"lazy\" decoding=\"async\" class=\"alignnone  wp-image-55165\" src=\"https:\/\/www.levriers-du-sud.org\/site\/wp-content\/uploads\/2023\/09\/juanita-4-300x197.jpg\" alt=\"\" width=\"280\" height=\"184\" srcset=\"https:\/\/www.levriers-du-sud.org\/site\/wp-content\/uploads\/2023\/09\/juanita-4-300x197.jpg 300w, https:\/\/www.levriers-du-sud.org\/site\/wp-content\/uploads\/2023\/09\/juanita-4-1024x673.jpg 1024w, https:\/\/www.levriers-du-sud.org\/site\/wp-content\/uploads\/2023\/09\/juanita-4-768x504.jpg 768w, https:\/\/www.levriers-du-sud.org\/site\/wp-content\/uploads\/2023\/09\/juanita-4-1536x1009.jpg 1536w, https:\/\/www.levriers-du-sud.org\/site\/wp-content\/uploads\/2023\/09\/juanita-4.jpg 2048w\" sizes=\"auto, (max-width: 280px) 100vw, 280px\" \/> <img loading=\"lazy\" decoding=\"async\" class=\"alignnone  wp-image-55163\" src=\"https:\/\/www.levriers-du-sud.org\/site\/wp-content\/uploads\/2023\/09\/juanita6-300x200.jpg\" alt=\"\" width=\"278\" height=\"185\" srcset=\"https:\/\/www.levriers-du-sud.org\/site\/wp-content\/uploads\/2023\/09\/juanita6-300x200.jpg 300w, https:\/\/www.levriers-du-sud.org\/site\/wp-content\/uploads\/2023\/09\/juanita6-1024x681.jpg 1024w, https:\/\/www.levriers-du-sud.org\/site\/wp-content\/uploads\/2023\/09\/juanita6-768x511.jpg 768w, https:\/\/www.levriers-du-sud.org\/site\/wp-content\/uploads\/2023\/09\/juanita6-1536x1022.jpg 1536w, https:\/\/www.levriers-du-sud.org\/site\/wp-content\/uploads\/2023\/09\/juanita6.jpg 2048w\" sizes=\"auto, (max-width: 278px) 100vw, 278px\" \/><\/p>\n","protected":false},"excerpt":{"rendered":"<p>Type : galgo Sexe :femelle Age : 08\/2022 Sant\u00e9 : sterilis\u00e9e\u00a0 , negative aux 3MM\u00a0 \u00a0 Situation: en refuge (acunr) Commentaire : Juanita vivait parmi les d\u00e9combres dans une zone marginale de Madrid et de l\u00e0 elle a \u00e9t\u00e9 sauv\u00e9e par ERA\u00a0 (\u00e9quipe de sauvetage).\u00a0 Juanita d\u00e9gage la tendresse qui unit sa peur et le [&hellip;]<\/p>\n","protected":false},"author":1,"featured_media":0,"comment_status":"open","ping_status":"open","sticky":false,"template":"","format":"standard","meta":{"footnotes":""},"categories":[19,13],"tags":[],"class_list":["post-55162","post","type-post","status-publish","format-standard","hentry","category-galgos-adoptes","category-ok-chiens"],"aioseo_notices":[],"_links":{"self":[{"href":"https:\/\/www.levriers-du-sud.org\/site\/wp-json\/wp\/v2\/posts\/55162","targetHints":{"allow":["GET"]}}],"collection":[{"href":"https:\/\/www.levriers-du-sud.org\/site\/wp-json\/wp\/v2\/posts"}],"about":[{"href":"https:\/\/www.levriers-du-sud.org\/site\/wp-json\/wp\/v2\/types\/post"}],"author":[{"embeddable":true,"href":"https:\/\/www.levriers-du-sud.org\/site\/wp-json\/wp\/v2\/users\/1"}],"replies":[{"embeddable":true,"href":"https:\/\/www.levriers-du-sud.org\/site\/wp-json\/wp\/v2\/comments?post=55162"}],"version-history":[{"count":2,"href":"https:\/\/www.levriers-du-sud.org\/site\/wp-json\/wp\/v2\/posts\/55162\/revisions"}],"predecessor-version":[{"id":55327,"href":"https:\/\/www.levriers-du-sud.org\/site\/wp-json\/wp\/v2\/posts\/55162\/revisions\/55327"}],"wp:attachment":[{"href":"https:\/\/www.levriers-du-sud.org\/site\/wp-json\/wp\/v2\/media?parent=55162"}],"wp:term":[{"taxonomy":"category","embeddable":true,"href":"https:\/\/www.levriers-du-sud.org\/site\/wp-json\/wp\/v2\/categories?post=55162"},{"taxonomy":"post_tag","embeddable":true,"href":"https:\/\/www.levriers-du-sud.org\/site\/wp-json\/wp\/v2\/tags?post=55162"}],"curies":[{"name":"wp","href":"https:\/\/api.w.org\/{rel}","templated":true}]}}