{"id":55170,"date":"2023-09-21T22:42:35","date_gmt":"2023-09-21T20:42:35","guid":{"rendered":"https:\/\/www.levriers-du-sud.org\/site\/?p=55170"},"modified":"2023-09-21T22:42:35","modified_gmt":"2023-09-21T20:42:35","slug":"eder-2","status":"publish","type":"post","link":"https:\/\/www.levriers-du-sud.org\/site\/21\/09\/2023\/eder-2\/","title":{"rendered":"Eder"},"content":{"rendered":"<p><strong>Type :<\/strong> galgo<br \/>\n<strong>Sexe :<\/strong>male<br \/>\n<strong>Age : <\/strong>01\/2022<br \/>\n<strong>Sant\u00e9 : <\/strong>sterilis\u00e9\u00a0 , negatif aux 3MM\u00a0 \u00a0<strong><br \/>\nSituation: <\/strong>en refuge (acunr)<strong><br \/>\n<\/strong><\/p>\n<p><strong>Commentaire :<br \/>\n<\/strong>Eder vivait <span class=\"Y2IQFc\" lang=\"fr\">parmi les d\u00e9combres dans une zone marginale de Madrid et de l\u00e0 il a \u00e9t\u00e9 sauv\u00e9 par ERA\u00a0 (\u00e9quipe de sauvetage). <\/span><span class=\"Y2IQFc\" lang=\"fr\">Eder est aussi pr\u00e9cieux que doux et gentil. Il est \u00e9galement tr\u00e8s timide face \u00e0 des situations et \u00e0 des personnes inconnues, mais en lui donnant de l&rsquo;espace et du temps chaque jour, nous le voyons plus heureux et il joue m\u00eame et est heureux quand il nous voit demander des c\u00e2lins. Il entretient de tr\u00e8s bonnes relations avec ses copains chiens.<\/span><\/p>\n<p><img loading=\"lazy\" decoding=\"async\" class=\"alignnone wp-image-55173 \" src=\"https:\/\/www.levriers-du-sud.org\/site\/wp-content\/uploads\/2023\/09\/380337085_355242606826743_8940361283947044937_n-e1695328807504-300x269.jpg\" alt=\"\" width=\"280\" height=\"251\" srcset=\"https:\/\/www.levriers-du-sud.org\/site\/wp-content\/uploads\/2023\/09\/380337085_355242606826743_8940361283947044937_n-e1695328807504-300x269.jpg 300w, https:\/\/www.levriers-du-sud.org\/site\/wp-content\/uploads\/2023\/09\/380337085_355242606826743_8940361283947044937_n-e1695328807504-1024x917.jpg 1024w, https:\/\/www.levriers-du-sud.org\/site\/wp-content\/uploads\/2023\/09\/380337085_355242606826743_8940361283947044937_n-e1695328807504-768x688.jpg 768w, https:\/\/www.levriers-du-sud.org\/site\/wp-content\/uploads\/2023\/09\/380337085_355242606826743_8940361283947044937_n-e1695328807504-1536x1376.jpg 1536w, https:\/\/www.levriers-du-sud.org\/site\/wp-content\/uploads\/2023\/09\/380337085_355242606826743_8940361283947044937_n-e1695328807504.jpg 1611w\" sizes=\"auto, (max-width: 280px) 100vw, 280px\" \/>\u00a0<img loading=\"lazy\" decoding=\"async\" class=\"alignnone wp-image-55176 \" src=\"https:\/\/www.levriers-du-sud.org\/site\/wp-content\/uploads\/2023\/09\/380975252_355242573493413_1241982679957809140_n-e1695328839352-300x294.jpg\" alt=\"\" width=\"272\" height=\"266\" srcset=\"https:\/\/www.levriers-du-sud.org\/site\/wp-content\/uploads\/2023\/09\/380975252_355242573493413_1241982679957809140_n-e1695328839352-300x294.jpg 300w, https:\/\/www.levriers-du-sud.org\/site\/wp-content\/uploads\/2023\/09\/380975252_355242573493413_1241982679957809140_n-e1695328839352-1024x1002.jpg 1024w, https:\/\/www.levriers-du-sud.org\/site\/wp-content\/uploads\/2023\/09\/380975252_355242573493413_1241982679957809140_n-e1695328839352-768x752.jpg 768w, https:\/\/www.levriers-du-sud.org\/site\/wp-content\/uploads\/2023\/09\/380975252_355242573493413_1241982679957809140_n-e1695328839352.jpg 1262w\" sizes=\"auto, (max-width: 272px) 100vw, 272px\" \/><!--more--><\/p>\n<p><img loading=\"lazy\" decoding=\"async\" class=\"alignnone size-medium wp-image-55171\" src=\"https:\/\/www.levriers-du-sud.org\/site\/wp-content\/uploads\/2023\/09\/380874327_355242710160066_1049448111001085593_n-217x300.jpg\" alt=\"\" width=\"217\" height=\"300\" srcset=\"https:\/\/www.levriers-du-sud.org\/site\/wp-content\/uploads\/2023\/09\/380874327_355242710160066_1049448111001085593_n-217x300.jpg 217w, https:\/\/www.levriers-du-sud.org\/site\/wp-content\/uploads\/2023\/09\/380874327_355242710160066_1049448111001085593_n-740x1024.jpg 740w, https:\/\/www.levriers-du-sud.org\/site\/wp-content\/uploads\/2023\/09\/380874327_355242710160066_1049448111001085593_n-768x1063.jpg 768w, https:\/\/www.levriers-du-sud.org\/site\/wp-content\/uploads\/2023\/09\/380874327_355242710160066_1049448111001085593_n-1109x1536.jpg 1109w, https:\/\/www.levriers-du-sud.org\/site\/wp-content\/uploads\/2023\/09\/380874327_355242710160066_1049448111001085593_n.jpg 1479w\" sizes=\"auto, (max-width: 217px) 100vw, 217px\" \/> <img loading=\"lazy\" decoding=\"async\" class=\"alignnone size-medium wp-image-55172\" src=\"https:\/\/www.levriers-du-sud.org\/site\/wp-content\/uploads\/2023\/09\/380999697_355242560160081_7598332259032483874_n-207x300.jpg\" alt=\"\" width=\"207\" height=\"300\" srcset=\"https:\/\/www.levriers-du-sud.org\/site\/wp-content\/uploads\/2023\/09\/380999697_355242560160081_7598332259032483874_n-207x300.jpg 207w, https:\/\/www.levriers-du-sud.org\/site\/wp-content\/uploads\/2023\/09\/380999697_355242560160081_7598332259032483874_n-708x1024.jpg 708w, https:\/\/www.levriers-du-sud.org\/site\/wp-content\/uploads\/2023\/09\/380999697_355242560160081_7598332259032483874_n-768x1111.jpg 768w, https:\/\/www.levriers-du-sud.org\/site\/wp-content\/uploads\/2023\/09\/380999697_355242560160081_7598332259032483874_n-1062x1536.jpg 1062w, https:\/\/www.levriers-du-sud.org\/site\/wp-content\/uploads\/2023\/09\/380999697_355242560160081_7598332259032483874_n.jpg 1416w\" sizes=\"auto, (max-width: 207px) 100vw, 207px\" \/><\/p>\n<p><img loading=\"lazy\" decoding=\"async\" class=\"alignnone size-medium wp-image-55174\" src=\"https:\/\/www.levriers-du-sud.org\/site\/wp-content\/uploads\/2023\/09\/380297061_355242483493422_4757140355253537417_n-300x215.jpg\" alt=\"\" width=\"300\" height=\"215\" srcset=\"https:\/\/www.levriers-du-sud.org\/site\/wp-content\/uploads\/2023\/09\/380297061_355242483493422_4757140355253537417_n-300x215.jpg 300w, https:\/\/www.levriers-du-sud.org\/site\/wp-content\/uploads\/2023\/09\/380297061_355242483493422_4757140355253537417_n-1024x733.jpg 1024w, https:\/\/www.levriers-du-sud.org\/site\/wp-content\/uploads\/2023\/09\/380297061_355242483493422_4757140355253537417_n-768x550.jpg 768w, https:\/\/www.levriers-du-sud.org\/site\/wp-content\/uploads\/2023\/09\/380297061_355242483493422_4757140355253537417_n-1536x1100.jpg 1536w, https:\/\/www.levriers-du-sud.org\/site\/wp-content\/uploads\/2023\/09\/380297061_355242483493422_4757140355253537417_n.jpg 2048w\" sizes=\"auto, (max-width: 300px) 100vw, 300px\" \/> <img loading=\"lazy\" decoding=\"async\" class=\"alignnone  wp-image-55175\" src=\"https:\/\/www.levriers-du-sud.org\/site\/wp-content\/uploads\/2023\/09\/379461642_355242433493427_6687310286353395838_n-278x300.jpg\" alt=\"\" width=\"220\" height=\"237\" srcset=\"https:\/\/www.levriers-du-sud.org\/site\/wp-content\/uploads\/2023\/09\/379461642_355242433493427_6687310286353395838_n-278x300.jpg 278w, https:\/\/www.levriers-du-sud.org\/site\/wp-content\/uploads\/2023\/09\/379461642_355242433493427_6687310286353395838_n-948x1024.jpg 948w, https:\/\/www.levriers-du-sud.org\/site\/wp-content\/uploads\/2023\/09\/379461642_355242433493427_6687310286353395838_n-768x830.jpg 768w, https:\/\/www.levriers-du-sud.org\/site\/wp-content\/uploads\/2023\/09\/379461642_355242433493427_6687310286353395838_n-1422x1536.jpg 1422w, https:\/\/www.levriers-du-sud.org\/site\/wp-content\/uploads\/2023\/09\/379461642_355242433493427_6687310286353395838_n.jpg 1896w\" sizes=\"auto, (max-width: 220px) 100vw, 220px\" \/><\/p>\n<p><img loading=\"lazy\" decoding=\"async\" class=\"alignnone wp-image-55177 \" src=\"https:\/\/www.levriers-du-sud.org\/site\/wp-content\/uploads\/2023\/09\/380231503_355242646826739_6174393695444330583_n-e1695328931468-300x297.jpg\" alt=\"\" width=\"251\" height=\"248\" srcset=\"https:\/\/www.levriers-du-sud.org\/site\/wp-content\/uploads\/2023\/09\/380231503_355242646826739_6174393695444330583_n-e1695328931468-300x297.jpg 300w, https:\/\/www.levriers-du-sud.org\/site\/wp-content\/uploads\/2023\/09\/380231503_355242646826739_6174393695444330583_n-e1695328931468-1024x1015.jpg 1024w, https:\/\/www.levriers-du-sud.org\/site\/wp-content\/uploads\/2023\/09\/380231503_355242646826739_6174393695444330583_n-e1695328931468-768x761.jpg 768w, https:\/\/www.levriers-du-sud.org\/site\/wp-content\/uploads\/2023\/09\/380231503_355242646826739_6174393695444330583_n-e1695328931468.jpg 1119w\" sizes=\"auto, (max-width: 251px) 100vw, 251px\" \/> <img loading=\"lazy\" decoding=\"async\" class=\"alignnone wp-image-55179 \" src=\"https:\/\/www.levriers-du-sud.org\/site\/wp-content\/uploads\/2023\/09\/379746572_355242690160068_8832410042835174507_n-e1695328910639-300x259.jpg\" alt=\"\" width=\"286\" height=\"247\" srcset=\"https:\/\/www.levriers-du-sud.org\/site\/wp-content\/uploads\/2023\/09\/379746572_355242690160068_8832410042835174507_n-e1695328910639-300x259.jpg 300w, https:\/\/www.levriers-du-sud.org\/site\/wp-content\/uploads\/2023\/09\/379746572_355242690160068_8832410042835174507_n-e1695328910639-1024x884.jpg 1024w, https:\/\/www.levriers-du-sud.org\/site\/wp-content\/uploads\/2023\/09\/379746572_355242690160068_8832410042835174507_n-e1695328910639-768x663.jpg 768w, https:\/\/www.levriers-du-sud.org\/site\/wp-content\/uploads\/2023\/09\/379746572_355242690160068_8832410042835174507_n-e1695328910639-1536x1326.jpg 1536w, https:\/\/www.levriers-du-sud.org\/site\/wp-content\/uploads\/2023\/09\/379746572_355242690160068_8832410042835174507_n-e1695328910639.jpg 1652w\" sizes=\"auto, (max-width: 286px) 100vw, 286px\" \/><\/p>\n","protected":false},"excerpt":{"rendered":"<p>Type : galgo Sexe :male Age : 01\/2022 Sant\u00e9 : sterilis\u00e9\u00a0 , negatif aux 3MM\u00a0 \u00a0 Situation: en refuge (acunr) Commentaire : Eder vivait parmi les d\u00e9combres dans une zone marginale de Madrid et de l\u00e0 il a \u00e9t\u00e9 sauv\u00e9 par ERA\u00a0 (\u00e9quipe de sauvetage). Eder est aussi pr\u00e9cieux que doux et gentil. Il est [&hellip;]<\/p>\n","protected":false},"author":1,"featured_media":0,"comment_status":"open","ping_status":"open","sticky":false,"template":"","format":"standard","meta":{"footnotes":""},"categories":[5,13],"tags":[],"class_list":["post-55170","post","type-post","status-publish","format-standard","hentry","category-galgos","category-ok-chiens"],"aioseo_notices":[],"_links":{"self":[{"href":"https:\/\/www.levriers-du-sud.org\/site\/wp-json\/wp\/v2\/posts\/55170","targetHints":{"allow":["GET"]}}],"collection":[{"href":"https:\/\/www.levriers-du-sud.org\/site\/wp-json\/wp\/v2\/posts"}],"about":[{"href":"https:\/\/www.levriers-du-sud.org\/site\/wp-json\/wp\/v2\/types\/post"}],"author":[{"embeddable":true,"href":"https:\/\/www.levriers-du-sud.org\/site\/wp-json\/wp\/v2\/users\/1"}],"replies":[{"embeddable":true,"href":"https:\/\/www.levriers-du-sud.org\/site\/wp-json\/wp\/v2\/comments?post=55170"}],"version-history":[{"count":1,"href":"https:\/\/www.levriers-du-sud.org\/site\/wp-json\/wp\/v2\/posts\/55170\/revisions"}],"predecessor-version":[{"id":55180,"href":"https:\/\/www.levriers-du-sud.org\/site\/wp-json\/wp\/v2\/posts\/55170\/revisions\/55180"}],"wp:attachment":[{"href":"https:\/\/www.levriers-du-sud.org\/site\/wp-json\/wp\/v2\/media?parent=55170"}],"wp:term":[{"taxonomy":"category","embeddable":true,"href":"https:\/\/www.levriers-du-sud.org\/site\/wp-json\/wp\/v2\/categories?post=55170"},{"taxonomy":"post_tag","embeddable":true,"href":"https:\/\/www.levriers-du-sud.org\/site\/wp-json\/wp\/v2\/tags?post=55170"}],"curies":[{"name":"wp","href":"https:\/\/api.w.org\/{rel}","templated":true}]}}