{"id":55804,"date":"2024-08-07T21:58:53","date_gmt":"2024-08-07T20:58:53","guid":{"rendered":"https:\/\/www.levriers-du-sud.org\/site\/?p=55804"},"modified":"2024-08-07T20:58:52","modified_gmt":"2024-08-07T19:58:52","slug":"triana-2","status":"publish","type":"post","link":"https:\/\/www.levriers-du-sud.org\/site\/07\/08\/2024\/triana-2\/","title":{"rendered":"Triana adopt\u00e9e"},"content":{"rendered":"<p><strong>Type :<\/strong> galgo<br \/>\n<strong>Sexe :<\/strong>femelle<br \/>\n<strong>Age :<\/strong> 11\/2018<br \/>\n<strong>Sant\u00e9\u00a0 :<\/strong>\u00a0 Positive Leishmaniose, pas craintive<strong><br \/>\nSituation :<\/strong> en refuge (Consuelo) \u00a0 \u00a0\u00a0<strong><br \/>\n<\/strong><\/p>\n<p><b>Commentaire :<\/b><br \/>\nDebut novembre, Consuelo avait \u00e9t\u00e9 appel\u00e9e pour une galga abandonn\u00e9e dans\u00a0 son village.<\/p>\n<p>Elle l&rsquo;avait accueilli au refuge mais la chienne \u00e9tait puc\u00e9e et elle n&rsquo;avait rien pu faire quand son propri\u00e9taire avait voulu la r\u00e9cup\u00e9rer.<\/p>\n<p>Il y a quelques jours (10dec) , ce chasseur a repris contact avec Consuelo pour accepter finalement de la lui c\u00e9der.<\/p>\n<p>En fait il pensait que la chienne \u00e9tait pleine et c&rsquo;est la raison pour laquelle il l&rsquo;avait reprise..<\/p>\n<p>Mais comme ce n&rsquo;est pas le cas, il s&rsquo;en d\u00e9barrasse \u00e0 nouveau.<\/p>\n<p>La chienne est dans le m\u00eame \u00e9tat de maigreur que quand consuelo l&rsquo;avait trouv\u00e9.. c&rsquo;est d\u00e9sesp\u00e9rant.<\/p>\n<p>Triana est donc maintenant au refuge et sous le nom de consuelo.. mais il faudrait qu&rsquo;elle puisse en sortir rapidement.<\/p>\n<p>Elle n&rsquo;est pas craintive, elle s&rsquo;entend avec les autres chiens sans problemes.<\/p>\n<p>Nous n&rsquo;avons pas encore de test chat.<\/p>\n<p>Mise \u00e0 jour le 25\/02\/24, Triana est positive Leishmaniose, elle est sous traitement.<\/p>\n<p>Triana adore les caresses et viens vers nous pour en avoir beaucoup, elle est douce, tranquille et a un tr\u00e8s bon caract\u00e8re.<\/p>\n<p><a href=\"https:\/\/www.levriers-du-sud.org\/site\/wp-content\/uploads\/2024\/02\/FB_IMG_1708619472213.jpg\">\u00a0<img loading=\"lazy\" decoding=\"async\" class=\"alignnone wp-image-56400\" src=\"https:\/\/www.levriers-du-sud.org\/site\/wp-content\/uploads\/2024\/02\/FB_IMG_1708619472213-300x294.jpg\" alt=\"\" width=\"271\" height=\"265\" srcset=\"https:\/\/www.levriers-du-sud.org\/site\/wp-content\/uploads\/2024\/02\/FB_IMG_1708619472213-300x294.jpg 300w, https:\/\/www.levriers-du-sud.org\/site\/wp-content\/uploads\/2024\/02\/FB_IMG_1708619472213-1024x1005.jpg 1024w, https:\/\/www.levriers-du-sud.org\/site\/wp-content\/uploads\/2024\/02\/FB_IMG_1708619472213-768x754.jpg 768w, https:\/\/www.levriers-du-sud.org\/site\/wp-content\/uploads\/2024\/02\/FB_IMG_1708619472213.jpg 1080w\" sizes=\"auto, (max-width: 271px) 100vw, 271px\" \/>\u00a0<\/a><a href=\"https:\/\/www.levriers-du-sud.org\/site\/wp-content\/uploads\/2024\/02\/FB_IMG_1708619466978.jpg\"><img loading=\"lazy\" decoding=\"async\" class=\"alignnone wp-image-56398\" src=\"https:\/\/www.levriers-du-sud.org\/site\/wp-content\/uploads\/2024\/02\/FB_IMG_1708619466978-245x300.jpg\" alt=\"\" width=\"219\" height=\"268\" srcset=\"https:\/\/www.levriers-du-sud.org\/site\/wp-content\/uploads\/2024\/02\/FB_IMG_1708619466978-245x300.jpg 245w, https:\/\/www.levriers-du-sud.org\/site\/wp-content\/uploads\/2024\/02\/FB_IMG_1708619466978-837x1024.jpg 837w, https:\/\/www.levriers-du-sud.org\/site\/wp-content\/uploads\/2024\/02\/FB_IMG_1708619466978-768x940.jpg 768w, https:\/\/www.levriers-du-sud.org\/site\/wp-content\/uploads\/2024\/02\/FB_IMG_1708619466978.jpg 1080w\" sizes=\"auto, (max-width: 219px) 100vw, 219px\" \/><\/a><\/p>\n<p><!--more--><\/p>\n<p><img loading=\"lazy\" decoding=\"async\" class=\"alignnone wp-image-55807 \" src=\"https:\/\/www.levriers-du-sud.org\/site\/wp-content\/uploads\/2023\/12\/ac43172b-afb7-4fbe-b72b-0974fa4df556-e1702845160222-300x275.jpg\" alt=\"\" width=\"289\" height=\"265\" srcset=\"https:\/\/www.levriers-du-sud.org\/site\/wp-content\/uploads\/2023\/12\/ac43172b-afb7-4fbe-b72b-0974fa4df556-e1702845160222-300x275.jpg 300w, https:\/\/www.levriers-du-sud.org\/site\/wp-content\/uploads\/2023\/12\/ac43172b-afb7-4fbe-b72b-0974fa4df556-e1702845160222-1024x938.jpg 1024w, https:\/\/www.levriers-du-sud.org\/site\/wp-content\/uploads\/2023\/12\/ac43172b-afb7-4fbe-b72b-0974fa4df556-e1702845160222-768x703.jpg 768w, https:\/\/www.levriers-du-sud.org\/site\/wp-content\/uploads\/2023\/12\/ac43172b-afb7-4fbe-b72b-0974fa4df556-e1702845160222.jpg 1153w\" sizes=\"auto, (max-width: 289px) 100vw, 289px\" \/>\u00a0<img loading=\"lazy\" decoding=\"async\" class=\"alignnone wp-image-55809 \" src=\"https:\/\/www.levriers-du-sud.org\/site\/wp-content\/uploads\/2023\/12\/760d4e60-6daf-4f1e-b6b7-fe68303a66be-e1702845201753-281x300.jpg\" alt=\"\" width=\"248\" height=\"265\" srcset=\"https:\/\/www.levriers-du-sud.org\/site\/wp-content\/uploads\/2023\/12\/760d4e60-6daf-4f1e-b6b7-fe68303a66be-e1702845201753-281x300.jpg 281w, https:\/\/www.levriers-du-sud.org\/site\/wp-content\/uploads\/2023\/12\/760d4e60-6daf-4f1e-b6b7-fe68303a66be-e1702845201753-960x1024.jpg 960w, https:\/\/www.levriers-du-sud.org\/site\/wp-content\/uploads\/2023\/12\/760d4e60-6daf-4f1e-b6b7-fe68303a66be-e1702845201753-768x819.jpg 768w, https:\/\/www.levriers-du-sud.org\/site\/wp-content\/uploads\/2023\/12\/760d4e60-6daf-4f1e-b6b7-fe68303a66be-e1702845201753.jpg 1243w\" sizes=\"auto, (max-width: 248px) 100vw, 248px\" \/><\/p>\n<p><a href=\"https:\/\/www.levriers-du-sud.org\/site\/wp-content\/uploads\/2024\/02\/FB_IMG_1708619477086.jpg\"><img loading=\"lazy\" decoding=\"async\" class=\"alignnone wp-image-56402\" src=\"https:\/\/www.levriers-du-sud.org\/site\/wp-content\/uploads\/2024\/02\/FB_IMG_1708619477086-283x300.jpg\" alt=\"\" width=\"276\" height=\"293\" srcset=\"https:\/\/www.levriers-du-sud.org\/site\/wp-content\/uploads\/2024\/02\/FB_IMG_1708619477086-283x300.jpg 283w, https:\/\/www.levriers-du-sud.org\/site\/wp-content\/uploads\/2024\/02\/FB_IMG_1708619477086-967x1024.jpg 967w, https:\/\/www.levriers-du-sud.org\/site\/wp-content\/uploads\/2024\/02\/FB_IMG_1708619477086-768x814.jpg 768w, https:\/\/www.levriers-du-sud.org\/site\/wp-content\/uploads\/2024\/02\/FB_IMG_1708619477086.jpg 1080w\" sizes=\"auto, (max-width: 276px) 100vw, 276px\" \/> <\/a><a href=\"https:\/\/www.levriers-du-sud.org\/site\/wp-content\/uploads\/2024\/02\/FB_IMG_1708619474735.jpg\"><img loading=\"lazy\" decoding=\"async\" class=\"alignnone wp-image-56401\" src=\"https:\/\/www.levriers-du-sud.org\/site\/wp-content\/uploads\/2024\/02\/FB_IMG_1708619474735-248x300.jpg\" alt=\"\" width=\"241\" height=\"292\" srcset=\"https:\/\/www.levriers-du-sud.org\/site\/wp-content\/uploads\/2024\/02\/FB_IMG_1708619474735-248x300.jpg 248w, https:\/\/www.levriers-du-sud.org\/site\/wp-content\/uploads\/2024\/02\/FB_IMG_1708619474735-846x1024.jpg 846w, https:\/\/www.levriers-du-sud.org\/site\/wp-content\/uploads\/2024\/02\/FB_IMG_1708619474735-768x929.jpg 768w, https:\/\/www.levriers-du-sud.org\/site\/wp-content\/uploads\/2024\/02\/FB_IMG_1708619474735.jpg 1080w\" sizes=\"auto, (max-width: 241px) 100vw, 241px\" \/><\/a><\/p>\n<p><a href=\"https:\/\/www.levriers-du-sud.org\/site\/wp-content\/uploads\/2024\/02\/FB_IMG_1708619479815.jpg\">\u00a0<\/a><\/p>\n<p><a href=\"https:\/\/www.levriers-du-sud.org\/site\/wp-content\/uploads\/2024\/02\/FB_IMG_1708619469630.jpg\"><img loading=\"lazy\" decoding=\"async\" class=\"alignnone wp-image-56399\" src=\"https:\/\/www.levriers-du-sud.org\/site\/wp-content\/uploads\/2024\/02\/FB_IMG_1708619469630-300x224.jpg\" alt=\"\" width=\"278\" height=\"207\" srcset=\"https:\/\/www.levriers-du-sud.org\/site\/wp-content\/uploads\/2024\/02\/FB_IMG_1708619469630-300x224.jpg 300w, https:\/\/www.levriers-du-sud.org\/site\/wp-content\/uploads\/2024\/02\/FB_IMG_1708619469630-1024x766.jpg 1024w, https:\/\/www.levriers-du-sud.org\/site\/wp-content\/uploads\/2024\/02\/FB_IMG_1708619469630-768x575.jpg 768w, https:\/\/www.levriers-du-sud.org\/site\/wp-content\/uploads\/2024\/02\/FB_IMG_1708619469630.jpg 1080w\" sizes=\"auto, (max-width: 278px) 100vw, 278px\" \/><\/a> <a href=\"https:\/\/www.levriers-du-sud.org\/site\/wp-content\/uploads\/2024\/02\/FB_IMG_1708619479815.jpg\"><img loading=\"lazy\" decoding=\"async\" class=\"alignnone wp-image-56403\" src=\"https:\/\/www.levriers-du-sud.org\/site\/wp-content\/uploads\/2024\/02\/FB_IMG_1708619479815-300x224.jpg\" alt=\"\" width=\"281\" height=\"210\" srcset=\"https:\/\/www.levriers-du-sud.org\/site\/wp-content\/uploads\/2024\/02\/FB_IMG_1708619479815-300x224.jpg 300w, https:\/\/www.levriers-du-sud.org\/site\/wp-content\/uploads\/2024\/02\/FB_IMG_1708619479815-1024x763.jpg 1024w, https:\/\/www.levriers-du-sud.org\/site\/wp-content\/uploads\/2024\/02\/FB_IMG_1708619479815-768x572.jpg 768w, https:\/\/www.levriers-du-sud.org\/site\/wp-content\/uploads\/2024\/02\/FB_IMG_1708619479815.jpg 1080w\" sizes=\"auto, (max-width: 281px) 100vw, 281px\" \/><\/a><\/p>\n<p>Virginie P 100 euros<\/p>\n","protected":false},"excerpt":{"rendered":"<p>Type : galgo Sexe :femelle Age : 11\/2018 Sant\u00e9\u00a0 :\u00a0 Positive Leishmaniose, pas craintive Situation : en refuge (Consuelo) \u00a0 \u00a0\u00a0 Commentaire : Debut novembre, Consuelo avait \u00e9t\u00e9 appel\u00e9e pour une galga abandonn\u00e9e dans\u00a0 son village. Elle l&rsquo;avait accueilli au refuge mais la chienne \u00e9tait puc\u00e9e et elle n&rsquo;avait rien pu faire quand son propri\u00e9taire [&hellip;]<\/p>\n","protected":false},"author":1,"featured_media":0,"comment_status":"open","ping_status":"open","sticky":false,"template":"","format":"standard","meta":{"footnotes":""},"categories":[5,19,13,16,4],"tags":[],"class_list":["post-55804","post","type-post","status-publish","format-standard","hentry","category-galgos","category-galgos-adoptes","category-ok-chiens","category-pas-ok-chats","category-urgences"],"aioseo_notices":[],"_links":{"self":[{"href":"https:\/\/www.levriers-du-sud.org\/site\/wp-json\/wp\/v2\/posts\/55804","targetHints":{"allow":["GET"]}}],"collection":[{"href":"https:\/\/www.levriers-du-sud.org\/site\/wp-json\/wp\/v2\/posts"}],"about":[{"href":"https:\/\/www.levriers-du-sud.org\/site\/wp-json\/wp\/v2\/types\/post"}],"author":[{"embeddable":true,"href":"https:\/\/www.levriers-du-sud.org\/site\/wp-json\/wp\/v2\/users\/1"}],"replies":[{"embeddable":true,"href":"https:\/\/www.levriers-du-sud.org\/site\/wp-json\/wp\/v2\/comments?post=55804"}],"version-history":[{"count":7,"href":"https:\/\/www.levriers-du-sud.org\/site\/wp-json\/wp\/v2\/posts\/55804\/revisions"}],"predecessor-version":[{"id":57227,"href":"https:\/\/www.levriers-du-sud.org\/site\/wp-json\/wp\/v2\/posts\/55804\/revisions\/57227"}],"wp:attachment":[{"href":"https:\/\/www.levriers-du-sud.org\/site\/wp-json\/wp\/v2\/media?parent=55804"}],"wp:term":[{"taxonomy":"category","embeddable":true,"href":"https:\/\/www.levriers-du-sud.org\/site\/wp-json\/wp\/v2\/categories?post=55804"},{"taxonomy":"post_tag","embeddable":true,"href":"https:\/\/www.levriers-du-sud.org\/site\/wp-json\/wp\/v2\/tags?post=55804"}],"curies":[{"name":"wp","href":"https:\/\/api.w.org\/{rel}","templated":true}]}}