{"id":56072,"date":"2024-01-17T00:55:58","date_gmt":"2024-01-16T23:55:58","guid":{"rendered":"https:\/\/www.levriers-du-sud.org\/site\/?p=56072"},"modified":"2024-01-20T20:28:16","modified_gmt":"2024-01-20T19:28:16","slug":"blaky","status":"publish","type":"post","link":"https:\/\/www.levriers-du-sud.org\/site\/17\/01\/2024\/blaky\/","title":{"rendered":"Blaky (Adopt\u00e9e)"},"content":{"rendered":"<p><strong>Type :<\/strong> Crois\u00e9e<br \/>\n<strong>Sexe : <\/strong>Femelle<br \/>\n<strong>Age :<\/strong> 08\/2023<br \/>\n<strong>Sant\u00e9\u00a0 :<\/strong> St\u00e9rilis\u00e9e, N\u00e9gative 3 MM<strong><br \/>\nSituation :<\/strong> En refuge (Consuelo)<strong><br \/>\n<\/strong><\/p>\n<p><strong>Commentaire :<\/strong><\/p>\n<p>Hauteur 23 CM, poids approximatif 3,7 kg.<\/p>\n<p>Blaky est une chienne tr\u00e8s affectueuse, elle est sociable avec les autres chiens.<\/p>\n<p>Quelqu&rsquo;un l&rsquo;a trouv\u00e9e dans la rue et l&rsquo;a amen\u00e9e au refuge, nous ne connaissons pas son histoire.<\/p>\n<p><a href=\"https:\/\/www.levriers-du-sud.org\/site\/wp-content\/uploads\/2024\/01\/20240116_132146.jpg\">\u00a0<\/a><a href=\"https:\/\/www.levriers-du-sud.org\/site\/wp-content\/uploads\/2024\/01\/20240116_132155.jpg\"><img loading=\"lazy\" decoding=\"async\" class=\"alignnone wp-image-56077\" src=\"https:\/\/www.levriers-du-sud.org\/site\/wp-content\/uploads\/2024\/01\/20240116_132155-300x241.jpg\" alt=\"\" width=\"279\" height=\"224\" srcset=\"https:\/\/www.levriers-du-sud.org\/site\/wp-content\/uploads\/2024\/01\/20240116_132155-300x241.jpg 300w, https:\/\/www.levriers-du-sud.org\/site\/wp-content\/uploads\/2024\/01\/20240116_132155-1024x824.jpg 1024w, https:\/\/www.levriers-du-sud.org\/site\/wp-content\/uploads\/2024\/01\/20240116_132155-768x618.jpg 768w, https:\/\/www.levriers-du-sud.org\/site\/wp-content\/uploads\/2024\/01\/20240116_132155.jpg 1356w\" sizes=\"auto, (max-width: 279px) 100vw, 279px\" \/> <\/a><a href=\"https:\/\/www.levriers-du-sud.org\/site\/wp-content\/uploads\/2024\/01\/20240116_132210-scaled-e1705449048633.jpg\"><img loading=\"lazy\" decoding=\"async\" class=\"alignnone wp-image-56080\" src=\"https:\/\/www.levriers-du-sud.org\/site\/wp-content\/uploads\/2024\/01\/20240116_132210-scaled-e1705449048633-300x263.jpg\" alt=\"\" width=\"256\" height=\"225\" srcset=\"https:\/\/www.levriers-du-sud.org\/site\/wp-content\/uploads\/2024\/01\/20240116_132210-scaled-e1705449048633-300x263.jpg 300w, https:\/\/www.levriers-du-sud.org\/site\/wp-content\/uploads\/2024\/01\/20240116_132210-scaled-e1705449048633-1024x896.jpg 1024w, https:\/\/www.levriers-du-sud.org\/site\/wp-content\/uploads\/2024\/01\/20240116_132210-scaled-e1705449048633-768x672.jpg 768w, https:\/\/www.levriers-du-sud.org\/site\/wp-content\/uploads\/2024\/01\/20240116_132210-scaled-e1705449048633.jpg 1501w\" sizes=\"auto, (max-width: 256px) 100vw, 256px\" \/><\/a><\/p>\n<p><!--more--><\/p>\n<p><a href=\"https:\/\/www.levriers-du-sud.org\/site\/wp-content\/uploads\/2024\/01\/20240116_132147-scaled-e1705449032580.jpg\"><img loading=\"lazy\" decoding=\"async\" class=\"alignnone wp-image-56076\" src=\"https:\/\/www.levriers-du-sud.org\/site\/wp-content\/uploads\/2024\/01\/20240116_132147-scaled-e1705449032580-239x300.jpg\" alt=\"\" width=\"205\" height=\"257\" srcset=\"https:\/\/www.levriers-du-sud.org\/site\/wp-content\/uploads\/2024\/01\/20240116_132147-scaled-e1705449032580-239x300.jpg 239w, https:\/\/www.levriers-du-sud.org\/site\/wp-content\/uploads\/2024\/01\/20240116_132147-scaled-e1705449032580-814x1024.jpg 814w, https:\/\/www.levriers-du-sud.org\/site\/wp-content\/uploads\/2024\/01\/20240116_132147-scaled-e1705449032580-768x966.jpg 768w, https:\/\/www.levriers-du-sud.org\/site\/wp-content\/uploads\/2024\/01\/20240116_132147-scaled-e1705449032580.jpg 1126w\" sizes=\"auto, (max-width: 205px) 100vw, 205px\" \/><\/a>\u00a0<a href=\"https:\/\/www.levriers-du-sud.org\/site\/wp-content\/uploads\/2024\/01\/20240116_132156.jpg\"><img loading=\"lazy\" decoding=\"async\" class=\"alignnone wp-image-56078\" src=\"https:\/\/www.levriers-du-sud.org\/site\/wp-content\/uploads\/2024\/01\/20240116_132156-300x225.jpg\" alt=\"\" width=\"280\" height=\"210\" srcset=\"https:\/\/www.levriers-du-sud.org\/site\/wp-content\/uploads\/2024\/01\/20240116_132156-300x225.jpg 300w, https:\/\/www.levriers-du-sud.org\/site\/wp-content\/uploads\/2024\/01\/20240116_132156-1024x768.jpg 1024w, https:\/\/www.levriers-du-sud.org\/site\/wp-content\/uploads\/2024\/01\/20240116_132156-768x576.jpg 768w, https:\/\/www.levriers-du-sud.org\/site\/wp-content\/uploads\/2024\/01\/20240116_132156-1536x1152.jpg 1536w, https:\/\/www.levriers-du-sud.org\/site\/wp-content\/uploads\/2024\/01\/20240116_132156-2048x1536.jpg 2048w\" sizes=\"auto, (max-width: 280px) 100vw, 280px\" \/><\/a><\/p>\n<p><a href=\"https:\/\/www.levriers-du-sud.org\/site\/wp-content\/uploads\/2024\/01\/20240116_132157.jpg\"><img loading=\"lazy\" decoding=\"async\" class=\"alignnone size-medium wp-image-56079\" src=\"https:\/\/www.levriers-du-sud.org\/site\/wp-content\/uploads\/2024\/01\/20240116_132157-300x225.jpg\" alt=\"\" width=\"300\" height=\"225\" srcset=\"https:\/\/www.levriers-du-sud.org\/site\/wp-content\/uploads\/2024\/01\/20240116_132157-300x225.jpg 300w, https:\/\/www.levriers-du-sud.org\/site\/wp-content\/uploads\/2024\/01\/20240116_132157-1024x768.jpg 1024w, https:\/\/www.levriers-du-sud.org\/site\/wp-content\/uploads\/2024\/01\/20240116_132157-768x576.jpg 768w, https:\/\/www.levriers-du-sud.org\/site\/wp-content\/uploads\/2024\/01\/20240116_132157-1536x1152.jpg 1536w, https:\/\/www.levriers-du-sud.org\/site\/wp-content\/uploads\/2024\/01\/20240116_132157.jpg 1693w\" sizes=\"auto, (max-width: 300px) 100vw, 300px\" \/><\/a><\/p>\n<p>&nbsp;<\/p>\n","protected":false},"excerpt":{"rendered":"<p>Type : Crois\u00e9e Sexe : Femelle Age : 08\/2023 Sant\u00e9\u00a0 : St\u00e9rilis\u00e9e, N\u00e9gative 3 MM Situation : En refuge (Consuelo) Commentaire : Hauteur 23 CM, poids approximatif 3,7 kg. Blaky est une chienne tr\u00e8s affectueuse, elle est sociable avec les autres chiens. Quelqu&rsquo;un l&rsquo;a trouv\u00e9e dans la rue et l&rsquo;a amen\u00e9e au refuge, nous ne [&hellip;]<\/p>\n","protected":false},"author":3,"featured_media":0,"comment_status":"open","ping_status":"open","sticky":false,"template":"","format":"standard","meta":{"footnotes":""},"categories":[8,27,13],"tags":[],"class_list":["post-56072","post","type-post","status-publish","format-standard","hentry","category-coup-pouce","category-coup-de-pouce-adoptes","category-ok-chiens"],"aioseo_notices":[],"_links":{"self":[{"href":"https:\/\/www.levriers-du-sud.org\/site\/wp-json\/wp\/v2\/posts\/56072","targetHints":{"allow":["GET"]}}],"collection":[{"href":"https:\/\/www.levriers-du-sud.org\/site\/wp-json\/wp\/v2\/posts"}],"about":[{"href":"https:\/\/www.levriers-du-sud.org\/site\/wp-json\/wp\/v2\/types\/post"}],"author":[{"embeddable":true,"href":"https:\/\/www.levriers-du-sud.org\/site\/wp-json\/wp\/v2\/users\/3"}],"replies":[{"embeddable":true,"href":"https:\/\/www.levriers-du-sud.org\/site\/wp-json\/wp\/v2\/comments?post=56072"}],"version-history":[{"count":4,"href":"https:\/\/www.levriers-du-sud.org\/site\/wp-json\/wp\/v2\/posts\/56072\/revisions"}],"predecessor-version":[{"id":56147,"href":"https:\/\/www.levriers-du-sud.org\/site\/wp-json\/wp\/v2\/posts\/56072\/revisions\/56147"}],"wp:attachment":[{"href":"https:\/\/www.levriers-du-sud.org\/site\/wp-json\/wp\/v2\/media?parent=56072"}],"wp:term":[{"taxonomy":"category","embeddable":true,"href":"https:\/\/www.levriers-du-sud.org\/site\/wp-json\/wp\/v2\/categories?post=56072"},{"taxonomy":"post_tag","embeddable":true,"href":"https:\/\/www.levriers-du-sud.org\/site\/wp-json\/wp\/v2\/tags?post=56072"}],"curies":[{"name":"wp","href":"https:\/\/api.w.org\/{rel}","templated":true}]}}