{"id":56155,"date":"2024-01-28T14:50:23","date_gmt":"2024-01-28T13:50:23","guid":{"rendered":"https:\/\/www.levriers-du-sud.org\/site\/?p=56155"},"modified":"2024-02-11T09:31:53","modified_gmt":"2024-02-11T08:31:53","slug":"soja-2","status":"publish","type":"post","link":"https:\/\/www.levriers-du-sud.org\/site\/28\/01\/2024\/soja-2\/","title":{"rendered":"Soja Adopt\u00e9e"},"content":{"rendered":"<p><strong>Type : <\/strong>crois\u00e9e mastin<br \/>\n<strong>Sexe : <\/strong>Femelle<\/p>\n<p><strong>Age : <\/strong>5 ans et 5 mois<br \/>\n<strong>Sant\u00e9 :<\/strong>st\u00e9rilis\u00e9e, negative aux 3MM<strong><br \/>\nSituation: <\/strong>en refuge (ACUNR)<strong><br \/>\n<\/strong><\/p>\n<p><strong>Commentaire :<\/strong><\/p>\n<p>Secourue sur une route alors qu&rsquo;elle errait abandonn\u00e9e sur le bas-c\u00f4t\u00e9 aux abords d&rsquo;un village de Tol\u00e8de, elle est arriv\u00e9e vers nous extr\u00eamement maigre et abattue. Maintenant, apr\u00e8s avoir re\u00e7u les soins v\u00e9t\u00e9rinaires n\u00e9cessaires, le repos et une alimentation appropri\u00e9e, cette princesse est r\u00e9tablie et heureuse.<\/p>\n<div class=\"w-full text-token-text-primary\" data-testid=\"conversation-turn-5\">\n<div class=\"px-4 py-2 justify-center text-base md:gap-6 m-auto\">\n<div class=\"flex flex-1 text-base mx-auto gap-3 md:px-5 lg:px-1 xl:px-5 md:max-w-3xl lg:max-w-[40rem] xl:max-w-[48rem] group\">\n<div class=\"relative flex w-full flex-col lg:w-[calc(100%-115px)] agent-turn\">\n<div class=\"flex-col gap-1 md:gap-3\">\n<div class=\"flex flex-grow flex-col max-w-full\">\n<div class=\"min-h-[20px] text-message flex flex-col items-start gap-3 whitespace-pre-wrap break-words [.text-message+&amp;]:mt-5 overflow-x-auto\" data-message-author-role=\"assistant\" data-message-id=\"6caf4bd1-0e75-4a26-80bc-1917b27e5ce7\">\n<div class=\"markdown prose w-full break-words dark:prose-invert light\">\n<p>Malgr\u00e9 le pass\u00e9 difficile qu&rsquo;elle tra\u00eenait avec elle, cette petite chienne est tout amour. Elle est arriv\u00e9e tr\u00e8s affaiblie tant physiquement qu&rsquo;\u00e9motionnellement, et d\u00e8s qu&rsquo;elle a re\u00e7u des soins minimaux et surtout beaucoup d&rsquo;amour de la part des b\u00e9n\u00e9voles, elle est devenue une chienne joueuse et heureuse qui ne cesse de nous montrer sa reconnaissance et son affection. Elle est en train d&rsquo;apprendre \u00e0 marcher en laisse et avec un harnais, et m\u00eame si c&rsquo;est quelque chose d&rsquo;inconnu pour elle, elle progresse peu \u00e0 peu et profite des promenades.<\/p>\n<p><a href=\"https:\/\/www.levriers-du-sud.org\/site\/wp-content\/uploads\/2024\/01\/662_SOJA_ACUNR_2.jpg\">\u00a0<\/a><a href=\"https:\/\/www.levriers-du-sud.org\/site\/wp-content\/uploads\/2024\/01\/662_SOJA_ACUNR_3.jpg\">\u00a0<\/a><a href=\"https:\/\/www.levriers-du-sud.org\/site\/wp-content\/uploads\/2024\/01\/662_SOJA_ACUNR_2.jpg\">\u00a0<\/a><a href=\"https:\/\/www.levriers-du-sud.org\/site\/wp-content\/uploads\/2024\/01\/662_SOJA_ACUNR_1.jpg\"><img loading=\"lazy\" decoding=\"async\" class=\"alignnone wp-image-56158\" src=\"https:\/\/www.levriers-du-sud.org\/site\/wp-content\/uploads\/2024\/01\/662_SOJA_ACUNR_1-300x234.jpg\" alt=\"\" width=\"263\" height=\"205\" srcset=\"https:\/\/www.levriers-du-sud.org\/site\/wp-content\/uploads\/2024\/01\/662_SOJA_ACUNR_1-300x234.jpg 300w, https:\/\/www.levriers-du-sud.org\/site\/wp-content\/uploads\/2024\/01\/662_SOJA_ACUNR_1.jpg 654w\" sizes=\"auto, (max-width: 263px) 100vw, 263px\" \/> <\/a><a href=\"https:\/\/www.levriers-du-sud.org\/site\/wp-content\/uploads\/2024\/01\/662_SOJA_ACUNR_3.jpg\"><img loading=\"lazy\" decoding=\"async\" class=\"alignnone wp-image-56159\" src=\"https:\/\/www.levriers-du-sud.org\/site\/wp-content\/uploads\/2024\/01\/662_SOJA_ACUNR_3-300x191.jpg\" alt=\"\" width=\"280\" height=\"178\" srcset=\"https:\/\/www.levriers-du-sud.org\/site\/wp-content\/uploads\/2024\/01\/662_SOJA_ACUNR_3-300x191.jpg 300w, https:\/\/www.levriers-du-sud.org\/site\/wp-content\/uploads\/2024\/01\/662_SOJA_ACUNR_3-1024x651.jpg 1024w, https:\/\/www.levriers-du-sud.org\/site\/wp-content\/uploads\/2024\/01\/662_SOJA_ACUNR_3-768x488.jpg 768w, https:\/\/www.levriers-du-sud.org\/site\/wp-content\/uploads\/2024\/01\/662_SOJA_ACUNR_3.jpg 1298w\" sizes=\"auto, (max-width: 280px) 100vw, 280px\" \/><\/a><\/p>\n<\/div>\n<\/div>\n<p><!--more--><\/p>\n<\/div>\n<\/div>\n<\/div>\n<\/div>\n<\/div>\n<\/div>\n<p><!--more--><\/p>\n<p><a href=\"https:\/\/www.levriers-du-sud.org\/site\/wp-content\/uploads\/2024\/01\/662_SOJA_ACUNR_1.jpg\">\u00a0<\/a><a href=\"https:\/\/www.levriers-du-sud.org\/site\/wp-content\/uploads\/2024\/01\/662_SOJA_ACUNR_4.jpg\"><img loading=\"lazy\" decoding=\"async\" class=\"alignnone wp-image-56156\" src=\"https:\/\/www.levriers-du-sud.org\/site\/wp-content\/uploads\/2024\/01\/662_SOJA_ACUNR_4-295x300.jpg\" alt=\"\" width=\"280\" height=\"285\" srcset=\"https:\/\/www.levriers-du-sud.org\/site\/wp-content\/uploads\/2024\/01\/662_SOJA_ACUNR_4-295x300.jpg 295w, https:\/\/www.levriers-du-sud.org\/site\/wp-content\/uploads\/2024\/01\/662_SOJA_ACUNR_4-1007x1024.jpg 1007w, https:\/\/www.levriers-du-sud.org\/site\/wp-content\/uploads\/2024\/01\/662_SOJA_ACUNR_4-768x781.jpg 768w, https:\/\/www.levriers-du-sud.org\/site\/wp-content\/uploads\/2024\/01\/662_SOJA_ACUNR_4.jpg 1180w\" sizes=\"auto, (max-width: 280px) 100vw, 280px\" \/> <\/a><a href=\"https:\/\/www.levriers-du-sud.org\/site\/wp-content\/uploads\/2024\/01\/662_SOJA_ACUNR_2.jpg\"><img loading=\"lazy\" decoding=\"async\" class=\"alignnone wp-image-56157\" src=\"https:\/\/www.levriers-du-sud.org\/site\/wp-content\/uploads\/2024\/01\/662_SOJA_ACUNR_2-252x300.jpg\" alt=\"\" width=\"241\" height=\"287\" srcset=\"https:\/\/www.levriers-du-sud.org\/site\/wp-content\/uploads\/2024\/01\/662_SOJA_ACUNR_2-252x300.jpg 252w, https:\/\/www.levriers-du-sud.org\/site\/wp-content\/uploads\/2024\/01\/662_SOJA_ACUNR_2-858x1024.jpg 858w, https:\/\/www.levriers-du-sud.org\/site\/wp-content\/uploads\/2024\/01\/662_SOJA_ACUNR_2-768x916.jpg 768w, https:\/\/www.levriers-du-sud.org\/site\/wp-content\/uploads\/2024\/01\/662_SOJA_ACUNR_2.jpg 1006w\" sizes=\"auto, (max-width: 241px) 100vw, 241px\" \/><\/a><\/p>\n","protected":false},"excerpt":{"rendered":"<p>Type : crois\u00e9e mastin Sexe : Femelle Age : 5 ans et 5 mois Sant\u00e9 :st\u00e9rilis\u00e9e, negative aux 3MM Situation: en refuge (ACUNR) Commentaire : Secourue sur une route alors qu&rsquo;elle errait abandonn\u00e9e sur le bas-c\u00f4t\u00e9 aux abords d&rsquo;un village de Tol\u00e8de, elle est arriv\u00e9e vers nous extr\u00eamement maigre et abattue. Maintenant, apr\u00e8s avoir re\u00e7u [&hellip;]<\/p>\n","protected":false},"author":3,"featured_media":0,"comment_status":"open","ping_status":"open","sticky":false,"template":"","format":"standard","meta":{"footnotes":""},"categories":[8,22,13,16],"tags":[],"class_list":["post-56155","post","type-post","status-publish","format-standard","hentry","category-coup-pouce","category-croises-adoptes","category-ok-chiens","category-pas-ok-chats"],"aioseo_notices":[],"_links":{"self":[{"href":"https:\/\/www.levriers-du-sud.org\/site\/wp-json\/wp\/v2\/posts\/56155","targetHints":{"allow":["GET"]}}],"collection":[{"href":"https:\/\/www.levriers-du-sud.org\/site\/wp-json\/wp\/v2\/posts"}],"about":[{"href":"https:\/\/www.levriers-du-sud.org\/site\/wp-json\/wp\/v2\/types\/post"}],"author":[{"embeddable":true,"href":"https:\/\/www.levriers-du-sud.org\/site\/wp-json\/wp\/v2\/users\/3"}],"replies":[{"embeddable":true,"href":"https:\/\/www.levriers-du-sud.org\/site\/wp-json\/wp\/v2\/comments?post=56155"}],"version-history":[{"count":1,"href":"https:\/\/www.levriers-du-sud.org\/site\/wp-json\/wp\/v2\/posts\/56155\/revisions"}],"predecessor-version":[{"id":56160,"href":"https:\/\/www.levriers-du-sud.org\/site\/wp-json\/wp\/v2\/posts\/56155\/revisions\/56160"}],"wp:attachment":[{"href":"https:\/\/www.levriers-du-sud.org\/site\/wp-json\/wp\/v2\/media?parent=56155"}],"wp:term":[{"taxonomy":"category","embeddable":true,"href":"https:\/\/www.levriers-du-sud.org\/site\/wp-json\/wp\/v2\/categories?post=56155"},{"taxonomy":"post_tag","embeddable":true,"href":"https:\/\/www.levriers-du-sud.org\/site\/wp-json\/wp\/v2\/tags?post=56155"}],"curies":[{"name":"wp","href":"https:\/\/api.w.org\/{rel}","templated":true}]}}