{"id":56162,"date":"2024-01-28T14:55:12","date_gmt":"2024-01-28T13:55:12","guid":{"rendered":"https:\/\/www.levriers-du-sud.org\/site\/?p=56162"},"modified":"2024-01-28T14:56:11","modified_gmt":"2024-01-28T13:56:11","slug":"roger","status":"publish","type":"post","link":"https:\/\/www.levriers-du-sud.org\/site\/28\/01\/2024\/roger\/","title":{"rendered":"Roger"},"content":{"rendered":"<p><strong>Type : <\/strong>crois\u00e9 mastin<br \/>\n<strong>Sexe : <\/strong>M\u00e2le<\/p>\n<p><strong>Age : <\/strong>9 ans et 9 mois<br \/>\n<strong>Sant\u00e9 :<\/strong>st\u00e9rilis\u00e9, positif leishmaniose<strong><br \/>\nSituation: <\/strong>en refuge (ACUNR)<strong><br \/>\n<\/strong><\/p>\n<p><strong>Commentaire :<\/strong><\/p>\n<p>Nous avons recueilli Roger alors qu&rsquo;il \u00e9tait malade et abandonn\u00e9, errant seul pr\u00e8s d&rsquo;un village de Guadalajara.<\/p>\n<p>Roger est tout amour. Il est arriv\u00e9 chez nous malade, avec des blessures ouvertes, maigre et abattu. Apr\u00e8s avoir re\u00e7u des soins v\u00e9t\u00e9rinaires, commenc\u00e9 \u00e0 bien manger et recevoir tout l&rsquo;amour que nous pouvons lui donner, ce grand gaillard a fait un revirement total et a d\u00e9couvert une nouvelle vie qu&rsquo;il ne cesse de remercier. Il est super affectueux, sympathique et bienveillant. Il s&rsquo;entend tr\u00e8s bien avec ses compagnons et adore faire des promenades avec vous, ce qu&rsquo;il fait tr\u00e8s bien en marchant \u00e0 vos c\u00f4t\u00e9s sans tirer. Roger est un tr\u00e9sor.<\/p>\n<p>Positif \u00e0 la leishmaniose, principalement affect\u00e9 au niveau de sa peau et de ses pattes, apr\u00e8s avoir re\u00e7u son traitement, Roger s&rsquo;est beaucoup am\u00e9lior\u00e9 et se porte tr\u00e8s bien.<\/p>\n<p><a href=\"https:\/\/www.levriers-du-sud.org\/site\/wp-content\/uploads\/2024\/01\/669_ROGER_ACUNR_4.jpg\">\u00a0<\/a><a href=\"https:\/\/www.levriers-du-sud.org\/site\/wp-content\/uploads\/2024\/01\/669_ROGER_ACUNR_1.jpg\"><img loading=\"lazy\" decoding=\"async\" class=\"alignnone wp-image-56165\" src=\"https:\/\/www.levriers-du-sud.org\/site\/wp-content\/uploads\/2024\/01\/669_ROGER_ACUNR_1-300x241.jpg\" alt=\"\" width=\"279\" height=\"224\" srcset=\"https:\/\/www.levriers-du-sud.org\/site\/wp-content\/uploads\/2024\/01\/669_ROGER_ACUNR_1-300x241.jpg 300w, https:\/\/www.levriers-du-sud.org\/site\/wp-content\/uploads\/2024\/01\/669_ROGER_ACUNR_1-768x618.jpg 768w, https:\/\/www.levriers-du-sud.org\/site\/wp-content\/uploads\/2024\/01\/669_ROGER_ACUNR_1.jpg 951w\" sizes=\"auto, (max-width: 279px) 100vw, 279px\" \/> <\/a><a href=\"https:\/\/www.levriers-du-sud.org\/site\/wp-content\/uploads\/2024\/01\/669_ROGER_ACUNR_4.jpg\"><img loading=\"lazy\" decoding=\"async\" class=\"alignnone wp-image-56164\" src=\"https:\/\/www.levriers-du-sud.org\/site\/wp-content\/uploads\/2024\/01\/669_ROGER_ACUNR_4-300x258.jpg\" alt=\"\" width=\"262\" height=\"225\" srcset=\"https:\/\/www.levriers-du-sud.org\/site\/wp-content\/uploads\/2024\/01\/669_ROGER_ACUNR_4-300x258.jpg 300w, https:\/\/www.levriers-du-sud.org\/site\/wp-content\/uploads\/2024\/01\/669_ROGER_ACUNR_4-768x661.jpg 768w, https:\/\/www.levriers-du-sud.org\/site\/wp-content\/uploads\/2024\/01\/669_ROGER_ACUNR_4.jpg 936w\" sizes=\"auto, (max-width: 262px) 100vw, 262px\" \/><\/a><\/p>\n<p><!--more--><\/p>\n<p><a href=\"https:\/\/www.levriers-du-sud.org\/site\/wp-content\/uploads\/2024\/01\/669_ROGER_ACUNR_2.jpg\"><img loading=\"lazy\" decoding=\"async\" class=\"alignnone wp-image-56166\" src=\"https:\/\/www.levriers-du-sud.org\/site\/wp-content\/uploads\/2024\/01\/669_ROGER_ACUNR_2-300x235.jpg\" alt=\"\" width=\"261\" height=\"205\" srcset=\"https:\/\/www.levriers-du-sud.org\/site\/wp-content\/uploads\/2024\/01\/669_ROGER_ACUNR_2-300x235.jpg 300w, https:\/\/www.levriers-du-sud.org\/site\/wp-content\/uploads\/2024\/01\/669_ROGER_ACUNR_2-768x603.jpg 768w, https:\/\/www.levriers-du-sud.org\/site\/wp-content\/uploads\/2024\/01\/669_ROGER_ACUNR_2.jpg 1012w\" sizes=\"auto, (max-width: 261px) 100vw, 261px\" \/> <\/a><a href=\"https:\/\/www.levriers-du-sud.org\/site\/wp-content\/uploads\/2024\/01\/669_ROGER_ACUNR_3.jpg\"><img loading=\"lazy\" decoding=\"async\" class=\"alignnone wp-image-56163\" src=\"https:\/\/www.levriers-du-sud.org\/site\/wp-content\/uploads\/2024\/01\/669_ROGER_ACUNR_3-300x217.jpg\" alt=\"\" width=\"279\" height=\"202\" srcset=\"https:\/\/www.levriers-du-sud.org\/site\/wp-content\/uploads\/2024\/01\/669_ROGER_ACUNR_3-300x217.jpg 300w, https:\/\/www.levriers-du-sud.org\/site\/wp-content\/uploads\/2024\/01\/669_ROGER_ACUNR_3-1024x742.jpg 1024w, https:\/\/www.levriers-du-sud.org\/site\/wp-content\/uploads\/2024\/01\/669_ROGER_ACUNR_3-768x557.jpg 768w, https:\/\/www.levriers-du-sud.org\/site\/wp-content\/uploads\/2024\/01\/669_ROGER_ACUNR_3.jpg 1108w\" sizes=\"auto, (max-width: 279px) 100vw, 279px\" \/><\/a><\/p>\n","protected":false},"excerpt":{"rendered":"<p>Type : crois\u00e9 mastin Sexe : M\u00e2le Age : 9 ans et 9 mois Sant\u00e9 :st\u00e9rilis\u00e9, positif leishmaniose Situation: en refuge (ACUNR) Commentaire : Nous avons recueilli Roger alors qu&rsquo;il \u00e9tait malade et abandonn\u00e9, errant seul pr\u00e8s d&rsquo;un village de Guadalajara. Roger est tout amour. Il est arriv\u00e9 chez nous malade, avec des blessures ouvertes, [&hellip;]<\/p>\n","protected":false},"author":3,"featured_media":0,"comment_status":"open","ping_status":"open","sticky":false,"template":"","format":"standard","meta":{"footnotes":""},"categories":[8,13],"tags":[],"class_list":["post-56162","post","type-post","status-publish","format-standard","hentry","category-coup-pouce","category-ok-chiens"],"aioseo_notices":[],"_links":{"self":[{"href":"https:\/\/www.levriers-du-sud.org\/site\/wp-json\/wp\/v2\/posts\/56162","targetHints":{"allow":["GET"]}}],"collection":[{"href":"https:\/\/www.levriers-du-sud.org\/site\/wp-json\/wp\/v2\/posts"}],"about":[{"href":"https:\/\/www.levriers-du-sud.org\/site\/wp-json\/wp\/v2\/types\/post"}],"author":[{"embeddable":true,"href":"https:\/\/www.levriers-du-sud.org\/site\/wp-json\/wp\/v2\/users\/3"}],"replies":[{"embeddable":true,"href":"https:\/\/www.levriers-du-sud.org\/site\/wp-json\/wp\/v2\/comments?post=56162"}],"version-history":[{"count":1,"href":"https:\/\/www.levriers-du-sud.org\/site\/wp-json\/wp\/v2\/posts\/56162\/revisions"}],"predecessor-version":[{"id":56167,"href":"https:\/\/www.levriers-du-sud.org\/site\/wp-json\/wp\/v2\/posts\/56162\/revisions\/56167"}],"wp:attachment":[{"href":"https:\/\/www.levriers-du-sud.org\/site\/wp-json\/wp\/v2\/media?parent=56162"}],"wp:term":[{"taxonomy":"category","embeddable":true,"href":"https:\/\/www.levriers-du-sud.org\/site\/wp-json\/wp\/v2\/categories?post=56162"},{"taxonomy":"post_tag","embeddable":true,"href":"https:\/\/www.levriers-du-sud.org\/site\/wp-json\/wp\/v2\/tags?post=56162"}],"curies":[{"name":"wp","href":"https:\/\/api.w.org\/{rel}","templated":true}]}}