{"id":56365,"date":"2024-02-25T11:00:02","date_gmt":"2024-02-25T10:00:02","guid":{"rendered":"https:\/\/www.levriers-du-sud.org\/site\/?p=56365"},"modified":"2024-02-25T11:00:02","modified_gmt":"2024-02-25T10:00:02","slug":"sharon","status":"publish","type":"post","link":"https:\/\/www.levriers-du-sud.org\/site\/25\/02\/2024\/sharon\/","title":{"rendered":"Sharon"},"content":{"rendered":"<p><strong>Type :<\/strong> Crois\u00e9e<br \/>\n<strong>Sexe : <\/strong>Femelle<br \/>\n<strong>Age : <\/strong>02\/2022<br \/>\n<strong>Sant\u00e9 : <\/strong>St\u00e9rilis\u00e9e, N\u00e9gative 3 MM, Hauteur 63 CM, Poids approximatif 22 KG<strong><br \/>\nSituation: <\/strong>En refuge (Consuelo)<strong><br \/>\n<\/strong><\/p>\n<p><strong>Commentaire :<\/strong><\/p>\n<p>Sharon est une magnifique petite fille \u00e0 qui nous tenons particuli\u00e8rement, c&rsquo;est une chienne que Consuelo a \u00e9lev\u00e9e depuis qu&rsquo;elle \u00e9tait petite\u00a0 avec ses fr\u00e8res et s\u0153urs.<\/p>\n<p>C&rsquo;est une chienne sp\u00e9ciale pour qui Consuelo aimerait trouver une famille aussi merveilleuse qu&rsquo;elle.<\/p>\n<p>Elle est un peu timide, mais en m\u00eame temps tr\u00e8s affectueuse, nous lui faisons des promenades pour qu&rsquo;elle s&rsquo;habitue aux bruits et elle se prom\u00e8ne plut\u00f4t bien en laisse.<\/p>\n<p><a href=\"https:\/\/www.levriers-du-sud.org\/site\/wp-content\/uploads\/2024\/02\/20240207_104519.jpg\"><img loading=\"lazy\" decoding=\"async\" class=\"alignnone  wp-image-56367\" src=\"https:\/\/www.levriers-du-sud.org\/site\/wp-content\/uploads\/2024\/02\/20240207_104519-300x241.jpg\" alt=\"\" width=\"279\" height=\"224\" srcset=\"https:\/\/www.levriers-du-sud.org\/site\/wp-content\/uploads\/2024\/02\/20240207_104519-300x241.jpg 300w, https:\/\/www.levriers-du-sud.org\/site\/wp-content\/uploads\/2024\/02\/20240207_104519-1024x824.jpg 1024w, https:\/\/www.levriers-du-sud.org\/site\/wp-content\/uploads\/2024\/02\/20240207_104519-768x618.jpg 768w, https:\/\/www.levriers-du-sud.org\/site\/wp-content\/uploads\/2024\/02\/20240207_104519.jpg 1243w\" sizes=\"auto, (max-width: 279px) 100vw, 279px\" \/><\/a> <a href=\"https:\/\/www.levriers-du-sud.org\/site\/wp-content\/uploads\/2024\/02\/20240207_113428.jpg\">\u00a0<\/a><a href=\"https:\/\/www.levriers-du-sud.org\/site\/wp-content\/uploads\/2024\/02\/20230903_120642-scaled.jpg\"><img loading=\"lazy\" decoding=\"async\" class=\"alignnone  wp-image-56366\" src=\"https:\/\/www.levriers-du-sud.org\/site\/wp-content\/uploads\/2024\/02\/20230903_120642-300x300.jpg\" alt=\"\" width=\"228\" height=\"228\" srcset=\"https:\/\/www.levriers-du-sud.org\/site\/wp-content\/uploads\/2024\/02\/20230903_120642-300x300.jpg 300w, https:\/\/www.levriers-du-sud.org\/site\/wp-content\/uploads\/2024\/02\/20230903_120642-1024x1024.jpg 1024w, https:\/\/www.levriers-du-sud.org\/site\/wp-content\/uploads\/2024\/02\/20230903_120642-150x150.jpg 150w, https:\/\/www.levriers-du-sud.org\/site\/wp-content\/uploads\/2024\/02\/20230903_120642-768x768.jpg 768w, https:\/\/www.levriers-du-sud.org\/site\/wp-content\/uploads\/2024\/02\/20230903_120642-1536x1536.jpg 1536w, https:\/\/www.levriers-du-sud.org\/site\/wp-content\/uploads\/2024\/02\/20230903_120642-2048x2048.jpg 2048w\" sizes=\"auto, (max-width: 228px) 100vw, 228px\" \/><\/a><\/p>\n<p><!--more--><\/p>\n<p><a href=\"https:\/\/www.levriers-du-sud.org\/site\/wp-content\/uploads\/2024\/02\/20240207_113432.jpg\"><img loading=\"lazy\" decoding=\"async\" class=\"alignnone  wp-image-56372\" src=\"https:\/\/www.levriers-du-sud.org\/site\/wp-content\/uploads\/2024\/02\/20240207_113432-300x215.jpg\" alt=\"\" width=\"278\" height=\"199\" srcset=\"https:\/\/www.levriers-du-sud.org\/site\/wp-content\/uploads\/2024\/02\/20240207_113432-300x215.jpg 300w, https:\/\/www.levriers-du-sud.org\/site\/wp-content\/uploads\/2024\/02\/20240207_113432-1024x735.jpg 1024w, https:\/\/www.levriers-du-sud.org\/site\/wp-content\/uploads\/2024\/02\/20240207_113432-768x552.jpg 768w, https:\/\/www.levriers-du-sud.org\/site\/wp-content\/uploads\/2024\/02\/20240207_113432-1536x1103.jpg 1536w, https:\/\/www.levriers-du-sud.org\/site\/wp-content\/uploads\/2024\/02\/20240207_113432-2048x1471.jpg 2048w\" sizes=\"auto, (max-width: 278px) 100vw, 278px\" \/><\/a> <a href=\"https:\/\/www.levriers-du-sud.org\/site\/wp-content\/uploads\/2024\/02\/20240207_113810.jpg\"><img loading=\"lazy\" decoding=\"async\" class=\"alignnone  wp-image-56373\" src=\"https:\/\/www.levriers-du-sud.org\/site\/wp-content\/uploads\/2024\/02\/20240207_113810-300x206.jpg\" alt=\"\" width=\"280\" height=\"192\" srcset=\"https:\/\/www.levriers-du-sud.org\/site\/wp-content\/uploads\/2024\/02\/20240207_113810-300x206.jpg 300w, https:\/\/www.levriers-du-sud.org\/site\/wp-content\/uploads\/2024\/02\/20240207_113810-1024x703.jpg 1024w, https:\/\/www.levriers-du-sud.org\/site\/wp-content\/uploads\/2024\/02\/20240207_113810-768x527.jpg 768w, https:\/\/www.levriers-du-sud.org\/site\/wp-content\/uploads\/2024\/02\/20240207_113810.jpg 1491w\" sizes=\"auto, (max-width: 280px) 100vw, 280px\" \/><\/a><\/p>\n<p><a href=\"https:\/\/www.levriers-du-sud.org\/site\/wp-content\/uploads\/2024\/02\/20240207_113854-scaled.jpg\"><img loading=\"lazy\" decoding=\"async\" class=\"alignnone  wp-image-56374\" src=\"https:\/\/www.levriers-du-sud.org\/site\/wp-content\/uploads\/2024\/02\/20240207_113854-300x209.jpg\" alt=\"\" width=\"280\" height=\"195\" srcset=\"https:\/\/www.levriers-du-sud.org\/site\/wp-content\/uploads\/2024\/02\/20240207_113854-300x209.jpg 300w, https:\/\/www.levriers-du-sud.org\/site\/wp-content\/uploads\/2024\/02\/20240207_113854-1024x713.jpg 1024w, https:\/\/www.levriers-du-sud.org\/site\/wp-content\/uploads\/2024\/02\/20240207_113854-768x535.jpg 768w, https:\/\/www.levriers-du-sud.org\/site\/wp-content\/uploads\/2024\/02\/20240207_113854-1536x1070.jpg 1536w, https:\/\/www.levriers-du-sud.org\/site\/wp-content\/uploads\/2024\/02\/20240207_113854-2048x1427.jpg 2048w\" sizes=\"auto, (max-width: 280px) 100vw, 280px\" \/><\/a><a href=\"https:\/\/www.levriers-du-sud.org\/site\/wp-content\/uploads\/2024\/02\/20240207_113428.jpg\"> <img loading=\"lazy\" decoding=\"async\" class=\"alignnone  wp-image-56368\" src=\"https:\/\/www.levriers-du-sud.org\/site\/wp-content\/uploads\/2024\/02\/20240207_113428-300x209.jpg\" alt=\"\" width=\"280\" height=\"195\" srcset=\"https:\/\/www.levriers-du-sud.org\/site\/wp-content\/uploads\/2024\/02\/20240207_113428-300x209.jpg 300w, https:\/\/www.levriers-du-sud.org\/site\/wp-content\/uploads\/2024\/02\/20240207_113428-1024x713.jpg 1024w, https:\/\/www.levriers-du-sud.org\/site\/wp-content\/uploads\/2024\/02\/20240207_113428-768x535.jpg 768w, https:\/\/www.levriers-du-sud.org\/site\/wp-content\/uploads\/2024\/02\/20240207_113428-1536x1070.jpg 1536w, https:\/\/www.levriers-du-sud.org\/site\/wp-content\/uploads\/2024\/02\/20240207_113428.jpg 1854w\" sizes=\"auto, (max-width: 280px) 100vw, 280px\" \/><\/a><\/p>\n","protected":false},"excerpt":{"rendered":"<p>Type : Crois\u00e9e Sexe : Femelle Age : 02\/2022 Sant\u00e9 : St\u00e9rilis\u00e9e, N\u00e9gative 3 MM, Hauteur 63 CM, Poids approximatif 22 KG Situation: En refuge (Consuelo) Commentaire : Sharon est une magnifique petite fille \u00e0 qui nous tenons particuli\u00e8rement, c&rsquo;est une chienne que Consuelo a \u00e9lev\u00e9e depuis qu&rsquo;elle \u00e9tait petite\u00a0 avec ses fr\u00e8res et s\u0153urs. [&hellip;]<\/p>\n","protected":false},"author":3,"featured_media":0,"comment_status":"open","ping_status":"open","sticky":false,"template":"","format":"standard","meta":{"footnotes":""},"categories":[8,13],"tags":[],"class_list":["post-56365","post","type-post","status-publish","format-standard","hentry","category-coup-pouce","category-ok-chiens"],"aioseo_notices":[],"_links":{"self":[{"href":"https:\/\/www.levriers-du-sud.org\/site\/wp-json\/wp\/v2\/posts\/56365","targetHints":{"allow":["GET"]}}],"collection":[{"href":"https:\/\/www.levriers-du-sud.org\/site\/wp-json\/wp\/v2\/posts"}],"about":[{"href":"https:\/\/www.levriers-du-sud.org\/site\/wp-json\/wp\/v2\/types\/post"}],"author":[{"embeddable":true,"href":"https:\/\/www.levriers-du-sud.org\/site\/wp-json\/wp\/v2\/users\/3"}],"replies":[{"embeddable":true,"href":"https:\/\/www.levriers-du-sud.org\/site\/wp-json\/wp\/v2\/comments?post=56365"}],"version-history":[{"count":2,"href":"https:\/\/www.levriers-du-sud.org\/site\/wp-json\/wp\/v2\/posts\/56365\/revisions"}],"predecessor-version":[{"id":56376,"href":"https:\/\/www.levriers-du-sud.org\/site\/wp-json\/wp\/v2\/posts\/56365\/revisions\/56376"}],"wp:attachment":[{"href":"https:\/\/www.levriers-du-sud.org\/site\/wp-json\/wp\/v2\/media?parent=56365"}],"wp:term":[{"taxonomy":"category","embeddable":true,"href":"https:\/\/www.levriers-du-sud.org\/site\/wp-json\/wp\/v2\/categories?post=56365"},{"taxonomy":"post_tag","embeddable":true,"href":"https:\/\/www.levriers-du-sud.org\/site\/wp-json\/wp\/v2\/tags?post=56365"}],"curies":[{"name":"wp","href":"https:\/\/api.w.org\/{rel}","templated":true}]}}