{"id":57488,"date":"2026-03-09T10:32:20","date_gmt":"2026-03-09T08:32:20","guid":{"rendered":"https:\/\/www.levriers-du-sud.org\/site\/?p=57488"},"modified":"2026-03-09T11:44:30","modified_gmt":"2026-03-09T09:44:30","slug":"merymagina-animal","status":"publish","type":"post","link":"https:\/\/www.levriers-du-sud.org\/site\/09\/03\/2026\/merymagina-animal\/","title":{"rendered":"Mery(Magina animal)"},"content":{"rendered":"<p><strong>Type : Mastin Espagnol<\/strong><br \/>\n<strong>Sexe : Femelle<\/strong><br \/>\n<strong>Age :<\/strong> quatre ans<br \/>\n<strong>Sant\u00e9\u00a0 :<\/strong> St\u00e9rilis\u00e9e, N\u00e9gative 3 MM, vaccin\u00e9e et identifi\u00e9e<strong><br \/>\nSituation :<\/strong> en refuge (Magina) Test chat \u00e0 v\u00e9rifier si n\u00e9cessaire<strong><br \/>\n<\/strong><\/p>\n<p>Taille 60 cm et poids environ 35 kilos mais plus dans l&rsquo;avenir<\/p>\n<p><strong>Commentaire : <span data-olk-copy-source=\"MessageBody\"><span dir=\"auto\">DEUX ANS SE SONT PASS\u00c9S ET\u00a0<\/span><span class=\"mark1yah20rt5\" data-markjs=\"true\" data-ogac=\"\" data-ogab=\"\" data-ogsc=\"\" data-ogsb=\"\"><span dir=\"auto\">MERY<\/span><\/span><span dir=\"auto\">\u00a0EST TOUJOURS AVEC NOUS. SON FR\u00c8RE PIMPIN A \u00c9T\u00c9 ADOPT\u00c9 QUELQUES MOIS APR\u00c8S SON SAUVETAGE.<\/span><\/span><\/strong><\/p>\n<div class=\"x_elementToProof\"><\/div>\n<div class=\"x_elementToProof\"><span dir=\"auto\">MAIS\u00a0\u00a0<\/span><span class=\"mark1yah20rt5\" data-markjs=\"true\" data-ogac=\"\" data-ogab=\"\" data-ogsc=\"\" data-ogsb=\"\"><span dir=\"auto\">MERY<\/span><\/span><span dir=\"auto\">\u00a0EST DEVENUE INVISIBLE.<\/span><\/div>\n<div class=\"x_elementToProof\"><\/div>\n<div class=\"x_elementToProof\"><span class=\"mark1yah20rt5\" data-markjs=\"true\" data-ogac=\"\" data-ogab=\"\" data-ogsc=\"\" data-ogsb=\"\"><span dir=\"auto\">MERY<\/span><\/span><span dir=\"auto\">\u00a0EST AVEC NOUS DEPUIS TROP LONGTEMPS, ENFERM\u00c9E DANS UNE CAGE AVEC \u00c0 PEINE UNE HEURE DE LIBERT\u00c9 PAR JOUR.<\/span><\/div>\n<div class=\"x_elementToProof\"><\/div>\n<div class=\"x_elementToProof\"><span class=\"mark1yah20rt5\" data-markjs=\"true\" data-ogac=\"\" data-ogab=\"\" data-ogsc=\"\" data-ogsb=\"\"><span dir=\"auto\">MERY<\/span><\/span><span dir=\"auto\">\u00a0SOUFFRAIT D&rsquo;UNE DYSPLASIE \u00c0 LA PATTE ARRI\u00c8RE GAUCHE ET A D\u00c9J\u00c0 SUBI UNE OP\u00c9RATION CHIRURGICALE.<\/span><\/div>\n<div><\/div>\n<div class=\"x_elementToProof\"><\/div>\n<div class=\"x_elementToProof\"><span dir=\"auto\">Ayant pass\u00e9 son enfance au refuge,\u00a0<\/span><span class=\"mark1yah20rt5\" data-markjs=\"true\" data-ogac=\"\" data-ogab=\"\" data-ogsc=\"\" data-ogsb=\"\"><span dir=\"auto\">Mery<\/span><\/span><span dir=\"auto\">\u00a0a besoin d&rsquo;une famille pour tout lui apprendre. Tr\u00e8s affectueuse, elle ne conna\u00eet cependant pas les bruits de la rue. Une maison avec jardin serait id\u00e9ale pour elle.<\/span><\/div>\n<div>\n<div><span class=\"mark1yah20rt5\" data-markjs=\"true\" data-ogac=\"\" data-ogab=\"\" data-ogsc=\"\" data-ogsb=\"\"><span dir=\"auto\">Mery<\/span><\/span><span dir=\"auto\">\u00a0est issue d&rsquo;une autre port\u00e9e non d\u00e9sir\u00e9e ; ici, ils continuent d&rsquo;\u00eatre \u00e9lev\u00e9s sans contr\u00f4le puis abandonn\u00e9s.<\/span><\/div>\n<div><\/div>\n<div>\n<p><span dir=\"auto\">Les propri\u00e9taires semblent peu se soucier du sort des chiots qu&rsquo;ils abandonnent ; ils pensent toujours que quelqu&rsquo;un les adoptera, ou du moins c&rsquo;est ainsi qu&rsquo;ils apaisent leur conscience.<\/span><\/p>\n<p><span dir=\"auto\">Mery, atteinte de dysplasie de la hanche, a subi une op\u00e9ration pour l&rsquo;ablation de la t\u00eate du f\u00e9mur en avril 2024.<\/span><\/p>\n<p><span dir=\"auto\">Apr\u00e8s l&rsquo;op\u00e9ration, sa plaie ne cicatrisait pas, un pr\u00e9l\u00e8vement osseux a donc \u00e9t\u00e9 effectu\u00e9, qui s&rsquo;est r\u00e9v\u00e9l\u00e9 positif \u00e0 une bact\u00e9rie.<\/span><\/p>\n<p><span dir=\"auto\">Elle est\u00a0 compl\u00e8tement r\u00e9tablie.<\/span><\/p>\n<p><span dir=\"auto\">Mery est tr\u00e8s affectueuse avec les b\u00e9n\u00e9voles du refuge, mais elle est ici depuis si longtemps qu&rsquo;elle est craintive dans la rue et timide avec les inconnus. Il faut simplement lui laisser le temps de prendre confiance et de nous montrer \u00e0 quel point elle est adorable.<\/span><\/p>\n<p><span dir=\"auto\">Elle a encore beaucoup \u00e0 apprendre. Si une famille souhaite donner une chance \u00e0 cette merveilleuse chienne, elle d\u00e9couvrira une personne vraiment exceptionnelle.<\/span><\/p>\n<\/div>\n<div><\/div>\n<\/div>\n<div><\/div>\n<p>Caract\u00e8re du Mastin : Le M\u00e2stin Espagnol<strong>\u00a0<\/strong>est\u00a0<strong>un chien dot\u00e9 d&rsquo;une grande force de caract\u00e8re<\/strong>. Il fait montre d&rsquo;une remarquable d\u00e9termination quand il est amen\u00e9 \u00e0 intervenir pour\u00a0<strong>prot\u00e9ger les siens<\/strong>, qu&rsquo;il s&rsquo;agisse de son ma\u00eetre, de sa famille, de sa propri\u00e9t\u00e9 ou du troupeau. Il devient f\u00e9roce en pr\u00e9sence d&rsquo;un intrus, qu&rsquo;il s&rsquo;agisse d&rsquo;un voleur ou d&rsquo;un pr\u00e9dateur. En dehors de cela, le M\u00e2tin Espagnol est tr\u00e8s\u00a0<strong>affectueux<\/strong>,\u00a0<strong>intelligent<\/strong>,\u00a0<strong>calme<\/strong>, plein de noblesse et d&rsquo;assurance.<\/p>\n<p>&nbsp;<\/p>\n<p><img loading=\"lazy\" decoding=\"async\" class=\"alignnone size-medium wp-image-57489\" src=\"https:\/\/www.levriers-du-sud.org\/site\/wp-content\/uploads\/2024\/09\/20230719_095630-300x265.jpg\" alt=\"\" width=\"300\" height=\"265\" srcset=\"https:\/\/www.levriers-du-sud.org\/site\/wp-content\/uploads\/2024\/09\/20230719_095630-300x265.jpg 300w, https:\/\/www.levriers-du-sud.org\/site\/wp-content\/uploads\/2024\/09\/20230719_095630-1024x904.jpg 1024w, https:\/\/www.levriers-du-sud.org\/site\/wp-content\/uploads\/2024\/09\/20230719_095630-768x678.jpg 768w, https:\/\/www.levriers-du-sud.org\/site\/wp-content\/uploads\/2024\/09\/20230719_095630-1536x1356.jpg 1536w, https:\/\/www.levriers-du-sud.org\/site\/wp-content\/uploads\/2024\/09\/20230719_095630.jpg 1756w\" sizes=\"auto, (max-width: 300px) 100vw, 300px\" \/> <img loading=\"lazy\" decoding=\"async\" class=\"alignnone size-medium wp-image-57490\" src=\"https:\/\/www.levriers-du-sud.org\/site\/wp-content\/uploads\/2024\/09\/20230719_095629-300x300.jpg\" alt=\"\" width=\"300\" height=\"300\" srcset=\"https:\/\/www.levriers-du-sud.org\/site\/wp-content\/uploads\/2024\/09\/20230719_095629-300x300.jpg 300w, https:\/\/www.levriers-du-sud.org\/site\/wp-content\/uploads\/2024\/09\/20230719_095629-1024x1024.jpg 1024w, https:\/\/www.levriers-du-sud.org\/site\/wp-content\/uploads\/2024\/09\/20230719_095629-150x150.jpg 150w, https:\/\/www.levriers-du-sud.org\/site\/wp-content\/uploads\/2024\/09\/20230719_095629-768x768.jpg 768w, https:\/\/www.levriers-du-sud.org\/site\/wp-content\/uploads\/2024\/09\/20230719_095629-1536x1536.jpg 1536w, https:\/\/www.levriers-du-sud.org\/site\/wp-content\/uploads\/2024\/09\/20230719_095629.jpg 1732w\" sizes=\"auto, (max-width: 300px) 100vw, 300px\" \/> <img loading=\"lazy\" decoding=\"async\" class=\"alignnone size-medium wp-image-57491\" src=\"https:\/\/www.levriers-du-sud.org\/site\/wp-content\/uploads\/2024\/09\/20230716_104824-300x300.jpg\" alt=\"\" width=\"300\" height=\"300\" srcset=\"https:\/\/www.levriers-du-sud.org\/site\/wp-content\/uploads\/2024\/09\/20230716_104824-300x300.jpg 300w, https:\/\/www.levriers-du-sud.org\/site\/wp-content\/uploads\/2024\/09\/20230716_104824-1024x1024.jpg 1024w, https:\/\/www.levriers-du-sud.org\/site\/wp-content\/uploads\/2024\/09\/20230716_104824-150x150.jpg 150w, https:\/\/www.levriers-du-sud.org\/site\/wp-content\/uploads\/2024\/09\/20230716_104824-768x768.jpg 768w, https:\/\/www.levriers-du-sud.org\/site\/wp-content\/uploads\/2024\/09\/20230716_104824-1536x1536.jpg 1536w, https:\/\/www.levriers-du-sud.org\/site\/wp-content\/uploads\/2024\/09\/20230716_104824.jpg 1588w\" sizes=\"auto, (max-width: 300px) 100vw, 300px\" \/> <img loading=\"lazy\" decoding=\"async\" class=\"alignnone size-medium wp-image-57492\" src=\"https:\/\/www.levriers-du-sud.org\/site\/wp-content\/uploads\/2024\/09\/20230716_104637-300x300.jpg\" alt=\"\" width=\"300\" height=\"300\" srcset=\"https:\/\/www.levriers-du-sud.org\/site\/wp-content\/uploads\/2024\/09\/20230716_104637-300x300.jpg 300w, https:\/\/www.levriers-du-sud.org\/site\/wp-content\/uploads\/2024\/09\/20230716_104637-1024x1024.jpg 1024w, https:\/\/www.levriers-du-sud.org\/site\/wp-content\/uploads\/2024\/09\/20230716_104637-150x150.jpg 150w, https:\/\/www.levriers-du-sud.org\/site\/wp-content\/uploads\/2024\/09\/20230716_104637-768x768.jpg 768w, https:\/\/www.levriers-du-sud.org\/site\/wp-content\/uploads\/2024\/09\/20230716_104637-1536x1536.jpg 1536w, https:\/\/www.levriers-du-sud.org\/site\/wp-content\/uploads\/2024\/09\/20230716_104637-2048x2048.jpg 2048w\" sizes=\"auto, (max-width: 300px) 100vw, 300px\" \/> <img loading=\"lazy\" decoding=\"async\" class=\"alignnone size-medium wp-image-57493\" src=\"https:\/\/www.levriers-du-sud.org\/site\/wp-content\/uploads\/2024\/09\/20230716_104758-300x225.jpg\" alt=\"\" width=\"300\" height=\"225\" srcset=\"https:\/\/www.levriers-du-sud.org\/site\/wp-content\/uploads\/2024\/09\/20230716_104758-300x225.jpg 300w, https:\/\/www.levriers-du-sud.org\/site\/wp-content\/uploads\/2024\/09\/20230716_104758-1024x767.jpg 1024w, https:\/\/www.levriers-du-sud.org\/site\/wp-content\/uploads\/2024\/09\/20230716_104758-768x575.jpg 768w, https:\/\/www.levriers-du-sud.org\/site\/wp-content\/uploads\/2024\/09\/20230716_104758.jpg 1043w\" sizes=\"auto, (max-width: 300px) 100vw, 300px\" \/> <img loading=\"lazy\" decoding=\"async\" class=\"alignnone size-medium wp-image-57494\" src=\"https:\/\/www.levriers-du-sud.org\/site\/wp-content\/uploads\/2024\/09\/trashed-1729607544-IMG_20240922_100711-225x300.jpg\" alt=\"\" width=\"225\" height=\"300\" srcset=\"https:\/\/www.levriers-du-sud.org\/site\/wp-content\/uploads\/2024\/09\/trashed-1729607544-IMG_20240922_100711-225x300.jpg 225w, https:\/\/www.levriers-du-sud.org\/site\/wp-content\/uploads\/2024\/09\/trashed-1729607544-IMG_20240922_100711-768x1024.jpg 768w, https:\/\/www.levriers-du-sud.org\/site\/wp-content\/uploads\/2024\/09\/trashed-1729607544-IMG_20240922_100711-1152x1536.jpg 1152w, https:\/\/www.levriers-du-sud.org\/site\/wp-content\/uploads\/2024\/09\/trashed-1729607544-IMG_20240922_100711-1536x2048.jpg 1536w, https:\/\/www.levriers-du-sud.org\/site\/wp-content\/uploads\/2024\/09\/trashed-1729607544-IMG_20240922_100711-scaled.jpg 1920w\" sizes=\"auto, (max-width: 225px) 100vw, 225px\" \/><\/p>\n<p>&nbsp;<\/p>\n<p>&nbsp;<\/p>\n","protected":false},"excerpt":{"rendered":"<p>Type : Mastin Espagnol Sexe : Femelle Age : quatre ans Sant\u00e9\u00a0 : St\u00e9rilis\u00e9e, N\u00e9gative 3 MM, vaccin\u00e9e et identifi\u00e9e Situation : en refuge (Magina) Test chat \u00e0 v\u00e9rifier si n\u00e9cessaire Taille 60 cm et poids environ 35 kilos mais plus dans l&rsquo;avenir Commentaire : DEUX ANS SE SONT PASS\u00c9S ET\u00a0MERY\u00a0EST TOUJOURS AVEC NOUS. SON [&hellip;]<\/p>\n","protected":false},"author":1,"featured_media":0,"comment_status":"open","ping_status":"open","sticky":false,"template":"","format":"standard","meta":{"footnotes":""},"categories":[23,8,13,4],"tags":[],"class_list":["post-57488","post","type-post","status-publish","format-standard","hentry","category-3-maladies-mediterraneennes","category-coup-pouce","category-ok-chiens","category-urgences"],"aioseo_notices":[],"_links":{"self":[{"href":"https:\/\/www.levriers-du-sud.org\/site\/wp-json\/wp\/v2\/posts\/57488","targetHints":{"allow":["GET"]}}],"collection":[{"href":"https:\/\/www.levriers-du-sud.org\/site\/wp-json\/wp\/v2\/posts"}],"about":[{"href":"https:\/\/www.levriers-du-sud.org\/site\/wp-json\/wp\/v2\/types\/post"}],"author":[{"embeddable":true,"href":"https:\/\/www.levriers-du-sud.org\/site\/wp-json\/wp\/v2\/users\/1"}],"replies":[{"embeddable":true,"href":"https:\/\/www.levriers-du-sud.org\/site\/wp-json\/wp\/v2\/comments?post=57488"}],"version-history":[{"count":1,"href":"https:\/\/www.levriers-du-sud.org\/site\/wp-json\/wp\/v2\/posts\/57488\/revisions"}],"predecessor-version":[{"id":59232,"href":"https:\/\/www.levriers-du-sud.org\/site\/wp-json\/wp\/v2\/posts\/57488\/revisions\/59232"}],"wp:attachment":[{"href":"https:\/\/www.levriers-du-sud.org\/site\/wp-json\/wp\/v2\/media?parent=57488"}],"wp:term":[{"taxonomy":"category","embeddable":true,"href":"https:\/\/www.levriers-du-sud.org\/site\/wp-json\/wp\/v2\/categories?post=57488"},{"taxonomy":"post_tag","embeddable":true,"href":"https:\/\/www.levriers-du-sud.org\/site\/wp-json\/wp\/v2\/tags?post=57488"}],"curies":[{"name":"wp","href":"https:\/\/api.w.org\/{rel}","templated":true}]}}