{"id":57787,"date":"2025-02-01T11:23:16","date_gmt":"2025-02-01T10:23:16","guid":{"rendered":"https:\/\/www.levriers-du-sud.org\/site\/?p=57787"},"modified":"2025-02-01T11:23:00","modified_gmt":"2025-02-01T10:23:00","slug":"zina-a-notre-charge-urgence","status":"publish","type":"post","link":"https:\/\/www.levriers-du-sud.org\/site\/01\/02\/2025\/zina-a-notre-charge-urgence\/","title":{"rendered":"Zina (\u00e0 notre charge) URGENCE remonte en accueil en France en f\u00e9vrier"},"content":{"rendered":"<p><strong>Type : Galga<\/strong><br \/>\n<strong>Sexe : femelle<\/strong><br \/>\n<strong>Age :<\/strong> Environ 5 ans<br \/>\n<strong>Sant\u00e9\u00a0 : Patte arri\u00e8re droite totalement sectionn\u00e9e en attente de chirurgie<\/strong><strong><br \/>\nSituation : En clinique v\u00e9t\u00e9rinaire le temps de soigner sa plaie \u00e0 la patte , en attente de chirurgie une fois l&rsquo;infection gu\u00e9rie.<\/strong><\/p>\n<p>Commentaire: Zina tout comme Tonka est une galga victime de cette terrible maltraitance des l\u00e9vriers en Espagne. Notre amie Consuelo fait face cette ann\u00e9e a des sauvetages difficiles avec des chiens mutil\u00e9s et bless\u00e9s de fa\u00e7on importante.<\/p>\n<p>Son message le jour du sauvetage fin d\u00e9cembre \u00ab\u00a0Maryline cette ann\u00e9e est folle. Cela fait une semaine que nous courons apr\u00e8s ce l\u00e9vrier, sa jambe est cass\u00e9e et nous venons de l&rsquo;attraper. Quel dommage, il va mal. On va lui donner quelque chose pour la douleur et demain je l&#8217;emm\u00e8nerai chez le v\u00e9t\u00e9rinaire demain matin\u00a0\u00bb<\/p>\n<p>&nbsp;<\/p>\n<div dir=\"auto\">ZINA est \u00e0 la clinique v\u00e9t\u00e9rinaire pour continuer \u00e0 soigner son infection avant de l&rsquo;op\u00e9rer. Pour le moment aucune date d&rsquo;op\u00e9ration n&rsquo;est programm\u00e9e, l&rsquo;infection est contr\u00f4l\u00e9e mais toujours pr\u00e9sente.<\/div>\n<div dir=\"auto\">Les frais v\u00e9t\u00e9rinaires s&rsquo;accumulent, nous sommes toujours en recherche de dons et\/ou parrainages pour elle <span class=\"html-span xexx8yu x4uap5 x18d9i69 xkhd6sd x1hl2dhg x16tdsg8 x1vvkbs x3nfvp2 x1j61x8r x1fcty0u xdj266r xat24cr xgzva0m xhhsvwb xxymvpz xlup9mm x1kky2od\"><img loading=\"lazy\" decoding=\"async\" class=\"xz74otr\" src=\"https:\/\/static.xx.fbcdn.net\/images\/emoji.php\/v9\/t80\/1\/16\/1f64f.png\" alt=\"\" width=\"16\" height=\"16\" \/><\/span><\/div>\n<div dir=\"auto\"><\/div>\n<div dir=\"auto\">Dons ZINA : Olivia D. 20\u20ac \/ Solange P. 40\u20ac \/ Laurence O. 25\u20ac<\/div>\n<div dir=\"auto\"><\/div>\n<div dir=\"auto\"><img loading=\"lazy\" decoding=\"async\" class=\"alignnone size-medium wp-image-57788\" src=\"https:\/\/www.levriers-du-sud.org\/site\/wp-content\/uploads\/2024\/12\/Zina-300x225.jpg\" alt=\"\" width=\"300\" height=\"225\" srcset=\"https:\/\/www.levriers-du-sud.org\/site\/wp-content\/uploads\/2024\/12\/Zina-300x225.jpg 300w, https:\/\/www.levriers-du-sud.org\/site\/wp-content\/uploads\/2024\/12\/Zina-1024x768.jpg 1024w, https:\/\/www.levriers-du-sud.org\/site\/wp-content\/uploads\/2024\/12\/Zina-768x576.jpg 768w, https:\/\/www.levriers-du-sud.org\/site\/wp-content\/uploads\/2024\/12\/Zina-1536x1152.jpg 1536w, https:\/\/www.levriers-du-sud.org\/site\/wp-content\/uploads\/2024\/12\/Zina.jpg 2040w\" sizes=\"auto, (max-width: 300px) 100vw, 300px\" \/> <img loading=\"lazy\" decoding=\"async\" class=\"alignnone size-medium wp-image-57789\" src=\"https:\/\/www.levriers-du-sud.org\/site\/wp-content\/uploads\/2024\/12\/Zina1-300x225.jpg\" alt=\"\" width=\"300\" height=\"225\" srcset=\"https:\/\/www.levriers-du-sud.org\/site\/wp-content\/uploads\/2024\/12\/Zina1-300x225.jpg 300w, https:\/\/www.levriers-du-sud.org\/site\/wp-content\/uploads\/2024\/12\/Zina1-1024x768.jpg 1024w, https:\/\/www.levriers-du-sud.org\/site\/wp-content\/uploads\/2024\/12\/Zina1-768x576.jpg 768w, https:\/\/www.levriers-du-sud.org\/site\/wp-content\/uploads\/2024\/12\/Zina1-1536x1152.jpg 1536w, https:\/\/www.levriers-du-sud.org\/site\/wp-content\/uploads\/2024\/12\/Zina1.jpg 2040w\" sizes=\"auto, (max-width: 300px) 100vw, 300px\" \/> <img loading=\"lazy\" decoding=\"async\" class=\"alignnone size-medium wp-image-57790\" src=\"https:\/\/www.levriers-du-sud.org\/site\/wp-content\/uploads\/2024\/12\/Zina3-300x225.jpg\" alt=\"\" width=\"300\" height=\"225\" srcset=\"https:\/\/www.levriers-du-sud.org\/site\/wp-content\/uploads\/2024\/12\/Zina3-300x225.jpg 300w, https:\/\/www.levriers-du-sud.org\/site\/wp-content\/uploads\/2024\/12\/Zina3-1024x768.jpg 1024w, https:\/\/www.levriers-du-sud.org\/site\/wp-content\/uploads\/2024\/12\/Zina3-768x576.jpg 768w, https:\/\/www.levriers-du-sud.org\/site\/wp-content\/uploads\/2024\/12\/Zina3-1536x1152.jpg 1536w, https:\/\/www.levriers-du-sud.org\/site\/wp-content\/uploads\/2024\/12\/Zina3.jpg 2040w\" sizes=\"auto, (max-width: 300px) 100vw, 300px\" \/><\/div>\n","protected":false},"excerpt":{"rendered":"<p>Type : Galga Sexe : femelle Age : Environ 5 ans Sant\u00e9\u00a0 : Patte arri\u00e8re droite totalement sectionn\u00e9e en attente de chirurgie Situation : En clinique v\u00e9t\u00e9rinaire le temps de soigner sa plaie \u00e0 la patte , en attente de chirurgie une fois l&rsquo;infection gu\u00e9rie. Commentaire: Zina tout comme Tonka est une galga victime de [&hellip;]<\/p>\n","protected":false},"author":1,"featured_media":0,"comment_status":"open","ping_status":"open","sticky":false,"template":"","format":"standard","meta":{"footnotes":""},"categories":[23,5,14,13,4],"tags":[],"class_list":["post-57787","post","type-post","status-publish","format-standard","hentry","category-3-maladies-mediterraneennes","category-galgos","category-ok-chats","category-ok-chiens","category-urgences"],"aioseo_notices":[],"_links":{"self":[{"href":"https:\/\/www.levriers-du-sud.org\/site\/wp-json\/wp\/v2\/posts\/57787","targetHints":{"allow":["GET"]}}],"collection":[{"href":"https:\/\/www.levriers-du-sud.org\/site\/wp-json\/wp\/v2\/posts"}],"about":[{"href":"https:\/\/www.levriers-du-sud.org\/site\/wp-json\/wp\/v2\/types\/post"}],"author":[{"embeddable":true,"href":"https:\/\/www.levriers-du-sud.org\/site\/wp-json\/wp\/v2\/users\/1"}],"replies":[{"embeddable":true,"href":"https:\/\/www.levriers-du-sud.org\/site\/wp-json\/wp\/v2\/comments?post=57787"}],"version-history":[{"count":0,"href":"https:\/\/www.levriers-du-sud.org\/site\/wp-json\/wp\/v2\/posts\/57787\/revisions"}],"wp:attachment":[{"href":"https:\/\/www.levriers-du-sud.org\/site\/wp-json\/wp\/v2\/media?parent=57787"}],"wp:term":[{"taxonomy":"category","embeddable":true,"href":"https:\/\/www.levriers-du-sud.org\/site\/wp-json\/wp\/v2\/categories?post=57787"},{"taxonomy":"post_tag","embeddable":true,"href":"https:\/\/www.levriers-du-sud.org\/site\/wp-json\/wp\/v2\/tags?post=57787"}],"curies":[{"name":"wp","href":"https:\/\/api.w.org\/{rel}","templated":true}]}}