{"id":57976,"date":"2025-06-27T13:14:21","date_gmt":"2025-06-27T11:14:21","guid":{"rendered":"https:\/\/www.levriers-du-sud.org\/site\/?p=57976"},"modified":"2025-06-27T13:14:07","modified_gmt":"2025-06-27T11:14:07","slug":"shiva-a-notre-charge","status":"publish","type":"post","link":"https:\/\/www.levriers-du-sud.org\/site\/27\/06\/2025\/shiva-a-notre-charge\/","title":{"rendered":"Shiva (\u00e0 notre charge)"},"content":{"rendered":"<p><strong>Type :<\/strong> Galga\/podenca<br \/>\n<strong>Sexe :\u00a0 femelle<\/strong><br \/>\n<strong>Age :<\/strong> 10 mois<br \/>\n<strong>Sant\u00e9\u00a0 : St\u00e9rilis\u00e9e\u00a0 , vaccin\u00e9e, identifi\u00e9e et test\u00e9e aux 3 MM<\/strong><\/p>\n<p>Situation : En accueil en France<\/p>\n<p>Test chat \u00e0 pr\u00e9voir<\/p>\n<p>&nbsp;<\/p>\n<p>Mise \u00e0 jour Shiva vient d&rsquo;\u00eatre adopter mais ces peurs ne conviennent pas \u00e0 la famille. C&rsquo;est une petite chienne pour qui il faut du temps avant qu&rsquo;elle oublie son pass\u00e9 , nous cherchons en URGENCE une famille d&rsquo;accueil.<\/p>\n<p>Commentaires : Julia notre amie qui tient la pension o\u00f9 nous mettons certains chiens nous a lanc\u00e9 un GROS SOS pour cette petite galga abandonn\u00e9e sur une route tr\u00e8s dangereuse. Elle a mis trois jours pour l&rsquo;attraper. Bien que tr\u00e8s craintive , affam\u00e9e , elle a fini par la suivre un soir jusqu&rsquo;a sa pension , o\u00f9 elle l&rsquo;a mise en s\u00e9curit\u00e9. Nous avons accept\u00e9 de la prendre en charge. C&rsquo;est une tr\u00e8s jeune chienne timide mais qui a de gros potentiel pour oublier ses peurs avec une personne patiente .Elle sera une merveilleuse galga au sein de son futur foyer.<\/p>\n<p>&nbsp;<\/p>\n<p><img loading=\"lazy\" decoding=\"async\" class=\"alignnone size-medium wp-image-57981\" src=\"https:\/\/www.levriers-du-sud.org\/site\/wp-content\/uploads\/2025\/02\/IMG-20250207-WA0027-225x300.jpg\" alt=\"\" width=\"225\" height=\"300\" srcset=\"https:\/\/www.levriers-du-sud.org\/site\/wp-content\/uploads\/2025\/02\/IMG-20250207-WA0027-225x300.jpg 225w, https:\/\/www.levriers-du-sud.org\/site\/wp-content\/uploads\/2025\/02\/IMG-20250207-WA0027-768x1024.jpg 768w, https:\/\/www.levriers-du-sud.org\/site\/wp-content\/uploads\/2025\/02\/IMG-20250207-WA0027-1152x1536.jpg 1152w, https:\/\/www.levriers-du-sud.org\/site\/wp-content\/uploads\/2025\/02\/IMG-20250207-WA0027.jpg 1536w\" sizes=\"auto, (max-width: 225px) 100vw, 225px\" \/><img loading=\"lazy\" decoding=\"async\" class=\"alignnone size-medium wp-image-58024\" src=\"https:\/\/www.levriers-du-sud.org\/site\/wp-content\/uploads\/2025\/02\/Shiva-225x300.jpg\" alt=\"\" width=\"225\" height=\"300\" srcset=\"https:\/\/www.levriers-du-sud.org\/site\/wp-content\/uploads\/2025\/02\/Shiva-225x300.jpg 225w, https:\/\/www.levriers-du-sud.org\/site\/wp-content\/uploads\/2025\/02\/Shiva.jpg 450w\" sizes=\"auto, (max-width: 225px) 100vw, 225px\" \/><\/p>\n<div style=\"width: 848px;\" class=\"wp-video\"><!--[if lt IE 9]><script>document.createElement('video');<\/script><![endif]-->\n<video class=\"wp-video-shortcode\" id=\"video-57976-1\" width=\"848\" height=\"480\" preload=\"metadata\" controls=\"controls\"><source type=\"video\/mp4\" src=\"https:\/\/www.levriers-du-sud.org\/site\/wp-content\/uploads\/2025\/02\/VID-20250205-WA0016.mp4?_=1\" \/><a href=\"https:\/\/www.levriers-du-sud.org\/site\/wp-content\/uploads\/2025\/02\/VID-20250205-WA0016.mp4\">https:\/\/www.levriers-du-sud.org\/site\/wp-content\/uploads\/2025\/02\/VID-20250205-WA0016.mp4<\/a><\/video><\/div>\n<p><img loading=\"lazy\" decoding=\"async\" class=\"alignnone size-medium wp-image-57977\" src=\"https:\/\/www.levriers-du-sud.org\/site\/wp-content\/uploads\/2025\/02\/IMG-20250207-WA0025-1-225x300.jpg\" alt=\"\" width=\"225\" height=\"300\" srcset=\"https:\/\/www.levriers-du-sud.org\/site\/wp-content\/uploads\/2025\/02\/IMG-20250207-WA0025-1-225x300.jpg 225w, https:\/\/www.levriers-du-sud.org\/site\/wp-content\/uploads\/2025\/02\/IMG-20250207-WA0025-1-768x1024.jpg 768w, https:\/\/www.levriers-du-sud.org\/site\/wp-content\/uploads\/2025\/02\/IMG-20250207-WA0025-1-1152x1536.jpg 1152w, https:\/\/www.levriers-du-sud.org\/site\/wp-content\/uploads\/2025\/02\/IMG-20250207-WA0025-1.jpg 1536w\" sizes=\"auto, (max-width: 225px) 100vw, 225px\" \/> <img loading=\"lazy\" decoding=\"async\" class=\"alignnone size-medium wp-image-57978\" src=\"https:\/\/www.levriers-du-sud.org\/site\/wp-content\/uploads\/2025\/02\/IMG-20250207-WA0024-225x300.jpg\" alt=\"\" width=\"225\" height=\"300\" srcset=\"https:\/\/www.levriers-du-sud.org\/site\/wp-content\/uploads\/2025\/02\/IMG-20250207-WA0024-225x300.jpg 225w, https:\/\/www.levriers-du-sud.org\/site\/wp-content\/uploads\/2025\/02\/IMG-20250207-WA0024-768x1024.jpg 768w, https:\/\/www.levriers-du-sud.org\/site\/wp-content\/uploads\/2025\/02\/IMG-20250207-WA0024-1152x1536.jpg 1152w, https:\/\/www.levriers-du-sud.org\/site\/wp-content\/uploads\/2025\/02\/IMG-20250207-WA0024.jpg 1536w\" sizes=\"auto, (max-width: 225px) 100vw, 225px\" \/><\/p>\n<div style=\"width: 848px;\" class=\"wp-video\"><video class=\"wp-video-shortcode\" id=\"video-57976-2\" width=\"848\" height=\"480\" preload=\"metadata\" controls=\"controls\"><source type=\"video\/mp4\" src=\"https:\/\/www.levriers-du-sud.org\/site\/wp-content\/uploads\/2025\/02\/VID-20250207-WA0041.mp4?_=2\" \/><a href=\"https:\/\/www.levriers-du-sud.org\/site\/wp-content\/uploads\/2025\/02\/VID-20250207-WA0041.mp4\">https:\/\/www.levriers-du-sud.org\/site\/wp-content\/uploads\/2025\/02\/VID-20250207-WA0041.mp4<\/a><\/video><\/div>\n","protected":false},"excerpt":{"rendered":"<p>Type : Galga\/podenca Sexe :\u00a0 femelle Age : 10 mois Sant\u00e9\u00a0 : St\u00e9rilis\u00e9e\u00a0 , vaccin\u00e9e, identifi\u00e9e et test\u00e9e aux 3 MM Situation : En accueil en France Test chat \u00e0 pr\u00e9voir &nbsp; Mise \u00e0 jour Shiva vient d&rsquo;\u00eatre adopter mais ces peurs ne conviennent pas \u00e0 la famille. C&rsquo;est une petite chienne pour qui il [&hellip;]<\/p>\n","protected":false},"author":1,"featured_media":0,"comment_status":"open","ping_status":"open","sticky":false,"template":"","format":"standard","meta":{"footnotes":""},"categories":[23,5,13,4],"tags":[],"class_list":["post-57976","post","type-post","status-publish","format-standard","hentry","category-3-maladies-mediterraneennes","category-galgos","category-ok-chiens","category-urgences"],"aioseo_notices":[],"_links":{"self":[{"href":"https:\/\/www.levriers-du-sud.org\/site\/wp-json\/wp\/v2\/posts\/57976","targetHints":{"allow":["GET"]}}],"collection":[{"href":"https:\/\/www.levriers-du-sud.org\/site\/wp-json\/wp\/v2\/posts"}],"about":[{"href":"https:\/\/www.levriers-du-sud.org\/site\/wp-json\/wp\/v2\/types\/post"}],"author":[{"embeddable":true,"href":"https:\/\/www.levriers-du-sud.org\/site\/wp-json\/wp\/v2\/users\/1"}],"replies":[{"embeddable":true,"href":"https:\/\/www.levriers-du-sud.org\/site\/wp-json\/wp\/v2\/comments?post=57976"}],"version-history":[{"count":1,"href":"https:\/\/www.levriers-du-sud.org\/site\/wp-json\/wp\/v2\/posts\/57976\/revisions"}],"predecessor-version":[{"id":57982,"href":"https:\/\/www.levriers-du-sud.org\/site\/wp-json\/wp\/v2\/posts\/57976\/revisions\/57982"}],"wp:attachment":[{"href":"https:\/\/www.levriers-du-sud.org\/site\/wp-json\/wp\/v2\/media?parent=57976"}],"wp:term":[{"taxonomy":"category","embeddable":true,"href":"https:\/\/www.levriers-du-sud.org\/site\/wp-json\/wp\/v2\/categories?post=57976"},{"taxonomy":"post_tag","embeddable":true,"href":"https:\/\/www.levriers-du-sud.org\/site\/wp-json\/wp\/v2\/tags?post=57976"}],"curies":[{"name":"wp","href":"https:\/\/api.w.org\/{rel}","templated":true}]}}